{"id":627854,"date":"2025-12-06T15:37:16","date_gmt":"2025-12-06T15:37:16","guid":{"rendered":"https:\/\/www.europesays.com\/de\/627854\/"},"modified":"2025-12-06T15:37:16","modified_gmt":"2025-12-06T15:37:16","slug":"berlin-brandenburg-laermbeschwerde-endet-mit-sek-einsatz","status":"publish","type":"post","link":"https:\/\/www.europesays.com\/de\/627854\/","title":{"rendered":"Berlin &#038; Brandenburg: L\u00e4rmbeschwerde endet mit SEK-Einsatz"},"content":{"rendered":"<p>Berlin &amp; BrandenburgL\u00e4rmbeschwerde endet mit SEK-Einsatz<img decoding=\"async\" class=\"Image_img__fQCi0 Image_Img_16_9__4BLfH\" loading=\"eager\" fetchpriority=\"high\" src=\"https:\/\/www.europesays.com\/de\/wp-content\/uploads\/2025\/12\/Polizisten-sahen-den-Mann-mit-einer-Waffe-am-Fenster.webp.webp\" alt=\"Polizisten-sahen-den-Mann-mit-einer-Waffe-am-Fenster\"\/>TeilenFolgen auf:<a href=\"https:\/\/www.whatsapp.com\/channel\/0029Va5cdVJD8SDp5YZgYF01\" title=\"Auf WhatsApp folgen\" target=\"_blank\" rel=\"noopener\"><img decoding=\"async\" src=\"https:\/\/www.n-tv.de\/socialIcons\/whatsapp.svg\" alt=\"whatsapp\" class=\"ArticleShare_icon__FsrC2\"\/><\/a><a href=\"https:\/\/news.google.com\/publications\/CAAiEPMdif5mpRNxiLOeUpHCwwsqFAgKIhDzHYn-ZqUTcYiznlKRwsML?hl=de&amp;gl=DE&amp;ceid=DE%3Ade\" title=\"Auf Google News folgen\" target=\"_blank\" rel=\"noopener\"><img decoding=\"async\" src=\"https:\/\/www.n-tv.de\/socialIcons\/google.svg\" alt=\"whatsapp\" class=\"ArticleShare_icon__FsrC2\"\/><\/a><\/p>\n<p class=\"Typography_text-m__XI0da Typography_weight-bold__uT6mq storyline_lead_text_leadtext__q_wg8\">Ein 43-J\u00e4hriger spielt mitten in der Nacht laute Musik in seiner Wohnung in Berlin-Steglitz, die Polizei r\u00fcckt an. Dann sehen die Beamten den Mann mit einer Waffe am Fenster.<\/p>\n<p class=\"Typography_text-default__P3otY Typography_weight-normal__pqUbH storyline_paragraph_p__qSR5N\">Berlin (dpa\/bb) &#8211; Ein Anruf wegen zu lauter Musik ist in Berlin-Steglitz in einem SEK-Einsatz geendet. Polizisten, die in der Nacht zum Samstag wegen des L\u00e4rms zur Wohnung eines 43-J\u00e4hrigen gerufen wurden, sahen diesen dort mit einer Waffe am Fenster, wie die Polizei Berlin mitteilte. Das Spezialeinsatzkommando r\u00fcckte demnach an und drang in die Wohnung ein. Der 43-J\u00e4hrige wurde vor\u00fcbergehend festgenommen und kam sp\u00e4ter wieder auf freien Fu\u00df, wie es hie\u00df.<\/p>\n<p class=\"Typography_text-default__P3otY Typography_weight-normal__pqUbH storyline_paragraph_p__qSR5N\">In der Wohnung fanden die Beamten einen Schreckschussrevolver. Au\u00dferdem f\u00fchrten sie den Angaben zufolge einen Atemalkoholtest bei dem Mann durch, der einen Wert von knapp zwei Promille ergab.<\/p>\n<p class=\"Typography_text-s__wu_cm Typography_weight-normal__pqUbH Typography_color-darkgrey__sZEnP article-detail-footer_source__KslPc\">Quelle: dpa<\/p>\n","protected":false},"excerpt":{"rendered":"Berlin &amp; BrandenburgL\u00e4rmbeschwerde endet mit SEK-EinsatzTeilenFolgen auf: Ein 43-J\u00e4hriger spielt mitten in der Nacht laute Musik in seiner&hellip;\n","protected":false},"author":2,"featured_media":627855,"comment_status":"","ping_status":"","sticky":false,"template":"","format":"standard","meta":{"footnotes":""},"categories":[1816],"tags":[1960,1958,1959,1957,1956,1890,29,30],"class_list":{"0":"post-627854","1":"post","2":"type-post","3":"status-publish","4":"format-standard","5":"has-post-thumbnail","7":"category-brandenburg","8":"tag-aktuelle-nachrichten-aus-berlin-und-brandenburg","9":"tag-aktuelle-nachrichten-aus-brandenburg","10":"tag-aktuelle-news-aus-berlin-und-brandenburg","11":"tag-aktuelle-news-aus-brandenburg","12":"tag-berlin-und-brandenburg","13":"tag-brandenburg","14":"tag-deutschland","15":"tag-germany"},"share_on_mastodon":{"url":"https:\/\/pubeurope.com\/@de\/115673370673308277","error":""},"_links":{"self":[{"href":"https:\/\/www.europesays.com\/de\/wp-json\/wp\/v2\/posts\/627854","targetHints":{"allow":["GET"]}}],"collection":[{"href":"https:\/\/www.europesays.com\/de\/wp-json\/wp\/v2\/posts"}],"about":[{"href":"https:\/\/www.europesays.com\/de\/wp-json\/wp\/v2\/types\/post"}],"author":[{"embeddable":true,"href":"https:\/\/www.europesays.com\/de\/wp-json\/wp\/v2\/users\/2"}],"replies":[{"embeddable":true,"href":"https:\/\/www.europesays.com\/de\/wp-json\/wp\/v2\/comments?post=627854"}],"version-history":[{"count":0,"href":"https:\/\/www.europesays.com\/de\/wp-json\/wp\/v2\/posts\/627854\/revisions"}],"wp:featuredmedia":[{"embeddable":true,"href":"https:\/\/www.europesays.com\/de\/wp-json\/wp\/v2\/media\/627855"}],"wp:attachment":[{"href":"https:\/\/www.europesays.com\/de\/wp-json\/wp\/v2\/media?parent=627854"}],"wp:term":[{"taxonomy":"category","embeddable":true,"href":"https:\/\/www.europesays.com\/de\/wp-json\/wp\/v2\/categories?post=627854"},{"taxonomy":"post_tag","embeddable":true,"href":"https:\/\/www.europesays.com\/de\/wp-json\/wp\/v2\/tags?post=627854"}],"curies":[{"name":"wp","href":"https:\/\/api.w.org\/{rel}","templated":true}]}}