{"id":627960,"date":"2025-12-06T16:41:43","date_gmt":"2025-12-06T16:41:43","guid":{"rendered":"https:\/\/www.europesays.com\/de\/627960\/"},"modified":"2025-12-06T16:41:43","modified_gmt":"2025-12-06T16:41:43","slug":"rechts-gegen-links-anklage-wegen-gefaehrlicher-koerperverletzung","status":"publish","type":"post","link":"https:\/\/www.europesays.com\/de\/627960\/","title":{"rendered":"Rechts gegen links? Anklage wegen gef\u00e4hrlicher K\u00f6rperverletzung"},"content":{"rendered":"<p class=\"text\">\nDie Staatsanwaltschaft Dresden hat Anklage gegen zwei M\u00e4nner im Alter von 36 und 41 Jahren erhoben. Sie wirft ihnen unter anderem gef\u00e4hrliche K\u00f6rperverletzung vor. Wie die Beh\u00f6rde am Freitag mitteilte, sind beide nach derzeitigem Ermittlungsstand Anh\u00e4nger der rechten Szene. Sie sollen im Juli dieses Jahres in Dresden einen Mann attackiert haben, der aufgrund seines \u00c4u\u00dferen als linksorientiert gedeutet worden gewesen sei.\n<\/p>\n<p>Mit Bierflasche ins Gesicht geschlagen<\/p>\n<p class=\"text\">\nLaut Anklage rissen die Angreifer Aufn\u00e4her von der Jacke des 19-J\u00e4hrigen ab. Danach soll der 36-J\u00e4hrige ihn mit einer Bierflasche bewusstlos geschlagen und weiter auf ihn eingepr\u00fcgelt haben. Der 41-J\u00e4hrige hielt der Staatsanwaltschaft zufolge Zeugen auf Abstand und drohte, einen Hund auf sie zu hetzen. Das Opfer erlitt unter anderem Schnittverletzungen im Gesicht, verlor mehrere Z\u00e4hne und war monatelang arbeitsunf\u00e4hig.\n<\/p>\n<p>Nicht die erste Straftat<\/p>\n<p class=\"text\">\nDer \u00e4ltere der mutma\u00dflichen T\u00e4ter wurde noch in Tatortn\u00e4he gefasst, sein Komplize einen Monat sp\u00e4ter an seinem Wohnort in Zwickau festgenommen. Beide sind den Angaben zufolge einschl\u00e4gig vorbestraft und standen zum Tatzeitpunkt unter Bew\u00e4hrung. Aktuell sitzt der 41-J\u00e4hrige eine Gef\u00e4ngnisstrafe ab, der 36-J\u00e4hrige befindet sich in Untersuchungshaft. Das Landgericht Dresden muss nun entscheiden, ob und wann der Prozess gegen sie stattfindet.<\/p>\n","protected":false},"excerpt":{"rendered":"Die Staatsanwaltschaft Dresden hat Anklage gegen zwei M\u00e4nner im Alter von 36 und 41 Jahren erhoben. Sie wirft&hellip;\n","protected":false},"author":2,"featured_media":627961,"comment_status":"","ping_status":"","sticky":false,"template":"","format":"standard","meta":{"footnotes":""},"categories":[1835],"tags":[2140,3110,3364,29,2386,30,81,14,148528,859,148529],"class_list":{"0":"post-627960","1":"post","2":"type-post","3":"status-publish","4":"format-standard","5":"has-post-thumbnail","7":"category-dresden","8":"tag-angriff","9":"tag-attacke","10":"tag-de","11":"tag-deutschland","12":"tag-dresden","13":"tag-germany","14":"tag-mdr","15":"tag-nachrichten","16":"tag-rechte-szene","17":"tag-sachsen","18":"tag-staatsanwaltschaft-landgericht"},"share_on_mastodon":{"url":"https:\/\/pubeurope.com\/@de\/115673621052304757","error":""},"_links":{"self":[{"href":"https:\/\/www.europesays.com\/de\/wp-json\/wp\/v2\/posts\/627960","targetHints":{"allow":["GET"]}}],"collection":[{"href":"https:\/\/www.europesays.com\/de\/wp-json\/wp\/v2\/posts"}],"about":[{"href":"https:\/\/www.europesays.com\/de\/wp-json\/wp\/v2\/types\/post"}],"author":[{"embeddable":true,"href":"https:\/\/www.europesays.com\/de\/wp-json\/wp\/v2\/users\/2"}],"replies":[{"embeddable":true,"href":"https:\/\/www.europesays.com\/de\/wp-json\/wp\/v2\/comments?post=627960"}],"version-history":[{"count":0,"href":"https:\/\/www.europesays.com\/de\/wp-json\/wp\/v2\/posts\/627960\/revisions"}],"wp:featuredmedia":[{"embeddable":true,"href":"https:\/\/www.europesays.com\/de\/wp-json\/wp\/v2\/media\/627961"}],"wp:attachment":[{"href":"https:\/\/www.europesays.com\/de\/wp-json\/wp\/v2\/media?parent=627960"}],"wp:term":[{"taxonomy":"category","embeddable":true,"href":"https:\/\/www.europesays.com\/de\/wp-json\/wp\/v2\/categories?post=627960"},{"taxonomy":"post_tag","embeddable":true,"href":"https:\/\/www.europesays.com\/de\/wp-json\/wp\/v2\/tags?post=627960"}],"curies":[{"name":"wp","href":"https:\/\/api.w.org\/{rel}","templated":true}]}}