{"id":628190,"date":"2025-12-06T19:03:21","date_gmt":"2025-12-06T19:03:21","guid":{"rendered":"https:\/\/www.europesays.com\/de\/628190\/"},"modified":"2025-12-06T19:03:21","modified_gmt":"2025-12-06T19:03:21","slug":"polanskis-disput-mit-mainzer-pressesprecherin-sorgt-fuer-aufsehen","status":"publish","type":"post","link":"https:\/\/www.europesays.com\/de\/628190\/","title":{"rendered":"Polanskis Disput mit Mainzer Pressesprecherin sorgt f\u00fcr Aufsehen"},"content":{"rendered":"<p class=\"text_ohne_einzug richtext text-em-55 !leading-serif mx-6 desktop:mx-0\">Eugen Polanski sch\u00fcttelte einige Mainzer H\u00e4nde am Freitagabend \u2013 auch nach dem Spiel, Kostenpflichtiger Inhalt <a href=\"https:\/\/rp-online.de\/sport\/fussball\/borussia\/gladbach-und-polanski-darum-passt-es-zwischen-trainer-und-team_aid-140254769\" target=\"_blank\" rel=\"noopener\">das Borussia 1:0 gewonnen hatte<\/a>. Der 39-J\u00e4hrige ist beim FSV schlie\u00dflich ein alter Bekannter, hatte er doch zwischen 2009 und 2013 f\u00fcr die Rheinhessen gespielt. Doch mit einer ehemaligen Mainzer Weggef\u00e4hrtin gab es f\u00fcr Polanski kein herzliches Wiedersehen.<\/p>\n<p class=\"richtext text-em-55 !leading-serif mx-6 desktop:mx-0\">Das wurde f\u00fcr die anwesenden Journalisten am sp\u00e4ten Freitagabend zun\u00e4chst sicht- und h\u00f6rbar, als Polanski mit dem Mainzer Interimstrainer Benjamin Hoffmann und der FSV-Pressesprecherin Silke Bannick den Raum zur Pressekonferenz betrat. Da beschwerte sich Gladbachs Coach \u00fcber ein respektloses Verhalten, das er auf Bannick bezog. An die hochschwangere 44-J\u00e4hrige gerichtet, fragte er laut \u201eAllgemeiner Zeitung\u201c, \u201eob das die Hormone sind oder nicht\u201c.<\/p>\n<p class=\"richtext text-em-55 !leading-serif mx-6 desktop:mx-0\">\u201eDu brauchst mich gar nicht so anzugucken\u201c, beendete Polanski den Disput dann erst wenige Sekunden vor dem Beginn der Pressekonferenz. Im PK-Stream, den Mainz sp\u00e4ter auf dem vereinseigenen Youtube-Kanal online stellte, ist dieser Satz \u00fcber die Mikrofone deutlich zu vernehmen.<\/p>\n<p>Meinungsverschiedenheit \u00fcber den Sieg-Jubel Polanskis      <\/p>\n<p class=\"richtext text-em-55 !leading-serif mx-6 desktop:mx-0\">Gegen\u00fcber der \u201eBild\u201c \u00e4u\u00dferte sich Polanski zu dem Vorfall: \u201eIch fand es respektlos, dass sie mir den Handschlag verweigert hat, das habe ich ihr auch gesagt. Dann wollte sie mir erz\u00e4hlen, dass sie die H\u00e4nde voll hatte \u2013 darauf habe ich ihr gesagt, dass sie erst respektlos war und dann auch noch l\u00fcgt. Aber ich bin da ganz entspannt, das wird schon wieder.\u201c<\/p>\n<p class=\"richtext text-em-55 !leading-serif mx-6 desktop:mx-0\">Silke Bannick hatte direkt nach der Pressekonferenz beschwichtigt und gegen\u00fcber der \u201eAllgemeinen Zeitung\u201c gesagt, man kenne sich schon lange und er werde die S\u00e4tze am n\u00e4chsten Morgen wohl schon bedauern. Laut der \u201eAZ\u201c widersprachen die Mainzer der Schilderung Polanskis bez\u00fcglich eines verweigerten Handschlags. Es habe eine Meinungsverschiedenheit gegeben, ob der Jubel des Ex-Mainzers \u00fcber den Sieg auf dem Platz angemessen gewesen w\u00e4re.<\/p>\n<p class=\"richtext text-em-55 !leading-serif mx-6 desktop:mx-0\">So endete die R\u00fcckkehr Polanskis an die alte Wirkungsst\u00e4tte unsch\u00f6n, der Freude der Gladbacher \u00fcber den wichtigen Ausw\u00e4rtssieg tat das keinen Abbruch. 15 Punkte sammelte Borussia in den zehn Spielen unter Polanskis Leitung, womit sich der Klub vom Tabellenende ins Mittelfeld des Klassements abgesetzt hat.<\/p>\n","protected":false},"excerpt":{"rendered":"Eugen Polanski sch\u00fcttelte einige Mainzer H\u00e4nde am Freitagabend \u2013 auch nach dem Spiel, Kostenpflichtiger Inhalt das Borussia 1:0&hellip;\n","protected":false},"author":2,"featured_media":628191,"comment_status":"","ping_status":"","sticky":false,"template":"","format":"standard","meta":{"footnotes":""},"categories":[1849],"tags":[148560,9835,3364,29,548,7770,663,3934,24038,30,101782,13,127705,4455,14,15,1209,39206,148561,12,89430],"class_list":{"0":"post-628190","1":"post","2":"type-post","3":"status-publish","4":"format-standard","5":"has-post-thumbnail","7":"category-moenchengladbach","8":"tag-bannick","9":"tag-borussia","10":"tag-de","11":"tag-deutschland","12":"tag-eu","13":"tag-eugen-polanski","14":"tag-europa","15":"tag-europe","16":"tag-fsv","17":"tag-germany","18":"tag-haende","19":"tag-headlines","20":"tag-mainzer","21":"tag-moenchengladbach","22":"tag-nachrichten","23":"tag-news","24":"tag-nordrhein-westfalen","25":"tag-pressekonferenz","26":"tag-respektlos","27":"tag-schlagzeilen","28":"tag-silke"},"share_on_mastodon":{"url":"https:\/\/pubeurope.com\/@de\/115674179361896524","error":""},"_links":{"self":[{"href":"https:\/\/www.europesays.com\/de\/wp-json\/wp\/v2\/posts\/628190","targetHints":{"allow":["GET"]}}],"collection":[{"href":"https:\/\/www.europesays.com\/de\/wp-json\/wp\/v2\/posts"}],"about":[{"href":"https:\/\/www.europesays.com\/de\/wp-json\/wp\/v2\/types\/post"}],"author":[{"embeddable":true,"href":"https:\/\/www.europesays.com\/de\/wp-json\/wp\/v2\/users\/2"}],"replies":[{"embeddable":true,"href":"https:\/\/www.europesays.com\/de\/wp-json\/wp\/v2\/comments?post=628190"}],"version-history":[{"count":0,"href":"https:\/\/www.europesays.com\/de\/wp-json\/wp\/v2\/posts\/628190\/revisions"}],"wp:featuredmedia":[{"embeddable":true,"href":"https:\/\/www.europesays.com\/de\/wp-json\/wp\/v2\/media\/628191"}],"wp:attachment":[{"href":"https:\/\/www.europesays.com\/de\/wp-json\/wp\/v2\/media?parent=628190"}],"wp:term":[{"taxonomy":"category","embeddable":true,"href":"https:\/\/www.europesays.com\/de\/wp-json\/wp\/v2\/categories?post=628190"},{"taxonomy":"post_tag","embeddable":true,"href":"https:\/\/www.europesays.com\/de\/wp-json\/wp\/v2\/tags?post=628190"}],"curies":[{"name":"wp","href":"https:\/\/api.w.org\/{rel}","templated":true}]}}