{"id":628585,"date":"2025-12-06T23:14:14","date_gmt":"2025-12-06T23:14:14","guid":{"rendered":"https:\/\/www.europesays.com\/de\/628585\/"},"modified":"2025-12-06T23:14:14","modified_gmt":"2025-12-06T23:14:14","slug":"teuerung-in-brandenburg-unveraendert-stadtportal-fuer-rathenow-havelland","status":"publish","type":"post","link":"https:\/\/www.europesays.com\/de\/628585\/","title":{"rendered":"Teuerung in Brandenburg unver\u00e4ndert &#8211; Stadtportal f\u00fcr Rathenow \/ Havelland"},"content":{"rendered":"<p><img loading=\"lazy\" decoding=\"async\" src=\"https:\/\/www.europesays.com\/de\/wp-content\/uploads\/2025\/05\/Fotolia_176861185_XS.jpg\" width=\"425\" height=\"283\" alt=\"\"\/><\/p>\n<p>Im November 2025 erh\u00f6hten sich die Verbraucherpreise im Vergleich zum November 2024 in Brandenburg um 2,6 % und blieben damit unver\u00e4ndert. Getrieben wurde die Teuerung vor allem von steigenden Preisen f\u00fcr Dienstleistungen. Sie erh\u00f6hten sich in Brandenburg mit 4,4 % \u00fcberdurchschnittlich.<\/p>\n<p>Die Preisentwicklung bei Energie und Nahrungsmitteln konnte die Teuerung insgesamt im November 2025 d\u00e4mpfen. Energie kostete in Brandenburg 2,2 % weniger als im November 2024.\u00a0<\/p>\n<p>Die Preise f\u00fcr Nahrungsmittel stiegen in Brandenburg im Vorjahresvergleich moderat um 0,8 %.<\/p>\n<p>Ohne Nahrungsmittel und Energie lag die Teuerung im Vergleich zum Vorjahresmonat bei 3,4 %.<\/p>\n<p>Gegen\u00fcber dem Vormonat Oktober 2025 gingen die Preise um 0,2 % zur\u00fcck.<\/p>\n<p>Quelle:\u00a0Amt f\u00fcr Statistik Berlin-Brandenburg<\/p>\n","protected":false},"excerpt":{"rendered":"Im November 2025 erh\u00f6hten sich die Verbraucherpreise im Vergleich zum November 2024 in Brandenburg um 2,6 % und&hellip;\n","protected":false},"author":2,"featured_media":74524,"comment_status":"","ping_status":"","sticky":false,"template":"","format":"standard","meta":{"footnotes":"","_share_on_mastodon":"0"},"categories":[1816],"tags":[1960,1958,1959,1957,1956,1890,29,8409,24916,30,24915,24917,24912,14,15,14773,24914,6431,24913],"class_list":["post-628585","post","type-post","status-publish","format-standard","has-post-thumbnail","category-brandenburg","tag-aktuelle-nachrichten-aus-berlin-und-brandenburg","tag-aktuelle-nachrichten-aus-brandenburg","tag-aktuelle-news-aus-berlin-und-brandenburg","tag-aktuelle-news-aus-brandenburg","tag-berlin-und-brandenburg","tag-brandenburg","tag-deutschland","tag-fahrradtour","tag-ferienhaus","tag-germany","tag-havel","tag-havel-radweg","tag-havelland","tag-nachrichten","tag-news","tag-optik","tag-optikstadt","tag-rathenow","tag-westhavelland"],"share_on_mastodon":{"url":"https:\/\/pubeurope.com\/@de\/115675166420236508","error":""},"_links":{"self":[{"href":"https:\/\/www.europesays.com\/de\/wp-json\/wp\/v2\/posts\/628585","targetHints":{"allow":["GET"]}}],"collection":[{"href":"https:\/\/www.europesays.com\/de\/wp-json\/wp\/v2\/posts"}],"about":[{"href":"https:\/\/www.europesays.com\/de\/wp-json\/wp\/v2\/types\/post"}],"author":[{"embeddable":true,"href":"https:\/\/www.europesays.com\/de\/wp-json\/wp\/v2\/users\/2"}],"replies":[{"embeddable":true,"href":"https:\/\/www.europesays.com\/de\/wp-json\/wp\/v2\/comments?post=628585"}],"version-history":[{"count":0,"href":"https:\/\/www.europesays.com\/de\/wp-json\/wp\/v2\/posts\/628585\/revisions"}],"wp:featuredmedia":[{"embeddable":true,"href":"https:\/\/www.europesays.com\/de\/wp-json\/wp\/v2\/media\/74524"}],"wp:attachment":[{"href":"https:\/\/www.europesays.com\/de\/wp-json\/wp\/v2\/media?parent=628585"}],"wp:term":[{"taxonomy":"category","embeddable":true,"href":"https:\/\/www.europesays.com\/de\/wp-json\/wp\/v2\/categories?post=628585"},{"taxonomy":"post_tag","embeddable":true,"href":"https:\/\/www.europesays.com\/de\/wp-json\/wp\/v2\/tags?post=628585"}],"curies":[{"name":"wp","href":"https:\/\/api.w.org\/{rel}","templated":true}]}}