{"id":628760,"date":"2025-12-07T01:08:16","date_gmt":"2025-12-07T01:08:16","guid":{"rendered":"https:\/\/www.europesays.com\/de\/628760\/"},"modified":"2025-12-07T01:08:16","modified_gmt":"2025-12-07T01:08:16","slug":"us-verteidigungsminister-pete-hegseth-viel-reden-wenig-mitteilen","status":"publish","type":"post","link":"https:\/\/www.europesays.com\/de\/628760\/","title":{"rendered":"US-Verteidigungsminister Pete Hegseth: Viel reden, wenig mitteilen"},"content":{"rendered":"<p class=\"p1 sm:p1-medium items-start pb-[20px]\" data-selector=\"body-paragraph\" data-external-selector=\"body-elements-paragraph\" data-v-f16c667d=\"\" data-v-439309db=\"\">Die amerikanische Regierung feiert sich als die transparenteste Regierung aller Zeiten. Als Beleg dienen ihr die regelm\u00e4\u00dfigen Pressebriefings im Wei\u00dfen Haus und Donald Trumps m\u00e4andernde Gespr\u00e4che mit Journalisten zu jeder sich bietenden Gelegenheit. Doch die j\u00fcngste Kontroverse um Verteidigungsminister <a data-rtr-index=\"1\" title=\"Pete Hegseth\" href=\"https:\/\/www.faz.net\/aktuell\/politik\/thema\/pete-hegseth\" target=\"_blank\" rel=\"noopener\">Pete Hegseth<\/a> zeigt abermals: Man kann viel reden, ohne viel mitzuteilen.<\/p>\n<p class=\"p1 sm:p1-medium items-start pb-[20px]\" data-selector=\"body-paragraph\" data-external-selector=\"body-elements-paragraph\" data-v-f16c667d=\"\" data-v-439309db=\"\">In <a data-rtr-index=\"2\" title=\"Washington\" href=\"https:\/\/www.faz.net\/aktuell\/politik\/thema\/washington\" target=\"_blank\" rel=\"noopener\">Washington<\/a> ist die Wahrheit ein biegsames Material. Der Bericht \u00fcber einen zweiten Schlag auf \u00dcberlebende eines Angriffs auf ein mutma\u00dfliches Drogenschmugglerboot war vier Tage alt, als Trump in einer Kabinettssitzung sagte, er habe noch immer wenig Informationen erhalten \u2013 vertraue Hegseth aber voll und ganz. Ein bemerkenswerter Satz, zumal auch republikanische Kongressmitglieder Aufkl\u00e4rung fordern. Es steht der Vorwurf eines Kriegsverbrechens im Raum.<\/p>\n<p class=\"p1 sm:p1-medium items-start pb-[20px]\" data-selector=\"body-paragraph\" data-external-selector=\"body-elements-paragraph\" data-v-f16c667d=\"\" data-v-439309db=\"\">In Washington kennt man viele Techniken, um von Unliebsamem abzulenken. Hegseth beherrscht sie wie kaum ein anderer. Sein Kommunikationsstil folgt einer festen Choreografie: Abwehr, Ablenkung und Gegenangriff. So auch im Fr\u00fchjahr, als er in einem Gruppenchat in der kommerziellen Messenger-App Signal Angriffspl\u00e4ne auf die Huthi im Jemen teilte \u2013 zwei Stunden vor dem Angriff, und im Beisein eines Journalisten, der versehentlich hinzugef\u00fcgt worden war.<\/p>\n<p>      <img decoding=\"async\" class=\"Sonntagszeitung\" src=\"https:\/\/www.europesays.com\/de\/wp-content\/uploads\/2025\/12\/fas_latest.jpg\"\/><\/p>\n<p>Dieser Text stammt aus der Frankfurter Allgemeinen Sonntagszeitung.<\/p>\n<p>        <a href=\"https:\/\/zeitung.faz.net\/\" class=\"Button\" target=\"_blank\" rel=\"noopener\">&#13;<br \/>\n          &#13;<br \/>\n         <\/a><\/p>\n<p class=\"p1 sm:p1-medium items-start pb-[20px]\" data-selector=\"body-paragraph\" data-external-selector=\"body-elements-paragraph\" data-v-f16c667d=\"\" data-v-439309db=\"\">Hegseth behauptete sp\u00e4ter, es seien gar keine Kriegspl\u00e4ne geteilt worden und nannte den Chefredakteur des \u201eAtlantic\u201c hinterlistig. Mehr hatte er nicht zu sagen. Das <a data-rtr-index=\"4\" title=\"Wei\u00dfes Haus\" href=\"https:\/\/www.faz.net\/aktuell\/politik\/thema\/weisses-haus\" target=\"_blank\" rel=\"noopener\">Wei\u00dfe Haus<\/a> sprach von einem demokratischen Komplott, das von Trumps gro\u00dfen Erfolgen ablenken sollte. Ein wiederkehrendes Totschlagargument. Und Hegseth kam damit durch.<\/p>\n<p>War der Admiral ein Bauernopfer?<\/p>\n<p class=\"p1 sm:p1-medium items-start pb-[20px]\" data-selector=\"body-paragraph\" data-external-selector=\"body-elements-paragraph\" data-v-f16c667d=\"\" data-v-439309db=\"\">Im Fall des Angriffs auf das Schmugglerboot dauerte es etwas l\u00e4nger, bis man sich auf eine Darstellung geeinigt hatte. Erst rief Hegseth \u201eFake News\u201c, sp\u00e4ter best\u00e4tigte das Wei\u00dfe Haus einen zweiten Angriff selbst. Es wurde nachjustiert. Nun hei\u00dft es, der Angriff sei unter dem Kommando von Admiral Frank Bradley angeordnet worden, dem Chef der amerikanischen Spezialkr\u00e4fte. Ein Bauernopfer? Selbst Fox-News-Moderator Brit Hume kommentierte Hegseths \u00fcberschw\u00e4ngliches Lob f\u00fcr den \u201eHelden\u201c Bradley mit der Bemerkung: \u201eWie ich mit dem Finger auf jemanden zeige, w\u00e4hrend ich so tue, als unterst\u00fctzte ich ihn.\u201c<\/p>\n<p><img decoding=\"async\" alt=\"Noch hat er Trumps R\u00fcckendeckung: Hegseth im Wei\u00dfen Haus\" height=\"2000\" loading=\"lazy\"   src=\"https:\/\/www.europesays.com\/de\/wp-content\/uploads\/2025\/12\/noch-hat-er-trumps.webp.webp\" width=\"3000\" class=\"sm:w-content-sm w-full\" tabindex=\"0\"\/>Noch hat er Trumps R\u00fcckendeckung: Hegseth im Wei\u00dfen HausReuters<\/p>\n<p class=\"p1 sm:p1-medium items-start pb-[20px]\" data-selector=\"body-paragraph\" data-external-selector=\"body-elements-paragraph\" data-v-f16c667d=\"\" data-v-439309db=\"\">Hegseth hatte ein Video des ersten Angriffs auf X hochgeladen und in einem Interview noch von den Live-Bildern geschw\u00e4rmt. Nun will er den Raum nach diesem ersten Schlag verlassen und erst Stunden sp\u00e4ter von der zweiten Rakete erfahren haben. \u00dcberlebende habe er auch keine gesehen; \u201edas Ding\u201c habe schlie\u00dflich in Flammen gestanden.<\/p>\n<p class=\"p1 sm:p1-medium items-start pb-[20px]\" data-selector=\"body-paragraph\" data-external-selector=\"body-elements-paragraph\" data-v-f16c667d=\"\" data-v-439309db=\"\">Die amerikanische Regierung betreibt ein Krisentheater mit grellen Scheinwerfern. Dahinter bleibt vieles im Dunklen. Als der unabh\u00e4ngige Kontrolleur des Pentagon mit Hegseth \u00fcber den Signal-Chat sprechen wollte, erhielt er nur eine kurze schriftliche Stellungnahme. Und in dem Briefing \u00fcber die Operation gegen das Schmugglerboot in der Karibik stand am Donnerstag Admiral Bradley im Kongress Rede und Antwort. Nicht der Verteidigungsminister.<\/p>\n","protected":false},"excerpt":{"rendered":"Die amerikanische Regierung feiert sich als die transparenteste Regierung aller Zeiten. Als Beleg dienen ihr die regelm\u00e4\u00dfigen Pressebriefings&hellip;\n","protected":false},"author":2,"featured_media":628761,"comment_status":"","ping_status":"","sticky":false,"template":"","format":"standard","meta":{"footnotes":""},"categories":[3],"tags":[13,14,15,12,10,8,9,11,103,104],"class_list":{"0":"post-628760","1":"post","2":"type-post","3":"status-publish","4":"format-standard","5":"has-post-thumbnail","7":"category-welt","8":"tag-headlines","9":"tag-nachrichten","10":"tag-news","11":"tag-schlagzeilen","12":"tag-top-news","13":"tag-top-meldungen","14":"tag-topmeldungen","15":"tag-topnews","16":"tag-welt","17":"tag-world"},"share_on_mastodon":{"url":"https:\/\/pubeurope.com\/@de\/115675615737804758","error":""},"_links":{"self":[{"href":"https:\/\/www.europesays.com\/de\/wp-json\/wp\/v2\/posts\/628760","targetHints":{"allow":["GET"]}}],"collection":[{"href":"https:\/\/www.europesays.com\/de\/wp-json\/wp\/v2\/posts"}],"about":[{"href":"https:\/\/www.europesays.com\/de\/wp-json\/wp\/v2\/types\/post"}],"author":[{"embeddable":true,"href":"https:\/\/www.europesays.com\/de\/wp-json\/wp\/v2\/users\/2"}],"replies":[{"embeddable":true,"href":"https:\/\/www.europesays.com\/de\/wp-json\/wp\/v2\/comments?post=628760"}],"version-history":[{"count":0,"href":"https:\/\/www.europesays.com\/de\/wp-json\/wp\/v2\/posts\/628760\/revisions"}],"wp:featuredmedia":[{"embeddable":true,"href":"https:\/\/www.europesays.com\/de\/wp-json\/wp\/v2\/media\/628761"}],"wp:attachment":[{"href":"https:\/\/www.europesays.com\/de\/wp-json\/wp\/v2\/media?parent=628760"}],"wp:term":[{"taxonomy":"category","embeddable":true,"href":"https:\/\/www.europesays.com\/de\/wp-json\/wp\/v2\/categories?post=628760"},{"taxonomy":"post_tag","embeddable":true,"href":"https:\/\/www.europesays.com\/de\/wp-json\/wp\/v2\/tags?post=628760"}],"curies":[{"name":"wp","href":"https:\/\/api.w.org\/{rel}","templated":true}]}}