{"id":628770,"date":"2025-12-07T01:13:19","date_gmt":"2025-12-07T01:13:19","guid":{"rendered":"https:\/\/www.europesays.com\/de\/628770\/"},"modified":"2025-12-07T01:13:19","modified_gmt":"2025-12-07T01:13:19","slug":"stichwahl-in-kiel-wer-wird-neuer-oberbuergermeister","status":"publish","type":"post","link":"https:\/\/www.europesays.com\/de\/628770\/","title":{"rendered":"Stichwahl in Kiel: Wer wird neuer Oberb\u00fcrgermeister?"},"content":{"rendered":"<p>        <img decoding=\"async\" src=\"https:\/\/www.europesays.com\/de\/wp-content\/uploads\/2025\/12\/stichwahl-102.webp\" alt=\"Gerrit Derkowski (parteilos, rechts) und Samet Yilmaz (Gr\u00fcne) - die beiden Kandidaten f\u00fcr das Oberb\u00fcrgermeisteramt in Kiel.\" title=\"Gerrit Derkowski (parteilos, rechts) und Samet Yilmaz (Gr\u00fcne) - die beiden Kandidaten f\u00fcr das Oberb\u00fcrgermeisteramt in Kiel. | NDR\" class=\"responsive\"\/><\/p>\n<p>AUDIO: Oberb\u00fcrgermeisterwahl Kiel: Stichwahl am Sonntag (1 Min)<\/p>\n<p>\n            Stand: 07.12.2025 00:00 Uhr<\/p>\n<p class=\"preface\">Heute treten Gerrit Derkowski (parteilos) und Samet Yilmaz (Gr\u00fcne) in einer Stichwahl um das Amt des Oberb\u00fcrgermeisters f\u00fcr Kiel an. Sie hatten die meisten Stimmen in der Hauptwahl bekommen.<\/p>\n<p class=\"\">Wer wird Nachfolger von Oberb\u00fcrgermeister Ulf K\u00e4mpfer (SPD) und k\u00fcnftig die Geschicke der Landeshauptstadt leiten? Bereits am 16. November machten die Kielerinnen und Kieler ihr Kreuz &#8211; doch es <a href=\"https:\/\/www.ndr.de\/nachrichten\/schleswig-holstein\/ob-wahl-in-kiel-2025-derkowski-und-yilmaz-in-der-stichwahl,kiel-240.html\" title=\"OB-Wahl in Kiel 2025: Derkowski und Yilmaz in der Stichwahl\" target=\"_blank\" rel=\"noopener\">erhielt keiner der insgesamt neun Kandidatinnen und Kandidaten die absolute Mehrheit<\/a>. Somit kommt es zur Stichwahl zwischen <strong>Gerrit Derkowski<\/strong> <strong>(parteilos)<\/strong> und <strong>Samet Yilmaz (Gr\u00fcne)<\/strong>. Mit 28,7 Prozent lag der von CDU und FDP unterst\u00fctzte Derkowski bei der ersten Wahl vor dem Kandidaten der Gr\u00fcnen, der 24,8 Prozent der Stimmen bekam.<\/p>\n<p class=\"\">Die Wahllokale werden nach Angaben der Stadt <a href=\"https:\/\/www.ndr.de\/nachrichten\/schleswig-holstein\/Kiel-Aktuelle-Nachrichten-News-und-Videos,kiel7262.html\" title=\"Kiel - Aktuelle Nachrichten und Videos\" target=\"_blank\" rel=\"noopener\">Kiel<\/a> <strong>von acht Uhr bis 18 Uhr<\/strong> ge\u00f6ffnet sein. B\u00fcrgerinnen und B\u00fcrger m\u00fcssen ihren <strong>Personalausweis<\/strong> und die <strong>Wahlbenachrichtigung<\/strong> <strong>(war bereits die Benachrichtigung zur Hauptwahl)<\/strong> mitbringen.<\/p>\n<p>                    <a href=\"https:\/\/www.europesays.com\/de\/wp-content\/uploads\/2025\/12\/wahlbenachrichtigung-108.webp\" class=\"zoomimage\" title=\"Bild vergr\u00f6\u00dfern\"><\/p>\n<p>        <img decoding=\"async\" src=\"https:\/\/www.europesays.com\/de\/wp-content\/uploads\/2025\/12\/wahlbenachrichtigung-108.webp\" alt=\"Zwei Briefe mit der Aufschrift: &quot;Amtliche Wahlbenachrichtigung&quot;\" title=\"Wer heute w\u00e4hlen geht, braucht keine neue Wahlbenachrichtigung. Die Benachrichtigung zur Hauptwahl gilt auch f\u00fcr die Stichwahl. Wer die nicht mehr hat, kann auch nur mit dem Personalausweis w\u00e4hlen. | IMAGO \" class=\"responsive\" loading=\"lazy\"\/><\/p>\n<p>                    <\/a><\/p>\n<p>                    Wer heute w\u00e4hlen geht, braucht keine neue Wahlbenachrichtigung. Die Benachrichtigung zur Hauptwahl gilt auch f\u00fcr die Stichwahl. Wer die nicht mehr hat, kann auch nur mit dem Personalausweis w\u00e4hlen.<\/p>\n<p class=\"\">Vom 20. November bis zum 5. Dezember konnten die rund 190.000 wahlberechtigten Kielerinnen und Kieler per <strong>Sofortwahl im Kieler Rathaus, in Friedrichsort und in Gaarden<\/strong> abstimmen. Das machten rund 7.500 Menschen &#8211; knapp 2.000 Menschen weniger als bei der Hauptwahl, wie die Stadt Kiel mitteilte. Daf\u00fcr beantragten diesmal mehr Menschen die Briefwahl: mehr als 37.000 Kielerinnen und Kieler wollten die Stimme per Post abgeben.<\/p>\n<p>    Derkowski gegen Yilmaz: Streitthema &#8222;Stadtbahn&#8220;<\/p>\n<p class=\"\">Vor der Stichwahl sagte Gr\u00fcnen-Kandidat Yilmaz, er k\u00f6nne sofort loslegen und wolle Politik &#8222;nahbarer&#8220; machen. Der 44-J\u00e4hrige arbeitet im Innenministerium und ist zudem Co-Fraktionsvorsitzender der Gr\u00fcnen im Kieler Rathaus. Der ehemalige NDR Moderator Gerrit Derkowski setzt nach eigenen Angaben auf &#8222;frischen Wind&#8220; und einen &#8222;neuen Blick auf die Verwaltung&#8220;.<\/p>\n<p class=\"\">Inhaltlich prallen vor allem beim Thema &#8222;Stadtbahn&#8220; klare Gegens\u00e4tze aufeinander: Der 56-j\u00e4hrige Derkowski h\u00e4lt sie f\u00fcr zu teuer und will stattdessen ein Mobilit\u00e4tskonzept mit mehr Bussen und F\u00e4hrverbindungen auf den Weg bringen. Aus Sicht von Yilmaz ist die Stadtbahn dagegen ein &#8222;Gamechanger&#8220; f\u00fcr die Mobilit\u00e4t in Kiel &#8211; mit geringer finanzieller Eigenbeteiligung der Stadt.<\/p>\n<p>        <img decoding=\"async\" src=\"https:\/\/www.europesays.com\/de\/wp-content\/uploads\/2025\/12\/obwahl-kiel-122.webp\" alt=\"Eine Collage zeigt Gerrit Derkowski und Samet Yilmaz.\" title=\"Eine Collage zeigt Gerrit Derkowski und Samet Yilmaz. | Jonas Makoschey, B90\/Gr\u00fcne Kiel\" class=\"responsive\" loading=\"lazy\"\/><\/p>\n<p>Am 7. Dezember wird feststehen, wer k\u00fcnftig die Geschicke im Kieler Rathaus lenkt &#8211; Gerrit Derkowski oder Samet Yilmaz.<\/p>\n<p>Dieses Thema im Programm:<\/p>\n<p>                NDR.de | Regional-Update | 05.12.2025 | 20.30 Uhr<\/p>\n<p>        Schlagw\u00f6rter zu diesem Artikel<\/p>\n<p>            <a href=\"https:\/\/www.ndr.de\/nachrichten\/schleswig-holstein\/Kiel-Aktuelle-Nachrichten-News-und-Videos,kiel7262.html\" target=\"_blank\" rel=\"noopener\">Kiel<\/a><\/p>\n","protected":false},"excerpt":{"rendered":"AUDIO: Oberb\u00fcrgermeisterwahl Kiel: Stichwahl am Sonntag (1 Min) Stand: 07.12.2025 00:00 Uhr Heute treten Gerrit Derkowski (parteilos) und&hellip;\n","protected":false},"author":2,"featured_media":628771,"comment_status":"","ping_status":"","sticky":false,"template":"","format":"standard","meta":{"footnotes":""},"categories":[1852],"tags":[3364,29,548,663,3934,30,139448,13,4949,14,15,46027,125380,12,1971,45058],"class_list":{"0":"post-628770","1":"post","2":"type-post","3":"status-publish","4":"format-standard","5":"has-post-thumbnail","7":"category-kiel","8":"tag-de","9":"tag-deutschland","10":"tag-eu","11":"tag-europa","12":"tag-europe","13":"tag-germany","14":"tag-gerrit-derkowski","15":"tag-headlines","16":"tag-kiel","17":"tag-nachrichten","18":"tag-news","19":"tag-ob-wahl","20":"tag-samet-yilmaz","21":"tag-schlagzeilen","22":"tag-schleswig-holstein","23":"tag-stichwahl"},"share_on_mastodon":{"url":"https:\/\/pubeurope.com\/@de\/115675636070955468","error":""},"_links":{"self":[{"href":"https:\/\/www.europesays.com\/de\/wp-json\/wp\/v2\/posts\/628770","targetHints":{"allow":["GET"]}}],"collection":[{"href":"https:\/\/www.europesays.com\/de\/wp-json\/wp\/v2\/posts"}],"about":[{"href":"https:\/\/www.europesays.com\/de\/wp-json\/wp\/v2\/types\/post"}],"author":[{"embeddable":true,"href":"https:\/\/www.europesays.com\/de\/wp-json\/wp\/v2\/users\/2"}],"replies":[{"embeddable":true,"href":"https:\/\/www.europesays.com\/de\/wp-json\/wp\/v2\/comments?post=628770"}],"version-history":[{"count":0,"href":"https:\/\/www.europesays.com\/de\/wp-json\/wp\/v2\/posts\/628770\/revisions"}],"wp:featuredmedia":[{"embeddable":true,"href":"https:\/\/www.europesays.com\/de\/wp-json\/wp\/v2\/media\/628771"}],"wp:attachment":[{"href":"https:\/\/www.europesays.com\/de\/wp-json\/wp\/v2\/media?parent=628770"}],"wp:term":[{"taxonomy":"category","embeddable":true,"href":"https:\/\/www.europesays.com\/de\/wp-json\/wp\/v2\/categories?post=628770"},{"taxonomy":"post_tag","embeddable":true,"href":"https:\/\/www.europesays.com\/de\/wp-json\/wp\/v2\/tags?post=628770"}],"curies":[{"name":"wp","href":"https:\/\/api.w.org\/{rel}","templated":true}]}}