{"id":629041,"date":"2025-12-07T04:01:24","date_gmt":"2025-12-07T04:01:24","guid":{"rendered":"https:\/\/www.europesays.com\/de\/629041\/"},"modified":"2025-12-07T04:01:24","modified_gmt":"2025-12-07T04:01:24","slug":"sanfte-koerperliche-aktivitaet-kann-bei-insomnie-helfen","status":"publish","type":"post","link":"https:\/\/www.europesays.com\/de\/629041\/","title":{"rendered":"Sanfte k\u00f6rperliche Aktivit\u00e4t kann bei Insomnie helfen"},"content":{"rendered":"<p>Viele Patientinnen und Patienten, die an Schlaflosigkeit leiden, w\u00fcnschen sich Alternativen zu Medikamenten oder langwieriger Verhaltenstherapie. In einer Metaanalyse wurden die Effekte von 13 verschiedenen Interventionen verglichen, darunter Akupunktur, Ayurveda, Schlafhygiene und sieben Bewegungsformen. Die Auswertung erstreckte sich \u00fcber 22 randomisierte kontrollierte Studien mit insgesamt 1.348 Teilnehmenden.<\/p>\n<p>Die besten <strong>Ergebnisse<\/strong> wurden mit Yoga, Tai-Chi, Walkingund Joggen erreicht. Yoga kombiniert K\u00f6rper\u00fcbungen, Atemtechniken und Achtsamkeitstraining. Diese <strong>\u00dcbungsform<\/strong> f\u00fchrte zu einer <strong>Verl\u00e4ngerung<\/strong> der Gesamtschlafzeit um fast zwei Stunden, auch die Schlafeffizienz verbesserte sich. Tai-Chi mit seinen langsamen Bewegungsabl\u00e4ufen zielt u. a. auf <strong>Atemkontrolle<\/strong> und Entspannung ab. Praktizierende verbesserten ihre Schlafarchitektur \u2013 beurteilt anhand der <strong>Eigenangaben<\/strong> im PSQI*-Fragebogen. Der Effekt hielt \u00fcber zwei Jahre an. Au\u00dferdem wachten sie seltener in der Nacht auf und schlummerten insgesamt l\u00e4nger. <strong>Ausdauertraining<\/strong> wie Walking und <strong>Joggen<\/strong> senkte besonders deutlich den Score im Insomnia Severity Index.<\/p>\n<p>All diese <strong>Effekte<\/strong> sind wahrscheinlich auf neurophysiologische Anpassungen zur\u00fcckzuf\u00fchren. So steigert Yoga z. B. die GABAerge Aktivit\u00e4t und hemmt die <strong>\u00dcberaktivierung<\/strong> der Amygdala, wodurch Angstzust\u00e4nde und depressive Symptome gelindert werden, die h\u00e4ufig das <strong>Einschlafen<\/strong> erschweren. F\u00fcr Tai-Chi wurde gezeigt, dass es den Parasympathikus verst\u00e4rken und so die physiologische <strong>\u00dcbererregung<\/strong> mildern kann.<\/p>\n<p>Auch andere k\u00f6rperliche <strong>Aktivit\u00e4ten<\/strong> wie Aerobic und Krafttraining hatten positive Auswirkungen, allerdings weniger deutlich. Die Studie liefert Belege daf\u00fcr, dass <strong>Bewegungstherapie<\/strong> als kosteng\u00fcnstige und nebenwirkungsarme Behandlungsalternative st\u00e4rker in Leitlinien und haus\u00e4rztliche <strong>Konzepte<\/strong> integriert werden sollte, hei\u00dft es im Fazit.<\/p>\n<p class=\"small\">* Pittsburgh Sleep Quality Index<br \/>Bu ZJ et al. BMJ Evid Based Med 2025; <a href=\"https:\/\/ebm.bmj.com\/content\/early\/2025\/07\/09\/bmjebm-2024-11351\" target=\"_blank\" rel=\"noreferrer nofollow noopener\">doi: 10.1136\/bmjebm-2024-113512<\/a><\/p>\n","protected":false},"excerpt":{"rendered":"Viele Patientinnen und Patienten, die an Schlaflosigkeit leiden, w\u00fcnschen sich Alternativen zu Medikamenten oder langwieriger Verhaltenstherapie. In einer&hellip;\n","protected":false},"author":2,"featured_media":629042,"comment_status":"","ping_status":"","sticky":false,"template":"","format":"standard","meta":{"footnotes":""},"categories":[137],"tags":[29,30,141,232],"class_list":{"0":"post-629041","1":"post","2":"type-post","3":"status-publish","4":"format-standard","5":"has-post-thumbnail","7":"category-gesundheit","8":"tag-deutschland","9":"tag-germany","10":"tag-gesundheit","11":"tag-health"},"share_on_mastodon":{"url":"https:\/\/pubeurope.com\/@de\/115676294934996371","error":""},"_links":{"self":[{"href":"https:\/\/www.europesays.com\/de\/wp-json\/wp\/v2\/posts\/629041","targetHints":{"allow":["GET"]}}],"collection":[{"href":"https:\/\/www.europesays.com\/de\/wp-json\/wp\/v2\/posts"}],"about":[{"href":"https:\/\/www.europesays.com\/de\/wp-json\/wp\/v2\/types\/post"}],"author":[{"embeddable":true,"href":"https:\/\/www.europesays.com\/de\/wp-json\/wp\/v2\/users\/2"}],"replies":[{"embeddable":true,"href":"https:\/\/www.europesays.com\/de\/wp-json\/wp\/v2\/comments?post=629041"}],"version-history":[{"count":0,"href":"https:\/\/www.europesays.com\/de\/wp-json\/wp\/v2\/posts\/629041\/revisions"}],"wp:featuredmedia":[{"embeddable":true,"href":"https:\/\/www.europesays.com\/de\/wp-json\/wp\/v2\/media\/629042"}],"wp:attachment":[{"href":"https:\/\/www.europesays.com\/de\/wp-json\/wp\/v2\/media?parent=629041"}],"wp:term":[{"taxonomy":"category","embeddable":true,"href":"https:\/\/www.europesays.com\/de\/wp-json\/wp\/v2\/categories?post=629041"},{"taxonomy":"post_tag","embeddable":true,"href":"https:\/\/www.europesays.com\/de\/wp-json\/wp\/v2\/tags?post=629041"}],"curies":[{"name":"wp","href":"https:\/\/api.w.org\/{rel}","templated":true}]}}