{"id":629177,"date":"2025-12-07T05:40:40","date_gmt":"2025-12-07T05:40:40","guid":{"rendered":"https:\/\/www.europesays.com\/de\/629177\/"},"modified":"2025-12-07T05:40:40","modified_gmt":"2025-12-07T05:40:40","slug":"bei-amazon-prime-versteckt-sich-ein-horror-tipp-nach-dem-ihr-vampire-mit-voellig-anderen-augen-sehen-werdet","status":"publish","type":"post","link":"https:\/\/www.europesays.com\/de\/629177\/","title":{"rendered":"Bei Amazon Prime versteckt sich ein Horror-Tipp, nach dem ihr Vampire mit v\u00f6llig anderen Augen sehen werdet"},"content":{"rendered":"<p>Es ist immer wieder erstaunlich zu sehen, wie oft sich klassische Horror-Monster neu erfinden lassen. Der Unterschied, den eine neue Erz\u00e4hlperspektive oder ein neues Setting mit sich bringen, ist manchmal viel signifikanter als erwartet. Und so \u00fcberdauern alte Legenden und l\u00e4ngst klischee-gef\u00e4hrdete Wesen die Jahrhunderte und erschrecken uns immer wieder anders. <\/p>\n<p>Ebendieses Prinzip macht sich der schwedische Vampir-Neuansatz <a data-ga-on=\"click,auxclick,contextmenu\" data-ga-event-category=\"Article\" data-ga-event-action=\"Internal Link Text\" data-ga-event-label=\"Click\" title=\"So finster die Nacht\" href=\"https:\/\/www.moviepilot.de\/movies\/so-finster-die-nacht\" class=\"sc-6a922024-0 dZMhco mp_article_parsed_internal_link\" target=\"_blank\" rel=\"noopener\">So finster die Nacht<\/a> zunutze. Er verankert uns fest in der allt\u00e4glichen Realit\u00e4t, um uns dann <b>den Boden unter den F\u00fc\u00dfen wegzuziehen <\/b>und unseren Blick auf Vampirgeschichten nachhaltig zu ver\u00e4ndern. Wer das noch nicht erlebt hat, kann es im Streaming-Abo bei Amazon Prime nachholen. <\/p>\n<p>In So finster die Nacht entsteht eine besondere Freundschaft zwischen zwei besonderen Kindern <\/p>\n<p>Oskar (<a data-ga-on=\"click,auxclick,contextmenu\" data-ga-event-category=\"Article\" data-ga-event-action=\"Internal Link Text\" data-ga-event-label=\"Click\" title=\"K\u00e5re Hedebrant\" href=\"https:\/\/www.moviepilot.de\/people\/kre-hedebrant\" class=\"sc-6a922024-0 dZMhco mp_article_parsed_internal_link\" target=\"_blank\" rel=\"noopener\">K\u00e5re Hedebrant<\/a>) ist allein. Allein in der Schule, wo er nur gemobbt und von einer Gruppe besonders arroganter Jungs permanent in die Ecke gedr\u00e4ngt wird. Allein in seiner Wohnung, denn seine Eltern sind geschieden und keiner seiner Elternteile scheint sich wirklich daf\u00fcr zu interessieren, was in ihm vorgeht. Allein im Innenhof seines Wohnsilos, wo er ohne Freunde spielen geht. <\/p>\n<p>Doch dann zieht die gleichaltrige Eli (<a data-ga-on=\"click,auxclick,contextmenu\" data-ga-event-category=\"Article\" data-ga-event-action=\"Internal Link Text\" data-ga-event-label=\"Click\" title=\"Lina Leandersson\" href=\"https:\/\/www.moviepilot.de\/people\/lina-leandersson\" class=\"sc-6a922024-0 dZMhco mp_article_parsed_internal_link\" target=\"_blank\" rel=\"noopener\">Lina Leandersson<\/a>) mit ihrem Vater H\u00e5kan (<a data-ga-on=\"click,auxclick,contextmenu\" data-ga-event-category=\"Article\" data-ga-event-action=\"Internal Link Text\" data-ga-event-label=\"Click\" title=\"Per Ragnar\" href=\"https:\/\/www.moviepilot.de\/people\/per-ragnar\" class=\"sc-6a922024-0 dZMhco mp_article_parsed_internal_link\" target=\"_blank\" rel=\"noopener\">Per Ragnar<\/a>) nebenan ein. Und mit einem Mal ist er nicht mehr allein. Eli ist zwar <b>seltsam und auch ein bisschen unheimlich<\/b>, aber als Au\u00dfenseiter finden sie bald Gemeinsamkeiten und versp\u00fcren eine innige Verbindung zueinander. <\/p>\n<p>Doch die hoffnungsvolle Zeit wird immer wieder getr\u00fcbt durch grausame Vorkommnisse in der Nachbarschaft. Immer wieder werden Menschen tot aufgefunden. Oskar vermutet schnell, dass Eli etwas damit zu tun haben k\u00f6nnte \u2013 und liegt damit leider richtig.<\/p>\n<p>So finster die Nacht definiert Vampir-Horror auf verst\u00f6rende Weise neu <\/p>\n<p>So finster die Nacht ist Horror, der ganz unerwartet unter die Haut geht. Dazu tragen zwei Punkte bei: Zun\u00e4chst haben wir es hier nicht mit auf Hochglanz poliertem Hollywood-Horror oder einem auf cool geb\u00fcrsteten Splatter-Fest zu tun. Der Film ist durch und durch skandinavisch. D\u00fcster. N\u00fcchtern. Still. Erschreckend, gruselig langsam. Er <b>wirkt durch simple, aber eindeutige Bilder<\/b>. Ohne viele Worte. <\/p>\n<p>Das allein schafft eine beklemmende Atmosph\u00e4re voller Einsamkeit und stummer Verzweiflung \u2013 tausendfach verschlimmert durch die Vertrautheit v\u00f6llig gew\u00f6hnlicher Szenen. Alles hier k\u00f6nnte auch in unserer Realit\u00e4t stattfinden. Doch dann w\u00e4re da Punkt zwei: So finster die Nacht erz\u00e4hlt eine Vampirgeschichte aus einzigartiger Perspektive \u2013 aus Kindersicht. <\/p>\n<p>Wir erfahren, wie unvereinbar Unsterblichkeit und eine Kinderseele \u2013 geschweige denn ein Kinderk\u00f6rper \u2013 sind. Doch Oskars und Elis Geschichte zeigt auch, wie leicht sich die Gewalt in den Alltag schleicht. Wie relativ &#8222;Gut&#8220; und &#8222;B\u00f6se&#8220; doch sind. Wie viel Kinder wirklich sehen, verstehen, f\u00fchlen. So finster die Nacht bringt durch seine mystischen Elemente <b>Erkenntnisse, die tief ins Herz treffen<\/b>. <\/p>\n<p>Nach So finster die Nacht f\u00fchlen sich Vampire pl\u00f6tzlich nicht mehr nur nach Horror-Klischee an, sondern frisch und ganz anders furchtbar. Wer diesen Perspektivwechsel miterleben m\u00f6chte, kann den Film <b>derzeit bei Amazon Prime streamen<\/b>. <\/p>\n<p>*Bei den Links zum Angebot von Amazon handelt es sich um sogenannte Affiliate-Links. Bei einem Kauf \u00fcber diese Links erhalten wir eine Provision.<\/p>\n","protected":false},"excerpt":{"rendered":"Es ist immer wieder erstaunlich zu sehen, wie oft sich klassische Horror-Monster neu erfinden lassen. Der Unterschied, den&hellip;\n","protected":false},"author":2,"featured_media":629178,"comment_status":"","ping_status":"","sticky":false,"template":"","format":"standard","meta":{"footnotes":""},"categories":[1771],"tags":[48951,6704,1778,29,214,3911,30,56523,95,3860,1777,17444,39642,6552,81115,56937,105274,215,62086,148710,55421],"class_list":{"0":"post-629177","1":"post","2":"type-post","3":"status-publish","4":"format-standard","5":"has-post-thumbnail","7":"category-kino","8":"tag-2020er-jahre","9":"tag-blut","10":"tag-cinema","11":"tag-deutschland","12":"tag-entertainment","13":"tag-freundschaft","14":"tag-germany","15":"tag-horrorfilm","16":"tag-kino","17":"tag-maedchen","18":"tag-movie","19":"tag-nacht","20":"tag-new-york-city","21":"tag-paramount","22":"tag-remake","23":"tag-romanverfilmung","24":"tag-showtime","25":"tag-unterhaltung","26":"tag-vampir","27":"tag-vampirfilm","28":"tag-vereinigte-staaten-von-amerika-usa"},"share_on_mastodon":{"url":"https:\/\/pubeurope.com\/@de\/115676684204365011","error":""},"_links":{"self":[{"href":"https:\/\/www.europesays.com\/de\/wp-json\/wp\/v2\/posts\/629177","targetHints":{"allow":["GET"]}}],"collection":[{"href":"https:\/\/www.europesays.com\/de\/wp-json\/wp\/v2\/posts"}],"about":[{"href":"https:\/\/www.europesays.com\/de\/wp-json\/wp\/v2\/types\/post"}],"author":[{"embeddable":true,"href":"https:\/\/www.europesays.com\/de\/wp-json\/wp\/v2\/users\/2"}],"replies":[{"embeddable":true,"href":"https:\/\/www.europesays.com\/de\/wp-json\/wp\/v2\/comments?post=629177"}],"version-history":[{"count":0,"href":"https:\/\/www.europesays.com\/de\/wp-json\/wp\/v2\/posts\/629177\/revisions"}],"wp:featuredmedia":[{"embeddable":true,"href":"https:\/\/www.europesays.com\/de\/wp-json\/wp\/v2\/media\/629178"}],"wp:attachment":[{"href":"https:\/\/www.europesays.com\/de\/wp-json\/wp\/v2\/media?parent=629177"}],"wp:term":[{"taxonomy":"category","embeddable":true,"href":"https:\/\/www.europesays.com\/de\/wp-json\/wp\/v2\/categories?post=629177"},{"taxonomy":"post_tag","embeddable":true,"href":"https:\/\/www.europesays.com\/de\/wp-json\/wp\/v2\/tags?post=629177"}],"curies":[{"name":"wp","href":"https:\/\/api.w.org\/{rel}","templated":true}]}}