{"id":629393,"date":"2025-12-07T08:04:22","date_gmt":"2025-12-07T08:04:22","guid":{"rendered":"https:\/\/www.europesays.com\/de\/629393\/"},"modified":"2025-12-07T08:04:22","modified_gmt":"2025-12-07T08:04:22","slug":"toedlicher-crash-bei-hannover-rollerfahrer-kracht-gegen-transporter-und-stirbt-noch-am-unfallort-news38-de","status":"publish","type":"post","link":"https:\/\/www.europesays.com\/de\/629393\/","title":{"rendered":"T\u00f6dlicher Crash bei Hannover! Rollerfahrer kracht gegen Transporter und stirbt noch am Unfallort- news38.de"},"content":{"rendered":"<p>Ein 57 Jahre alter Mann ist bei einem Unfall auf der L460 bei Hannover so schwer verletzt worden, dass er noch an der Unfallstelle starb. Die Stra\u00dfe war stundenlang f\u00fcr die Bergungsarbeiten gesperrt. <\/p>\n<p>Die Polizei sucht nun nach Zeugen, die Angaben zu dem Unfall machen k\u00f6nnen. <\/p>\n<p> Hannover: Rollerfahrer stirbt noch am Unfallort <\/p>\n<p>Laut einem Bericht der Polizei Hannover war ein 65 Jahre alter Fahrer aus dem Landkreis Hameln-Pyrmont mit seinem Ford Transit am Dienstagmorgen (2. Dezember) gegen 6 Uhr auf der L 460 aus Gestorf kommend in Richtung Schulenburg unterwegs. Pl\u00f6tzlich sei er aus bislang noch unbekannter Ursache auf die Gegenfahrbahn geraten, hei\u00dft es in dem Bericht der Polizei. <\/p>\n<p><a href=\"https:\/\/www.news38.de\/harz\/article300641283\/harz-brocken-wanderer-verirrt-braunlage.html\" target=\"_blank\" rel=\"noopener\">+++ Handylos im Harz: Wanderer verirrt sich im Schnee \u2013 dann z\u00e4hlt jede Minute +++<\/a><\/p>\n<p>Dort war der Transporter dann frontal mit dem entgegenkommenden 57-j\u00e4hrigen Rollerfahrer aus Salzhemmendorf zusammengeprallt. Ersthelfer und sofort alarmierte Rettungskr\u00e4fte hatten zwar noch versucht, den 57-J\u00e4hrigen vor Ort zu reanimieren, konnten sein Leben aber nicht retten. Der Mann verstarb noch an der Unfallstelle.<\/p>\n<p> Polizei Hannover sucht Zeugen <\/p>\n<p>Der 65-j\u00e4hrige Fahrer des Kleintransportes blieb bei dem Unfall k\u00f6rperlich unverletzt. W\u00e4hrend der Unfallaufnahme und der Rettungs- und Bergungsma\u00dfnahmen sperrte die Polizei die L 460 im Bereich der Unfallstelle bis 12:30 Uhr v\u00f6llig ab.<\/p>\n<p>Die Beamten in Hannover haben nun ein Strafverfahren wegen des Verdachts der fahrl\u00e4ssigen T\u00f6tung und der Gef\u00e4hrdung des Stra\u00dfenverkehrs eingeleitet. Die genaue Unfallursache, wie auch der Unfallhergang, sind laut Polizeiangaben nun Bestandteil der laufenden Untersuchungen. <\/p>\n<p>Mehr News: <\/p>\n<p>Zeugen, die Angaben zum Unfallhergang machen k\u00f6nnen, sollen sich beim Verkehrsunfalldienst Hannover unter der Telefonnummer 0511109 1888 melden.<\/p>\n","protected":false},"excerpt":{"rendered":"Ein 57 Jahre alter Mann ist bei einem Unfall auf der L460 bei Hannover so schwer verletzt worden,&hellip;\n","protected":false},"author":2,"featured_media":629394,"comment_status":"","ping_status":"","sticky":false,"template":"","format":"standard","meta":{"footnotes":""},"categories":[1836],"tags":[1950,3364,29,30,46,1411],"class_list":{"0":"post-629393","1":"post","2":"type-post","3":"status-publish","4":"format-standard","5":"has-post-thumbnail","7":"category-hannover","8":"tag-blaulicht","9":"tag-de","10":"tag-deutschland","11":"tag-germany","12":"tag-hannover","13":"tag-niedersachsen"},"share_on_mastodon":{"url":"https:\/\/pubeurope.com\/@de\/115677250411444763","error":""},"_links":{"self":[{"href":"https:\/\/www.europesays.com\/de\/wp-json\/wp\/v2\/posts\/629393","targetHints":{"allow":["GET"]}}],"collection":[{"href":"https:\/\/www.europesays.com\/de\/wp-json\/wp\/v2\/posts"}],"about":[{"href":"https:\/\/www.europesays.com\/de\/wp-json\/wp\/v2\/types\/post"}],"author":[{"embeddable":true,"href":"https:\/\/www.europesays.com\/de\/wp-json\/wp\/v2\/users\/2"}],"replies":[{"embeddable":true,"href":"https:\/\/www.europesays.com\/de\/wp-json\/wp\/v2\/comments?post=629393"}],"version-history":[{"count":0,"href":"https:\/\/www.europesays.com\/de\/wp-json\/wp\/v2\/posts\/629393\/revisions"}],"wp:featuredmedia":[{"embeddable":true,"href":"https:\/\/www.europesays.com\/de\/wp-json\/wp\/v2\/media\/629394"}],"wp:attachment":[{"href":"https:\/\/www.europesays.com\/de\/wp-json\/wp\/v2\/media?parent=629393"}],"wp:term":[{"taxonomy":"category","embeddable":true,"href":"https:\/\/www.europesays.com\/de\/wp-json\/wp\/v2\/categories?post=629393"},{"taxonomy":"post_tag","embeddable":true,"href":"https:\/\/www.europesays.com\/de\/wp-json\/wp\/v2\/tags?post=629393"}],"curies":[{"name":"wp","href":"https:\/\/api.w.org\/{rel}","templated":true}]}}