{"id":629492,"date":"2025-12-07T08:58:11","date_gmt":"2025-12-07T08:58:11","guid":{"rendered":"https:\/\/www.europesays.com\/de\/629492\/"},"modified":"2025-12-07T08:58:11","modified_gmt":"2025-12-07T08:58:11","slug":"fahrer-in-viernheim-fluechtet-vor-kontrolle-mann-und-kind-bei-crash-verletzt","status":"publish","type":"post","link":"https:\/\/www.europesays.com\/de\/629492\/","title":{"rendered":"Fahrer in Viernheim fl\u00fcchtet vor Kontrolle: Mann und Kind bei Crash verletzt"},"content":{"rendered":"<p>In Viernheim ist ein Fahrer vor einer Verkehrskontrolle gefl\u00fcchtet &#8211; mit einem Kind auf dem Beifahrersitz. An einer Kreuzung raste er bei Rot in ein anderes Auto. Zwei Menschen wurden dabei verletzt.<\/p>\n<p><img decoding=\"async\"  loading=\"auto\" fetchpriority=\"high\"  src=\"data:image\/gif;base64,R0lGODlhAQABAIAAAP\/\/\/wAAACH5BAEAAAAALAAAAAABAAEAAAICRAEAOw==\" alt=\"Das Wort &quot;Stopp&quot; ist auf dem Dach eines Polizeiwagens zu lesen.\" class=\"w-full\"\/><\/p>\n<p>\nBild \u00a9  picture-alliance\/dpa                                                                    <\/p>\n<p>                    Audiobeitrag                             <\/p>\n<p>Audio<\/p>\n<p>00:33 Min.|07.12.25|Stephan Schiebelhuth                                                            <\/p>\n<p>Bild \u00a9  picture-alliance\/dpa (Archiv)|<a href=\"https:\/\/www.hessenschau.de\/panorama\/mann-rast-vor-kontrolle-davon---fahrer-und-kind-verletzt,audio-114668.html\" class=\"ds-link js-load  hover:underline hover:!decoration-1 text-link dark:text-link-dark \" rel=\"nofollow noopener\" target=\"_blank\"><br \/>\nzur Audio-Einzelseite<br \/>\n<\/a>                                            <\/p>\n<p>Ende des Audiobeitrags <\/p>\n<p class=\"hrds-copytext__paragraph mt-4 sm:mt-5 text-lg leading-normal sm480:text-xl lg:leading-7.5 dark:text-text-dark\">In Viernheim (Bergstra\u00dfe) ist am Samstagabend ein Autofahrer mit einem elfj\u00e4hrigen Kind auf dem Beifahrersitz vor der Polizei gefl\u00fcchtet. Dabei raste der 43-J\u00e4hrige bei Rot \u00fcber eine Ampel, wie die Beamten mitteilten.<\/p>\n<p class=\"hrds-copytext__paragraph mt-4 sm:mt-5 text-lg leading-normal sm480:text-xl lg:leading-7.5 dark:text-text-dark\">An der Kreuzung der L631 zur Abfahrt der A659 krachte der Wagen des 43-J\u00e4hrigen demnach in ein Auto, das bei Gr\u00fcn nach links abbiegen wollte. Durch den Aufprall sei das fl\u00fcchtende Auto gegen einen Ampelmast geschleudert.<\/p>\n<p>Kind verletzt &#8211; Fahrer ohne Fahrerlaubnis<\/p>\n<p class=\"hrds-copytext__paragraph mt-4 sm:mt-5 text-lg leading-normal sm480:text-xl lg:leading-7.5 dark:text-text-dark\">Der 43-J\u00e4hrige und das 11 Jahre alte Kind wurden verletzt und in ein Krankenhaus gebracht. Die Insassen des anderen Autos blieben unverletzt.<\/p>\n<p class=\"hrds-copytext__paragraph mt-4 sm:mt-5 text-lg leading-normal sm480:text-xl lg:leading-7.5 dark:text-text-dark\">Der Mann hatte keine g\u00fcltige Fahrerlaubnis und wollte sich laut Polizei einer Kontrolle an der A659 entziehen. Die Ermittler entnahmen ihm eine Blutprobe und leiteten mehrere Strafverfahren ein.<\/p>\n<p class=\"hrds-copytext__paragraph mt-4 sm:mt-5 text-lg leading-normal sm480:text-xl lg:leading-7.5 dark:text-text-dark\">Der Schaden an beiden Fahrzeugen und der Ampelanlage liegt laut Polizei bei rund 50.000 Euro.<\/p>\n<p>\nRedaktion:<br \/>\n<a href=\"https:\/\/www.hessenschau.de\/redaktion\/onlineemal-atif,emal-atif-100.html\" class=\"ds-link js-load  text-link dark:text-link-dark hover:underline \" rel=\"nofollow noopener\" target=\"_blank\">Emal Atif<\/a>        <\/p>\n<p>\nSendung:<br \/>\nhr INFO,<\/p>\n<p>07.12.25, 07:00 Uhr<\/p>\n<p>Quelle: hessenschau.de<\/p>\n","protected":false},"excerpt":{"rendered":"In Viernheim ist ein Fahrer vor einer Verkehrskontrolle gefl\u00fcchtet &#8211; mit einem Kind auf dem Beifahrersitz. An einer&hellip;\n","protected":false},"author":2,"featured_media":629493,"comment_status":"","ping_status":"","sticky":false,"template":"","format":"standard","meta":{"footnotes":""},"categories":[1845],"tags":[1634,3364,29,548,663,3934,30,13,2096,14,15,12],"class_list":{"0":"post-629492","1":"post","2":"type-post","3":"status-publish","4":"format-standard","5":"has-post-thumbnail","7":"category-mannheim","8":"tag-baden-wuerttemberg","9":"tag-de","10":"tag-deutschland","11":"tag-eu","12":"tag-europa","13":"tag-europe","14":"tag-germany","15":"tag-headlines","16":"tag-mannheim","17":"tag-nachrichten","18":"tag-news","19":"tag-schlagzeilen"},"share_on_mastodon":{"url":"https:\/\/pubeurope.com\/@de\/115677462884058697","error":""},"_links":{"self":[{"href":"https:\/\/www.europesays.com\/de\/wp-json\/wp\/v2\/posts\/629492","targetHints":{"allow":["GET"]}}],"collection":[{"href":"https:\/\/www.europesays.com\/de\/wp-json\/wp\/v2\/posts"}],"about":[{"href":"https:\/\/www.europesays.com\/de\/wp-json\/wp\/v2\/types\/post"}],"author":[{"embeddable":true,"href":"https:\/\/www.europesays.com\/de\/wp-json\/wp\/v2\/users\/2"}],"replies":[{"embeddable":true,"href":"https:\/\/www.europesays.com\/de\/wp-json\/wp\/v2\/comments?post=629492"}],"version-history":[{"count":0,"href":"https:\/\/www.europesays.com\/de\/wp-json\/wp\/v2\/posts\/629492\/revisions"}],"wp:featuredmedia":[{"embeddable":true,"href":"https:\/\/www.europesays.com\/de\/wp-json\/wp\/v2\/media\/629493"}],"wp:attachment":[{"href":"https:\/\/www.europesays.com\/de\/wp-json\/wp\/v2\/media?parent=629492"}],"wp:term":[{"taxonomy":"category","embeddable":true,"href":"https:\/\/www.europesays.com\/de\/wp-json\/wp\/v2\/categories?post=629492"},{"taxonomy":"post_tag","embeddable":true,"href":"https:\/\/www.europesays.com\/de\/wp-json\/wp\/v2\/tags?post=629492"}],"curies":[{"name":"wp","href":"https:\/\/api.w.org\/{rel}","templated":true}]}}