{"id":629521,"date":"2025-12-07T09:21:25","date_gmt":"2025-12-07T09:21:25","guid":{"rendered":"https:\/\/www.europesays.com\/de\/629521\/"},"modified":"2025-12-07T09:21:25","modified_gmt":"2025-12-07T09:21:25","slug":"thomas-gottschalk-verabschiedet-sich-tschuess-grosser-thommy-unterhaltung","status":"publish","type":"post","link":"https:\/\/www.europesays.com\/de\/629521\/","title":{"rendered":"Thomas Gottschalk verabschiedet sich: Tsch\u00fcss, gro\u00dfer Thommy! | Unterhaltung"},"content":{"rendered":"<p>K\u00f6ln \u2013\u00a0<b>Er ist die Show-Treppe so viele Male heruntergekommen. Zum Ende geht er die Treppe hinauf. Immer ein wenig anders und besser als andere: Hell wie die Sonne strahlen konnte nur einer wie er am Samstagabend. \u201eGuten Abend, Deutschland, \u00d6sterreich und die Schweiz!\u201c Da f\u00fchlt man doch alles.<\/b><\/p>\n<p>Stufe f\u00fcr Stufe der Rente entgegen<\/p>\n<p>Zum Ende seiner Dienstzeit als Unterhaltungsk\u00f6nig stieg Show-Titan <a href=\"https:\/\/www.bild.de\/unterhaltung\/leute\/thomas-gottschalk\/thema-thomas-gottschalk-alle-infos-82022690.bild.html\" class=\"text-link\" rel=\"nofollow noopener\" target=\"_blank\">Thomas Gottschalk<\/a> in seiner finalen Show bei RTL die letzten Stufen langsam seiner Karina entgegen. \u201eRockin\u2019 All Over the World\u201c von Status Quo l\u00e4uft. Wie es sich f\u00fcr einen Thommy-Abgang geh\u00f6rt.<\/p>\n<p><img decoding=\"async\" width=\"992\" height=\"633\" alt=\"Kraftvoll und mit einem L\u00e4cheln im Gesicht: Um 22.14 Uhr kam es im TV zum gro\u00dfen Gottschalk-Abschied. Er bedankt sich bei seinen Kollegen, schreitet zur Treppe, klatscht mit Fans im Publikum ab und geht zu seiner Frau Karina (63). Sie warf ihm zuvor ein Herzchen mit den H\u00e4nden zu, hatte Tr\u00e4nen in den Augen\" src=\"https:\/\/www.europesays.com\/de\/wp-content\/uploads\/2025\/12\/720e1d5ed0afcf9ab26f3d8599f9b10f,29bd7bac\"   class=\"dynamic\" loading=\"lazy\"\/><\/p>\n<p class=\"fig__caption__text\">Kraftvoll und mit einem L\u00e4cheln im Gesicht: Um 22.14 Uhr kam es im TV zum gro\u00dfen Gottschalk-Abschied. Er bedankt sich bei seinen Kollegen, schreitet zur Treppe, klatscht mit Fans im Publikum ab und geht zu seiner Frau Karina (63). Sie warf ihm zuvor ein Herzchen mit den H\u00e4nden zu, hatte Tr\u00e4nen in den Augen<\/p>\n<p>Foto: RTL \/ Julia Feldhagen<\/p>\n<p>Um 22.14 strahlt Thommy noch einmal<\/p>\n<p>Es ist 22.14 Uhr bei RTL. Fernsehen wird nie mehr so sein, wie es mit ihm war. Seine TV-Rente ist sicher! Der abschlie\u00dfende Rahmen an diesem Abend mit der kurz zuvor aufgezeichneten Show  <a href=\"https:\/\/www.bild.de\/unterhaltung\/stars-und-leute\/ein-herz-fuer-kinder-gala-thomas-gottschalk-zeigen-sie-herz-und-spenden-sie-6932ec58bdb9c3d5970e5293\" class=\"text-link\" rel=\"nofollow noopener\" target=\"_blank\">\u201eDenn sie wissen nicht, was passiert\u201c<\/a>. Der Hauptdarsteller ist aber nur einer.<\/p>\n<p><img decoding=\"async\" width=\"992\" height=\"558\" alt=\"Alles zusammen noch einmal am TV-Lagerfeuer (v.l.): Giovanni Zarrella (47), Mike Kr\u00fcger (73), Thomas Gottschalk, Barbara Sch\u00f6neberger, G\u00fcnther Jauch und J\u00f6rg Pilawa (60)\" src=\"https:\/\/www.europesays.com\/de\/wp-content\/uploads\/2025\/12\/b4775cb541b88ca0ad9d51cabfc42b71,d433e7f0\"   class=\"landscape\" loading=\"lazy\"\/><\/p>\n<p class=\"fig__caption__text\">Alles zusammen noch einmal am TV-Lagerfeuer (v.l.): Giovanni Zarrella (47), Mike Kr\u00fcger (73), Thomas Gottschalk, Barbara Sch\u00f6neberger, G\u00fcnther Jauch und J\u00f6rg Pilawa (60) <\/p>\n<p>Foto: RTL \/ Julia Feldhagen<\/p>\n<p>Gottschalk serviert fast zwei Stunden noch einmal gute Laune. Die Szenen am Ende: Tr\u00e4nen im Publikum und bei den G\u00e4sten. <a href=\"https:\/\/www.bild.de\/themen\/personen\/joerg-pilawa\/nachrichten-news-fotos-videos-tv-shows-15786866.bild.html\" class=\"text-link\" rel=\"nofollow noopener\" target=\"_blank\">J\u00f6rg Pilawa<\/a> wischt sich die Augen. <a href=\"https:\/\/www.bild.de\/themen\/personen\/barbara-schoeneberger\/fotos-video-starnews-19689738.bild.html\" class=\"text-link\" rel=\"nofollow noopener\" target=\"_blank\">Barbara Sch\u00f6neberger <\/a>hat rote Wangen.<\/p>\n<p>Mike Kr\u00fcger unterbricht Show-Rente f\u00fcr Freund<\/p>\n<p>Supernasen-Kumpel <a href=\"https:\/\/www.bild.de\/unterhaltung\/stars-und-leute\/mike-krueger-veraeppelt-influencer-kult-star-gegen-altersdiskriminierung-690610c2a6bc3e9242fc8fdc\" class=\"text-link\" rel=\"nofollow noopener\" target=\"_blank\">Mike Kr\u00fcger<\/a> hatte zuvor noch am k\u00fcnstlichen TV-Lagerfeuer f\u00fcr seinen Freund geklampft: \u201eMein Gott, Thomas.\u201c Das Publikum steht, jubelt. Gottschalk strahlt. Er spricht \u00fcber die symbolischen Feuerchen: \u201eBei mir war\u2019s noch echt.\u201c<\/p>\n<p><img decoding=\"async\" width=\"992\" height=\"608\" alt=\"Ehrengast in seiner eigenen Sendung: Thomas Gottschalk musste keine albernen Spielchen mehr absolvieren, genoss den Abend und nahm sich am Ende auch noch Zeit, um mit G\u00fcnther Jauch \u00fcber seinen Gesundheitszustand zu sprechen\" src=\"https:\/\/www.europesays.com\/de\/wp-content\/uploads\/2025\/12\/a498f30f75493f85bb83db2f10e3c841,61c6ccd7\"   class=\"dynamic\" loading=\"lazy\"\/><\/p>\n<p class=\"fig__caption__text\">Ehrengast in seiner eigenen Sendung: Thomas Gottschalk musste keine albernen Spielchen mehr absolvieren, genoss den Abend und nahm sich am Ende auch noch Zeit, um mit G\u00fcnther Jauch \u00fcber seinen Gesundheitszustand zu sprechen<\/p>\n<p>Foto: RTL \/ Julia Feldhagen<\/p>\n<p>Es ist ein Moment der Fernsehgeschichte! Der Gr\u00f6\u00dfte dankt nach \u00fcber 50 Jahren in der Unterhaltungswelt ab. Vom Radio aus eroberte er den europ\u00e4ischen Unterhaltungs-Thron. Der K\u00f6nig geht. Aber er lebt und konzentriert sich nun auf das, was z\u00e4hlt: <a href=\"https:\/\/www.bild.de\/unterhaltung\/stars-und-leute\/thomas-gottschalk-hat-krebs-karina-rette-ihm-das-leben-692d806c46f39b6230ff70a6\" class=\"text-link\" rel=\"nofollow noopener\" target=\"_blank\">wieder gesund werden, den Krebs besiegen<\/a>. Und dann? Wetten, dass wir es alle nicht wissen? Wird ihm wurscht sein. Er hat immer geliefert f\u00fcr jeden einzelnen Zuschauer, kein Selfie abgelehnt, jedes Autogramm geschrieben.<\/p>\n<p><img decoding=\"async\" width=\"992\" height=\"558\" alt=\"Kennen sich seit Jahrzehnten. Doch diesmal schrieb sich G\u00fcnther Jauch sogar einen Zettel f\u00fcr Freund Thomas. Der sprach von seiner positiven Einstellung, mit der er den Krebs besiegen will\" src=\"https:\/\/www.europesays.com\/de\/wp-content\/uploads\/2025\/12\/ff3da2eb92c0c5d42ac7b2fcc23b95d5,3c5742cb\"   class=\"landscape\" loading=\"lazy\"\/><\/p>\n<p class=\"fig__caption__text\">Kennen sich seit Jahrzehnten. Doch diesmal schrieb sich G\u00fcnther Jauch sogar einen Zettel f\u00fcr Freund Thomas. Der sprach von seiner positiven Einstellung, mit der er den Krebs besiegen will<\/p>\n<p>Foto: RTL \/ Julia Feldhagen<\/p>\n<p>Das Finale bei RTL: Wie es einem geb\u00fchrt, der als Entertainer in seiner Strahlkraft nur mit <a href=\"https:\/\/www.bild.de\/themen\/personen\/franz-beckenbauer\/unterhaltung-leute-nachrichten-news-fotos-videos-15817140.bild.html\" class=\"text-link\" rel=\"nofollow noopener\" target=\"_blank\">Franz Beckenbauer <\/a>(\u202078) zu vergleichen ist. Das sagt sein enger Freund <a href=\"https:\/\/www.bild.de\/themen\/personen\/guenther-jauch\/tv-nachrichten-news-fotos-videos-15805060.bild.html\" class=\"text-link\" rel=\"nofollow noopener\" target=\"_blank\">G\u00fcnther Jauch<\/a> bei einem knapp 12-Minuten-Gespr\u00e4ch zwischen den beiden gegen 22 Uhr an diesem Samstagabend.<\/p>\n<p>Zu solcher Zeit lief Thommy in den 90ern zu Hochform auf. Legend\u00e4r sein 73-Minuten-\u00dcberzieher im ZDF 1996. Und wie ein gro\u00dfer Fu\u00dfballer verl\u00e4sst der Showmaster das Stadion vor dem Schlusspfiff. Zu Musik und Tr\u00e4nen. Die Show? Irgendwie endet die Sendung noch. Auch wurscht. Die besondere Zutat fehlt da l\u00e4ngst. Denn er ist weg.<\/p>\n<p>Mehr zum Thema<\/p>\n<p>Emotional: Nach einigen Quatschspielen (menschliches Tic Tac Toe, Raterunde zu Gottschalk) sprachen Jauch und sein Freund \u00fcber Gottschalks Pl\u00e4ne, den Kampf, den er annimmt: \u201eIst ein bisschen wie Jahresr\u00fcckblick hier\u201c, scherzt die <a href=\"https:\/\/www.bild.de\/themen\/specials\/wetten-dass\/eine-aera-geht-zu-ende-16866284.bild.html\" class=\"text-link\" rel=\"nofollow noopener\" target=\"_blank\">Wetten, dass..?<\/a>-Legende. G\u00fcnther Jauch hatte sich Fragen aufgeschrieben. \u201eMacht er sonst bei mir nie.\u201c Thommy erz\u00e4hlt von seiner Operation, den Pl\u00e4nen und seiner positiven Einstellung. Giovanni Zarrella wischt sich dabei Tr\u00e4nen aus dem Gesicht.<\/p>\n<p><img decoding=\"async\" width=\"992\" height=\"558\" alt=\"Nur Zutaten f\u00fcr die Gottschalk-Abschieds-Show: ein menschliches Tic Tac Toe-Spiel\" src=\"https:\/\/www.europesays.com\/de\/wp-content\/uploads\/2025\/12\/707af2477da4e20e87cf28e71365f30f,903aad56\"   class=\"landscape\" loading=\"lazy\"\/><\/p>\n<p class=\"fig__caption__text\">Nur Zutaten f\u00fcr die Gottschalk-Abschieds-Show: ein menschliches Tic Tac Toe-Spiel<\/p>\n<p>Foto: RTL \/ Julia Feldhagen<\/p>\n<p>Der Abschied war eine ruhige W\u00fcrdigung<\/p>\n<p>Der TV-Abschied war eine ruhige W\u00fcrdigung. Kein Feuerwerk. Der gro\u00dfe Entertainer hielt sich fast im Hintergrund. Gelegentlich ein scharf geschossener Gag. Aber: keine langen Monologe mehr. Als Aushilfs-Moderator Kr\u00fcger (auch extra aus der Show-Rente f\u00fcr seinen Freund zur\u00fcckgekehrt) sich einmal leicht verhaspelt, gr\u00e4tscht Gottschalk mit Blick auf seine lange Karriere rein: \u201eWahrscheinlich hab\u2019 ich so moderiert wie der Mike heute.\u201c Dabei war Supernase Kr\u00fcger aber richtig flott. Lief gut mit ihm.<\/p>\n<p><img decoding=\"async\" width=\"992\" height=\"558\" alt=\"Sonnenk\u00f6nig Thomas Gottschalk genoss den Abend noch einmal bis um kurz nach 22 Uhr. Dann verlie\u00df er unter stehenden Ovationen die Show\" src=\"https:\/\/www.europesays.com\/de\/wp-content\/uploads\/2025\/12\/9eda57b7bce1e9ba1098c8d0a1e3bea3,c95edc43\"   class=\"landscape\" loading=\"lazy\"\/><\/p>\n<p class=\"fig__caption__text\">Sonnenk\u00f6nig Thomas Gottschalk genoss den Abend noch einmal bis um kurz nach 22 Uhr. Dann verlie\u00df er unter stehenden Ovationen die Show<\/p>\n<p>Foto: RTL \/ Julia Feldhagen<\/p>\n<p>Schon der Beginn der Sendung zeigte: Heute wird nur einer gefeiert. Sch\u00f6neberger und Jauch erschienen im Schottenrock mit Sakko. Am schicksten angezogen, aber ohne Schnickschnack: Gottschalk im dunklen Anzug. Er \u00fcbernimmt nicht mehr. Er genie\u00dft einfach. Er ist jetzt sein eigener Ehrengast.<\/p>\n<p>Es gibt Momente, in denen selbst die grellste Showb\u00fchne kurz still wird. Am Ende ist das hier so an diesem Abend. Als Gold-Konfetti von der Studio-Decke in K\u00f6ln flatterte.<\/p>\n<p><img decoding=\"async\" width=\"992\" height=\"638\" alt=\"Erste Wetten, dass..?-Show 1987 aus Hof: Thomas Gottschalk (damals 37) wurde mit teils mehr als 20 Millionen Zuschauern zum Sonnenk\u00f6nig des Samstagabends\" src=\"https:\/\/www.europesays.com\/de\/wp-content\/uploads\/2025\/12\/f862049b34863445a4a6a05dd0b49b7a,c74d1971\"   class=\"dynamic\" loading=\"lazy\"\/><\/p>\n<p class=\"fig__caption__text\">Erste Wetten, dass..?-Show 1987 aus Hof: Thomas Gottschalk (damals 37) wurde mit teils mehr als 20 Millionen Zuschauern zum Sonnenk\u00f6nig des Samstagabends<\/p>\n<p>Foto: J\u00f6rg Schmitt\/dpa<\/p>\n<p>Deutschlands gr\u00f6\u00dfter Entertainer, Hofnarr und Herzensfreund einer ganzen Fernsehnation \u2013 sagt \u201eServus\u201c und winkt dabei. Ein Dank an alle G\u00e4ste und Freunde. Keine lange Rede zum Schluss. Der Show-Titan mit letzten sch\u00f6nen Worten ins Publikum, zu seinem Publikum: \u201eDas sieht man nicht oft im deutschen Fernsehen. Ein Mann geht in Rente. Er geht tats\u00e4chlich. Wetten, dass \u2026?\u201c<\/p>\n<p><img decoding=\"async\" width=\"992\" height=\"558\" alt=\"J\u00f6rg Pilawa (l) und Giovanni Zarrella durften beim Abschied der Legende Gottschalk mit von der Partie sein\" src=\"https:\/\/www.europesays.com\/de\/wp-content\/uploads\/2025\/12\/9fab80585c0c4c23d8a38aaac9a34668,3af5daa5\"   class=\"landscape\" loading=\"lazy\"\/><\/p>\n<p class=\"fig__caption__text\">J\u00f6rg Pilawa (l.) und Giovanni Zarrella durften beim Abschied der Legende Gottschalk mit von der Partie sein und \u00fcberlie\u00dfen am Ende um kurz vor 1 Uhr Jauch und Sch\u00f6neberger zu deren Abschied den Sieg<\/p>\n<p>Foto: RTL \/ Julia Feldhagen<\/p>\n<p>Thommy grinst und sagt \u201eDanke\u201c<\/p>\n<p>Gro\u00dfes Pathos? Fehlanzeige! Kein tr\u00e4nenschwerer Abschiedsschmonz. Sondern typisch Thommy: ein schelmisches Grinsen, ein lockerer Satz \u2013 und doch ein Abend, an dem Millionen wussten: Das war es. Und sch\u00f6n war\u2019s mit und bei ihm in all den Jahrzehnten.<\/p>\n<p>Der Sonnenk\u00f6nig ist gegangen. Einen Kuss f\u00fcr seine Frau. \u201eDanke\u201c an die Zuschauer. \u201eServus!\u201c<\/p>\n<p><img decoding=\"async\" width=\"992\" height=\"558\" alt=\"Mike Kr\u00fcger (l.) und G\u00fcnther Jauch verabschieden Thomas Gottschalk. J\u00f6rg Pilawa ist tief bewegt, applaudiert\" src=\"https:\/\/www.europesays.com\/de\/wp-content\/uploads\/2025\/12\/c88973ce6ce95dd4508105b58dedd525,a26627\"   class=\"landscape\" loading=\"lazy\"\/><\/p>\n<p class=\"fig__caption__text\">Mike Kr\u00fcger (l.) und G\u00fcnther Jauch verabschieden Thomas Gottschalk. J\u00f6rg Pilawa ist tief bewegt, applaudiert<\/p>\n<p>Foto: RTL \/ Julia Feldhagen<\/p>\n<p>Thomas Gottschalk geht als vielleicht Deutschlands gr\u00f6\u00dfter Entertainer, der nicht nur moderierte \u2013 sondern passierte. Der sagte, was er dachte, manchmal sogar, bevor er wusste, dass er es denkt. Keiner war so zeitlos und zeitgem\u00e4\u00df wie er. Und fiel er \u2019mal aus der Zeit, rappelte er sich wieder rein. Dutzende Treppen ins Scheinwerferlicht ist er hinabgestiegen. Jetzt macht er es anders und geht am Ende eine hoch.<\/p>\n<p><b>Thommy ist ein Mann, der uns gelehrt hat, dass Unterhaltung etwas Tiefmenschliches hat: N\u00e4he, Humor, ein bisschen Gr\u00f6\u00dfenwahn und ganz viel Herz. Und am Ende immer weiter \u201eRockin\u2019 all over the world\u201c. Thommy, rock weiter!<\/b><\/p>\n","protected":false},"excerpt":{"rendered":"K\u00f6ln \u2013\u00a0Er ist die Show-Treppe so viele Male heruntergekommen. Zum Ende geht er die Treppe hinauf. Immer ein&hellip;\n","protected":false},"author":2,"featured_media":629522,"comment_status":"","ping_status":"","sticky":false,"template":"","format":"standard","meta":{"footnotes":"","_share_on_mastodon":"0"},"categories":[5],"tags":[331,332,3364,29,30,16687,13,24464,14,15,103686,640,12,40130,45,16686,40549,1448],"class_list":["post-629521","post","type-post","status-publish","format-standard","has-post-thumbnail","category-nachrichten","tag-aktuelle-nachrichten","tag-aktuelle-news","tag-de","tag-deutschland","tag-germany","tag-gottschalk-thomas","tag-headlines","tag-jauch-guenther","tag-nachrichten","tag-news","tag-pilawa-joerg","tag-rtl","tag-schlagzeilen","tag-schoeneberger-barbara","tag-texttospeech","tag-wetten-dass","tag-zarrella-giovanni","tag-zdf"],"share_on_mastodon":{"url":"https:\/\/pubeurope.com\/@de\/115677554645901884","error":""},"_links":{"self":[{"href":"https:\/\/www.europesays.com\/de\/wp-json\/wp\/v2\/posts\/629521","targetHints":{"allow":["GET"]}}],"collection":[{"href":"https:\/\/www.europesays.com\/de\/wp-json\/wp\/v2\/posts"}],"about":[{"href":"https:\/\/www.europesays.com\/de\/wp-json\/wp\/v2\/types\/post"}],"author":[{"embeddable":true,"href":"https:\/\/www.europesays.com\/de\/wp-json\/wp\/v2\/users\/2"}],"replies":[{"embeddable":true,"href":"https:\/\/www.europesays.com\/de\/wp-json\/wp\/v2\/comments?post=629521"}],"version-history":[{"count":0,"href":"https:\/\/www.europesays.com\/de\/wp-json\/wp\/v2\/posts\/629521\/revisions"}],"wp:featuredmedia":[{"embeddable":true,"href":"https:\/\/www.europesays.com\/de\/wp-json\/wp\/v2\/media\/629522"}],"wp:attachment":[{"href":"https:\/\/www.europesays.com\/de\/wp-json\/wp\/v2\/media?parent=629521"}],"wp:term":[{"taxonomy":"category","embeddable":true,"href":"https:\/\/www.europesays.com\/de\/wp-json\/wp\/v2\/categories?post=629521"},{"taxonomy":"post_tag","embeddable":true,"href":"https:\/\/www.europesays.com\/de\/wp-json\/wp\/v2\/tags?post=629521"}],"curies":[{"name":"wp","href":"https:\/\/api.w.org\/{rel}","templated":true}]}}