{"id":629714,"date":"2025-12-07T11:13:16","date_gmt":"2025-12-07T11:13:16","guid":{"rendered":"https:\/\/www.europesays.com\/de\/629714\/"},"modified":"2025-12-07T11:13:16","modified_gmt":"2025-12-07T11:13:16","slug":"1-fc-koeln-naechste-startelf-gala-wie-lukas-kwasniok-said-el-mala-zur-wm-rakete-macht-sport","status":"publish","type":"post","link":"https:\/\/www.europesays.com\/de\/629714\/","title":{"rendered":"1. FC K\u00f6ln: N\u00e4chste Startelf-Gala! Wie Lukas Kwasniok Said El Mala zur WM-Rakete macht | Sport"},"content":{"rendered":"<p><b>So gro\u00df der <\/b><a href=\"https:\/\/www.bild.de\/sport\/fussball\/1-fc-koeln-traenen-und-rasen-frust-koeln-trainer-weint-nach-st-paulis-last-minute-ausgleich-6934725e074aff6076811a5c\" class=\"text-link\" target=\"_blank\" rel=\"noopener\"><b>K\u00f6ln-Frust<\/b><\/a><b> \u00fcber das Last-Minute-1:1 gegen St. Pauli und den Ausgleichs-Schock 2 Sekunden vor Abpfiff Samstag auch war \u2013 so stark war ein Mal mehr der Auftritt von Said El Mala (19)!<\/b><\/p>\n<p>K\u00f6lns Wunder-Junge feierte gegen St. Pauli nicht nur seine Startelf-Premiere vor den eigenen Fans. El Mala wirbelte in seinen 83 Minuten auf drei verschiedenen Positionen. Er war mit Abstand K\u00f6lns Bester. Und mit seinem Mega-Tor zum 1:0 (51.) schoss er sich dann auch noch ganz nebenbei zum aktuell torgef\u00e4hrlichsten Teenager in den Top-5-Ligen.<\/p>\n<p><b>Neue Position. N\u00e4chste Startelf-Gala. Wieder ein Traum-Tor und noch ein Rekord. So macht Trainer Lukas Kwasniok (44) El Mala zur WM-Rakete.<\/b><\/p>\n<p>Mehr zum ThemaStartelf-Forderung vom Bundestrainer erf\u00fcllt<\/p>\n<p><b>Aus der Startelf ist El Mala nach seinen Auftritten in Bremen (1:1) und gegen St. Pauli (1:1) nicht mehr wegzudenken. Damit ist schon die erste WM-H\u00fcrde genommen. Schlie\u00dflich hatte Bundestrainer Julian Nagelsmann (38) genau das eingefordert, als er vor vier Wochen sagte: \u201eEr muss in K\u00f6ln unangefochtener Stammspieler werden. Und dann hat er auch M\u00f6glichkeiten, bei der A-Nationalmannschaft f\u00fcr Furore zu sorgen.\u201c<\/b><\/p>\n<p>Dazu stellt El Mala nach wie vor seine einzigartigen Qualit\u00e4ten unter Beweis. Er rettete K\u00f6ln den Punkt in Bremen und den Z\u00e4hler jetzt gegen St. Pauli im Alleingang. Sein Heimspiel-Tor verdient dabei das Pr\u00e4dikat Weltklasse. Mit dem ersten Kontakt noch in der eigenen H\u00e4lfte startete El Mala gegen St. Pauli den Turbo, war mit Ball schneller als Pereira-Lage und schloss am Ende eiskalt ab.<\/p>\n<p><b>Kwasniok:<\/b> \u201eEr verliert auch mit Ball am Fu\u00df kein Tempo, sondern hat dann sogar die Gabe, noch mal zu beschleunigen. Das macht ihn nat\u00fcrlich zu einem sehr interessanten jungen Mann auf dem Fu\u00dfballmarkt.\u201c<\/p>\n<p><img decoding=\"async\" width=\"992\" height=\"558\" alt=\"Erst nicht zu stoppen, dann eiskalt! Said El Mala (19) l\u00e4sst St. Pauli-Keeper  Nikola Vasilj (30) keine Chance\" src=\"https:\/\/www.europesays.com\/de\/wp-content\/uploads\/2025\/12\/5d519625f0e790ffb3491b87ed606a5f,9a9fd820\"   class=\"landscape\" loading=\"lazy\"\/><\/p>\n<p class=\"fig__caption__text\">Erst nicht zu stoppen, dann eiskalt! Said El Mala (19) l\u00e4sst St. Pauli-Keeper  Nikola Vasilj (30) keine Chance<\/p>\n<p>Foto: WITTERS<\/p>\n<p>El Mala gl\u00e4nzt auch als Sturmspitze<\/p>\n<p><b>Und der wird dank Kwasnioks Herangehensweise immer interessanter \u2013 auch f\u00fcr den Bundestrainer und mit Blick auf die WM. Denn jetzt zeigt K\u00f6ln-Coach auch noch, wie vielseitig El Mala ist und was er noch so alles drauf hat!<\/b><\/p>\n<p>Von wegen Spezialist! Kwasnioks Taktik-Kniff, den Jungen gegen St. Pauli zun\u00e4chst als Sturmspitze im Zentrum ranzulassen, ging voll auf. <\/p>\n<p><b>\u201eDas Tor macht er aus der Position\u201c, sagt Kwasniok und erkl\u00e4rt: \u201eDie Wahrscheinlichkeit ist im Zentrum noch h\u00f6her, dass er zum Torerfolg kommt, wenn er im Laufduell schneller ist. Es wird Said besser machen, wenn er sich nicht nur darauf reduziert ins Dribbling zu gehen, sondern auch in die Zwischenr\u00e4ume geht.\u201c<\/b><\/p>\n<p>\u201eEr hatte Tr\u00e4nen in den Augen\u201c: K\u00f6ln-Trainer k\u00e4mpfte mit den Emotionen!<a class=\"anchor video-teaser__anchor\" href=\"https:\/\/www.bild.de\/sport\/fussball\/er-hatte-traenen-in-den-augen-koeln-trainer-kaempfte-mit-den-emotionen-693484cc11f914c89b85525b\" target=\"_blank\" rel=\"noopener\"><img decoding=\"async\" width=\"992\" height=\"558\" alt=\"\" src=\"https:\/\/www.europesays.com\/de\/wp-content\/uploads\/2025\/12\/20ea7896093c16200a1fa9901d04765f-landscape,b40fca33\"   class=\"landscape teaser__image\" loading=\"lazy\"\/><\/a><\/p>\n<p>Quelle: BILD06.12.2025<\/p>\n<p><b>Kwasniok macht El Mala zur WM-Rakete! <\/b>Er wei\u00df: \u201eEs gibt noch Situationen, in denen Said noch reifer agieren muss. Das ist jetzt der n\u00e4chste Entwicklungsschritt, wenn er im n\u00e4chsten Jahr im Sommer dann mit dabei sein will bei dem gro\u00dfen Event.\u201c<\/p>\n<p>Nach den letzten Auftritten zweifeln daran nur noch die wenigsten&#8230;<\/p>\n","protected":false},"excerpt":{"rendered":"So gro\u00df der K\u00f6ln-Frust \u00fcber das Last-Minute-1:1 gegen St. Pauli und den Ausgleichs-Schock 2 Sekunden vor Abpfiff Samstag&hellip;\n","protected":false},"author":2,"featured_media":629715,"comment_status":"","ping_status":"","sticky":false,"template":"","format":"standard","meta":{"footnotes":""},"categories":[1828],"tags":[623,1260,29,538,459,347,38029,30,1420,20101,24705,1209,43174,148554,819,45],"class_list":{"0":"post-629714","1":"post","2":"type-post","3":"status-publish","4":"format-standard","5":"has-post-thumbnail","7":"category-koeln","8":"tag-1-fc-koeln","9":"tag-deutsche-nationalmannschaft","10":"tag-deutschland","11":"tag-erste-bundesliga","12":"tag-fc-st-pauli","13":"tag-fussball","14":"tag-fussball-wm-2026","15":"tag-germany","16":"tag-koeln","17":"tag-kwasniok-lukas","18":"tag-nagelsmann-julian","19":"tag-nordrhein-westfalen","20":"tag-rheinenergiestadion","21":"tag-spieltag-13","22":"tag-sport-leuchtturm-essen","23":"tag-texttospeech"},"share_on_mastodon":{"url":"https:\/\/pubeurope.com\/@de\/115677995029749980","error":""},"_links":{"self":[{"href":"https:\/\/www.europesays.com\/de\/wp-json\/wp\/v2\/posts\/629714","targetHints":{"allow":["GET"]}}],"collection":[{"href":"https:\/\/www.europesays.com\/de\/wp-json\/wp\/v2\/posts"}],"about":[{"href":"https:\/\/www.europesays.com\/de\/wp-json\/wp\/v2\/types\/post"}],"author":[{"embeddable":true,"href":"https:\/\/www.europesays.com\/de\/wp-json\/wp\/v2\/users\/2"}],"replies":[{"embeddable":true,"href":"https:\/\/www.europesays.com\/de\/wp-json\/wp\/v2\/comments?post=629714"}],"version-history":[{"count":0,"href":"https:\/\/www.europesays.com\/de\/wp-json\/wp\/v2\/posts\/629714\/revisions"}],"wp:featuredmedia":[{"embeddable":true,"href":"https:\/\/www.europesays.com\/de\/wp-json\/wp\/v2\/media\/629715"}],"wp:attachment":[{"href":"https:\/\/www.europesays.com\/de\/wp-json\/wp\/v2\/media?parent=629714"}],"wp:term":[{"taxonomy":"category","embeddable":true,"href":"https:\/\/www.europesays.com\/de\/wp-json\/wp\/v2\/categories?post=629714"},{"taxonomy":"post_tag","embeddable":true,"href":"https:\/\/www.europesays.com\/de\/wp-json\/wp\/v2\/tags?post=629714"}],"curies":[{"name":"wp","href":"https:\/\/api.w.org\/{rel}","templated":true}]}}