{"id":629718,"date":"2025-12-07T11:15:15","date_gmt":"2025-12-07T11:15:15","guid":{"rendered":"https:\/\/www.europesays.com\/de\/629718\/"},"modified":"2025-12-07T11:15:15","modified_gmt":"2025-12-07T11:15:15","slug":"star-aufgebot-in-muenchen-promis-feiern-20-jahre-mcdonalds-benefizgala","status":"publish","type":"post","link":"https:\/\/www.europesays.com\/de\/629718\/","title":{"rendered":"Star-Aufgebot in M\u00fcnchen: Promis feiern 20 Jahre &#8222;McDonald&#8217;s&#8220;-Benefizgala"},"content":{"rendered":"<p>Beim Stichwort &#8222;McDonald&#8217;s&#8220; denken die meisten zuerst an Pommes und Burger. Wenn das Fastfood-Unternehmen aber zur allj\u00e4hrlichen Benefizgala einl\u00e4dt, dann geht es vor allem um den guten Zweck \u2013 und ein Promi-Aufgebot der Superlative ist ebenfalls inklusive. So auch am Samstag (6. Dezember), am Nikolaustag, als in den M\u00fcnchner &#8222;Eisbach Studios&#8220; die 20. &#8222;McDonald\u2019s Benefizgala&#8220; \u00fcber die B\u00fchne ging.\u00a0<\/p>\n<p>Promi-Auflauf in M\u00fcnchen: Tom Beck, Christina St\u00fcrmer und viele weitere<\/p>\n<p>Neben einer gigantischen Spendensumme gab es auch dieses Mal wieder einen VIP-Auflauf und ein gro\u00dfes Blitzlichtgewitter am Teppich, der passend zum diesj\u00e4hrigen Motto &#8222;Night of Polar Lights&#8220; in der Farbe Blau erstrahlte. Prominente Sch\u00fctzenhilfe gab es von zahlreichen Stars: Zu den G\u00e4sten z\u00e4hlten unter anderem Moderator Thore Sch\u00f6lermann und seine Frau Jana, &#8222;Let\u2019s Dance&#8220;-Star und Verona-Pooth-Sohn Diego Pooth mit seiner Freundin Louisa B\u00fcscher, Schauspieler Sven Martinek und Feinkost-Unternehmerin Clarissa K\u00e4fer. Moderatorin und Schauspielerin Jana Ina Zarrella f\u00fchrte wie in den Vorjahren durchs Programm, erstmals gemeinsam mit Moderator Alexander Mazza.<\/p>\n<p><a href=\"https:\/\/www.abendzeitung-muenchen.de\/person\/cathy-hummels\/\" target=\"_blank\" rel=\"noopener\">Cathy Hummels<\/a> moderierte am Red Carpet f\u00fcr M\u00fcnchen TV und f\u00fchrte Interviews mit den VIP-G\u00e4sten: &#8222;Ich habe heute die Seiten gewechselt&#8220;, meinte sie. &#8222;Ich arbeite schon l\u00e4nger als Moderatorin und es macht mir riesigen Spa\u00df.&#8220;<\/p>\n<p>     <img decoding=\"async\" loading=\"lazy\" src=\"https:\/\/www.abendzeitung-muenchen.de\/storage\/image\/1\/2\/7\/3\/1633721_mcdonald-s-benefiz-gala-zugunsten-der-mcdonald-s-kinderhilfe-stiftung-in-de_artikelbild-75proz_1FdkVG_CfUphT.jpg\" alt=\"Cathy Hummels berichtete an diesem Abend vom roten Teppich.\" title=\"Cathy Hummels berichtete an diesem Abend vom roten Teppich.\" width=\"609\" height=\"406\"\/><\/p>\n<p>      Cathy Hummels berichtete an diesem Abend vom roten Teppich.<br \/>\n      \u00a9 BrauerPhotos\/G.Nitschke<\/p>\n<p>    Cathy Hummels berichtete an diesem Abend vom roten Teppich.<\/p>\n<p>von BrauerPhotos\/G.Nitschke <\/p>\n<p>&#8222;}&#8220;&gt; <\/p>\n<p>Promi-Eltern \u00fcber guten Zweck: &#8222;Dass Kinderaugen wieder strahlen k\u00f6nnen&#8220;<\/p>\n<p>Alles drehte sich an diesem Abend um die Kids. Und bei den <a href=\"https:\/\/www.abendzeitung-muenchen.de\/promis\/\" target=\"_blank\" rel=\"noopener\">Promis<\/a> spielte das Thema Nachwuchs die Hauptrolle. Auch bei Moderator und Zweifach-Papa Thore Sch\u00f6lermann, der Schirmherr des Hauses in M\u00fcnchen-Gro\u00dfhadern ist. Hatte er in den Vorjahren noch moderiert, so konnte er die Gala dieses Mal mit seiner Frau als Gast im Publikum genie\u00dfen: &#8222;Unsere Kinder sind heute Abend bei der Oma.&#8220; In ihrem Leben spielen die Kinder die Hauptrolle: &#8222;Fr\u00fcher haben unsere Eltern Weihnachten f\u00fcr uns sch\u00f6n gemacht, jetzt machen wir Weihnachten f\u00fcr unsere Kinder sch\u00f6n. Die Magie ist zur\u00fcck.&#8220;<\/p>\n<p>Im Blitzlichtgewitter stand auch Christina St\u00fcrmer, die dann mit ihrer Band ein umjubeltes Privatkonzert gab. Am Tag zuvor hatte die S\u00e4ngerin noch das M\u00fcnchner Ronald McDonald Haus am Herzzentrum besucht und dort f\u00fcr die Familien gesungen: &#8222;Es war sehr bewegend zu sehen, wie die Eltern zusammenhalten und sich gegenseitig Mut geben. Ich habe zum Gl\u00fcck zwei Kinder, die pumperlgesund sind und die heute zuhause auf den Nikolaus gewartet haben. Ich bin einfach dankbar, dass ich mit meiner Stimme meinen Beitrag leisten kann, dass Kinderaugen wieder strahlen k\u00f6nnen.&#8220;<\/p>\n<p>     <img decoding=\"async\" loading=\"lazy\" src=\"https:\/\/www.abendzeitung-muenchen.de\/storage\/image\/4\/2\/7\/3\/1633724_mcdonald-s-benefiz-gala-zugunsten-der-mcdonald-s-kinderhilfe-stiftung-in-de_artikelbild-75proz_1FdkVI_rt2PJN.jpg\" alt=\"Christina Stuermer sorgte f\u00fcr musikalische Unterhaltung, Jana Ina Zarella f\u00fchrte durch den Abend.\" title=\"Christina Stuermer sorgte f\u00fcr musikalische Unterhaltung, Jana Ina Zarella f\u00fchrte durch den Abend.\" width=\"609\" height=\"406\"\/><\/p>\n<p>      Christina Stuermer sorgte f\u00fcr musikalische Unterhaltung, Jana Ina Zarella f\u00fchrte durch den Abend.<br \/>\n      \u00a9 BrauerPhotos\/G.Nitschke<\/p>\n<p>    Christina Stuermer sorgte f\u00fcr musikalische Unterhaltung, Jana Ina Zarella f\u00fchrte durch den Abend.<\/p>\n<p>von BrauerPhotos\/G.Nitschke <\/p>\n<p>&#8222;}&#8220;&gt; <\/p>\n<p>Kein Weg war zu weit: Tom Beck und Chryssanthi Kavazi kamen extra aus Berlin: &#8222;Wir sind selbst Eltern zweier Kinder und freuen uns, diese wichtige Sache zu unterst\u00fctzen.&#8220; Wie sieht Weihnachten bei ihnen aus? &#8222;Der Baum steht schon seit einer Woche, nadelt aber schon. Weihnachten feiern wir dann mit der Familie, einmal griechisch-chaotisch und einmal fr\u00e4nkisch-geplanter.&#8220;<\/p>\n<p>Hohe Spendensumme f\u00fcr Kinder in Not: &#8222;McDonald&#8217;s&#8220; Benefizgala voller Erfolg<\/p>\n<p>Der Einsatz aller VIPs hatte sich gelohnt: Bis zum Ende des Abends kamen mehr als 1,6 Millionen Euro, genau gesagt 1,674.930,14 Euro zusammen! \u00a0Viel Geld brachte die von &#8222;Bares f\u00fcr Rares&#8220;-Star Wolfgang Pauritsch geleitete Auktion, bei der auch &#8222;money can\u2019t buy&#8220;-Erlebnisse versteigert wurden. Auch viele der prominenten Schirmherren der Ronald McDonald H\u00e4user waren mit dabei.<\/p>\n<p><strong>Welche Promis sich unter die G\u00e4ste gemischt haben, sehen Sie in unserer Bilderstrecke.<\/strong><\/p>\n","protected":false},"excerpt":{"rendered":"Beim Stichwort &#8222;McDonald&#8217;s&#8220; denken die meisten zuerst an Pommes und Burger. Wenn das Fastfood-Unternehmen aber zur allj\u00e4hrlichen Benefizgala&hellip;\n","protected":false},"author":2,"featured_media":629719,"comment_status":"","ping_status":"","sticky":false,"template":"","format":"standard","meta":{"footnotes":""},"categories":[1827],"tags":[772,29,30,10032,1268],"class_list":{"0":"post-629718","1":"post","2":"type-post","3":"status-publish","4":"format-standard","5":"has-post-thumbnail","7":"category-muenchen","8":"tag-bayern","9":"tag-deutschland","10":"tag-germany","11":"tag-mcdonald","12":"tag-muenchen"},"share_on_mastodon":{"url":"https:\/\/pubeurope.com\/@de\/115678002406495122","error":""},"_links":{"self":[{"href":"https:\/\/www.europesays.com\/de\/wp-json\/wp\/v2\/posts\/629718","targetHints":{"allow":["GET"]}}],"collection":[{"href":"https:\/\/www.europesays.com\/de\/wp-json\/wp\/v2\/posts"}],"about":[{"href":"https:\/\/www.europesays.com\/de\/wp-json\/wp\/v2\/types\/post"}],"author":[{"embeddable":true,"href":"https:\/\/www.europesays.com\/de\/wp-json\/wp\/v2\/users\/2"}],"replies":[{"embeddable":true,"href":"https:\/\/www.europesays.com\/de\/wp-json\/wp\/v2\/comments?post=629718"}],"version-history":[{"count":0,"href":"https:\/\/www.europesays.com\/de\/wp-json\/wp\/v2\/posts\/629718\/revisions"}],"wp:featuredmedia":[{"embeddable":true,"href":"https:\/\/www.europesays.com\/de\/wp-json\/wp\/v2\/media\/629719"}],"wp:attachment":[{"href":"https:\/\/www.europesays.com\/de\/wp-json\/wp\/v2\/media?parent=629718"}],"wp:term":[{"taxonomy":"category","embeddable":true,"href":"https:\/\/www.europesays.com\/de\/wp-json\/wp\/v2\/categories?post=629718"},{"taxonomy":"post_tag","embeddable":true,"href":"https:\/\/www.europesays.com\/de\/wp-json\/wp\/v2\/tags?post=629718"}],"curies":[{"name":"wp","href":"https:\/\/api.w.org\/{rel}","templated":true}]}}