{"id":629726,"date":"2025-12-07T11:19:30","date_gmt":"2025-12-07T11:19:30","guid":{"rendered":"https:\/\/www.europesays.com\/de\/629726\/"},"modified":"2025-12-07T11:19:30","modified_gmt":"2025-12-07T11:19:30","slug":"programm-tickets-wichtige-infos","status":"publish","type":"post","link":"https:\/\/www.europesays.com\/de\/629726\/","title":{"rendered":"Programm &#038; Tickets \u2013 Wichtige Infos"},"content":{"rendered":"<ul class=\"[[data-group=summary]_&amp;]:my-0 my-10 [h3+&amp;]:mt-0 expressive-copy-lg\">\n<li>Der Weihnachtsmarkt am Gendarmenmarkt findet in diesem Jahr wieder zwischen Deutschem und Franz\u00f6sischem Dom statt<\/li>\n<li>Auf der B\u00fchne findet t\u00e4glich ein abwechslungsreiches Programm statt<\/li>\n<li>\u00d6ffnungszeiten, Termin &amp; Eintritt: Die wichtigsten Infos zum \u201eWeihnachtsZauber\u201c finden Sie hier<\/li>\n<\/ul>\n<p class=\"expressive-copy-lg-body\"><a href=\"https:\/\/www.morgenpost.de\/themen\/weihnachten\/\" target=\"_blank\" rel=\"noopener\">Weihnachten<\/a> in <a href=\"https:\/\/www.morgenpost.de\/themen\/berlin\/\" target=\"_blank\" rel=\"noopener\">Berlin<\/a>: ohne den Weihnachtsmarkt am Gendarmenmarkt kaum vorstellbar. Im Dezember z\u00e4hlt die Zeltstadt auf dem Platz zwischen Deutschem und Franz\u00f6sischem Dom zu den beliebtesten <a href=\"https:\/\/www.morgenpost.de\/berlin\/article404288068\/weihnachtsmarkt-weihnachtsmaerkte-berlin-2025-oeffnungszeiten-termine-uebersicht.html\" data-category-full-path=\"https:\/\/www.morgenpost.de\/berlin\/\" data-paid-status=\"free\" data-article-publish-date=\"1762255485\" target=\"_blank\" rel=\"noopener\">Weihnachtsm\u00e4rkten in Berlin<\/a>. Hunderttausende Besucher aus aller Welt tummeln sich jedes Jahr auf dem Gendarmenmarkt und lassen sich vom \u201eWeihnachtsZauber\u201c anstecken \u2013 nicht nur wegen der vielen Kunsthandwerker, sondern vor allem wegen seines spektakul\u00e4ren kulinarischen Angebots.<\/p>\n<p>    <img decoding=\"async\" src=\"https:\/\/www.europesays.com\/de\/wp-content\/uploads\/2025\/11\/410367149_1762167470_v16_9_1200.jpeg\" class=\"block w-full object-cover relative z-10 aspect-[16\/9] md:aspect-[16\/9] lg:aspect-[16\/9] \" alt=\"Nach der Sanierung des Gendarmenmarkts kehrt der \u201eWeihnachtsZauber\u201c an die gewohnte Stelle zwischen Deutschem und Franz\u00f6sischem Dom zur\u00fcck.\" title=\"Nach der Sanierung des Gendarmenmarkts kehrt der \u201eWeihnachtsZauber\u201c an die gewohnte Stelle zwischen Deutschem und Franz\u00f6sischem Dom zur\u00fcck.\" loading=\"lazy\"\/><\/p>\n<p>\n      Nach der Sanierung des Gendarmenmarkts kehrt der \u201eWeihnachtsZauber\u201c an die gewohnte Stelle zwischen Deutschem und Franz\u00f6sischem Dom zur\u00fcck.<br \/>\n      \u00a9 FUNKE Foto Services | Reto Klar\n    <\/p>\n<p class=\"expressive-copy-lg-body\">In diesem Jahr dient das historische Geb\u00e4ude-Ensemble endlich wieder als Kulisse: Die Sanierung des Gendarmenmarkts ist l\u00e4ngst abgeschlossen, die Baustelle an Berlins sch\u00f6nstem Platz verschwunden. Ein Ausweichen des \u201eWeihnachtsZaubers\u201c an den Bebelplatz ist deshalb nicht l\u00e4nger n\u00f6tig. <\/p>\n<p>  Weihnachtsmarkt am Gendarmenmarkt: Shows und abwechslungsreiches Programm<\/p>\n<p class=\"expressive-copy-lg-body\">Das Erfolgsrezept des Weihnachtsmarkts am Gendarmenmarkt hat sich bew\u00e4hrt: Mit abwechslungsreichen Shows unterhalten K\u00fcnstler und K\u00fcnstlergruppen die Zuschauer auf der B\u00fchne. Auf dem Programm stehen Musik- genau wie Theater- und Tanzauff\u00fchrungen, in diesem Jahr oftmals als Neuinszenierungen traditioneller Darbietungen. Mit dabei sind in diesem Jahr unter anderem:<\/p>\n<ul class=\"[[data-group=summary]_&amp;]:my-0 my-10 [h3+&amp;]:mt-0 expressive-copy-lg\">\n<li>das Variet\u00e9-Ensemble \u201eDie Aristokraten\u201c: immer 20-21 Uhr (au\u00dfer Dienstag): \u201eWinterCircusWonderland\u201c<\/li>\n<li>die Balletschule Szilvia Wolf: immer samstags 15.30\/17 Uhr: \u201eEurop\u00e4ische T\u00e4nze\u201c; immer sonntags 15.30\/17 Uhr: \u201eDer Nussknacker\u201d<\/li>\n<li>Berliner Ch\u00f6re: t\u00e4gl. 18 bis 19.30 Uhr<\/li>\n<li>gemeinsames Singen mit dem Sonari-Chor: dienstags 18.30 Uhr<\/li>\n<\/ul>\n<p class=\"expressive-copy-lg-body\">\u201eErg\u00e4nzt wird das Programm durch eine st\u00e4rkere Pr\u00e4senz von Bands sowie zahlreiche neue Musiker:innen, die die B\u00fchne in festlichen Glanz tauchen\u201c, versprechen die Veranstalter. Abseits der B\u00fchne sorgen Walking-Acts f\u00fcr lebendige Momente: interaktive Begegnungen, kleine \u00dcberraschungen und spielerische Elemente lassen Besucherinnen und Besucher in die festliche Welt des \u201eWeihnachtsZaubers\u201c eintauchen.<\/p>\n<p>    <img decoding=\"async\" src=\"https:\/\/www.europesays.com\/de\/wp-content\/uploads\/2025\/11\/410367160_1762167470_v16_9_1200.jpeg\" class=\"block w-full object-cover relative z-10 aspect-[16\/9] md:aspect-[16\/9] lg:aspect-[16\/9] \" alt=\"Fester Bestandteil des Weihnachtsmarkts am Gendarmenmarkt: Sogenannte Walking Acts sorgen f\u00fcr spannende Begegnungen.\" title=\"Fester Bestandteil des Weihnachtsmarkts am Gendarmenmarkt: Sogenannte Walking Acts sorgen f\u00fcr spannende Begegnungen.\" loading=\"lazy\"\/><\/p>\n<p>\n      Fester Bestandteil des Weihnachtsmarkts am Gendarmenmarkt: Sogenannte Walking Acts sorgen f\u00fcr spannende Begegnungen.<br \/>\n      \u00a9 FUNKE Foto Services | Reto Klar\n    <\/p>\n<p>  Kunsthandwerk auf dem Gendarmenmarkt<\/p>\n<p class=\"expressive-copy-lg-body\">\u201eDer WeihnachtsZauber pr\u00e4sentiert Handwerksk\u00fcnstler, denen Sie bei ihrer Arbeit auch \u00fcber die Schulter schauen d\u00fcrfen\u201c, versprechen die Veranstalter. Pr\u00e4sentiert werden zum Beispiel ein Elfenbeinschnitzer, eine Flachsstickerin, eine Hutmacherin oder ein Drechsler.  Auch Keramik, Schmuck, Kleidung und Spielzeug kann in der gem\u00fctlichen Atmosph\u00e4re beheizter Zelte entdeckt werden.<\/p>\n<p>  Weihnachtsmarkt am Gendarmenmarkt 2025 in Berlin: Termin, \u00d6ffnungszeiten, Adresse \u2013 alle Infos<\/p>\n<ul class=\"[[data-group=summary]_&amp;]:my-0 my-10 [h3+&amp;]:mt-0 expressive-copy-lg\">\n<li><strong>Termin:<\/strong> 24. November bis 31. Dezember<\/li>\n<li><strong>\u00d6ffnungszeiten:<\/strong> t\u00e4glich 12-22 Uhr, Fr.\/Sa. bis 23 Uhr, Heiligabend 12 bis 18 Uhr, Silvester 12 bis 0 Uhr<\/li>\n<li><strong>Eintritt:<\/strong> zwei Euro, Kinder unter zw\u00f6lf Jahren frei, montags bis freitags 12 bis 15 Uhr f\u00fcr alle frei (au\u00dfer am 24.\/25.\/26.12.\/31.12.)<\/li>\n<li><strong>Adresse:<\/strong> Gendarmenmarkt, 10117 <a data-track-v2-eventname=\"pageElement\" data-track-v2-action=\"Click\" data-track-v2-parentposition=\"Content\" data-track-v2-elementtype=\"Button\" data-track-v2-elementstyle=\"Text\" data-track-v2-label=\"Link Label\" data-track-v2-vendor=\"Internal\" data-track-v2-parent=\"Link List\" data-track-v2-parentlabel=\"Link List\" data-track-v2-elementposition=\"4\" href=\"https:\/\/www.morgenpost.de\/bezirke\/mitte\/\" target=\"_blank\" rel=\"noopener\">Berlin-Mitte<\/a><\/li>\n<li><strong>Anfahrt: <\/strong>Hausvogteiplatz (U2), Stadtmitte (U6)<\/li>\n<\/ul>\n<p>      Weihnachten in Berlin: Die 51 besten Bilder aus der Hauptstadt<\/p>\n<p class=\"expressive-copy-lg-body\">Hunde (au\u00dfer Begleithunde wie Blindenhunde) sind auf dem Weihnachtsmarkt nicht erlaubt. Auch Taschen und Rucks\u00e4cke mit mehr als 15 Litern Inhalt (DIN-A4-Format) sind verboten, genau wie die Mitnahme von Speisen und Getr\u00e4nken. Der Veranstalter weist darauf hin, dass es f\u00fcr Kinder keine speziellen Angebote gibt. \u201eAllerdings ist das B\u00fchnenprogramm kinderfreundlich\u201c, so die Macher.<\/p>\n<p rel=\"author\" class=\"text-brand\">bee<\/p>\n","protected":false},"excerpt":{"rendered":"Der Weihnachtsmarkt am Gendarmenmarkt findet in diesem Jahr wieder zwischen Deutschem und Franz\u00f6sischem Dom statt Auf der B\u00fchne&hellip;\n","protected":false},"author":2,"featured_media":629727,"comment_status":"","ping_status":"","sticky":false,"template":"","format":"standard","meta":{"footnotes":""},"categories":[1825],"tags":[1941,1939,296,1937,29,30,1940,1938],"class_list":{"0":"post-629726","1":"post","2":"type-post","3":"status-publish","4":"format-standard","5":"has-post-thumbnail","7":"category-berlin","8":"tag-aktuelle-nachrichten-aus-berlin","9":"tag-aktuelle-news-aus-berlin","10":"tag-berlin","11":"tag-berlin-news","12":"tag-deutschland","13":"tag-germany","14":"tag-nachrichten-aus-berlin","15":"tag-news-aus-berlin"},"share_on_mastodon":{"url":"https:\/\/pubeurope.com\/@de\/115678017993151653","error":""},"_links":{"self":[{"href":"https:\/\/www.europesays.com\/de\/wp-json\/wp\/v2\/posts\/629726","targetHints":{"allow":["GET"]}}],"collection":[{"href":"https:\/\/www.europesays.com\/de\/wp-json\/wp\/v2\/posts"}],"about":[{"href":"https:\/\/www.europesays.com\/de\/wp-json\/wp\/v2\/types\/post"}],"author":[{"embeddable":true,"href":"https:\/\/www.europesays.com\/de\/wp-json\/wp\/v2\/users\/2"}],"replies":[{"embeddable":true,"href":"https:\/\/www.europesays.com\/de\/wp-json\/wp\/v2\/comments?post=629726"}],"version-history":[{"count":0,"href":"https:\/\/www.europesays.com\/de\/wp-json\/wp\/v2\/posts\/629726\/revisions"}],"wp:featuredmedia":[{"embeddable":true,"href":"https:\/\/www.europesays.com\/de\/wp-json\/wp\/v2\/media\/629727"}],"wp:attachment":[{"href":"https:\/\/www.europesays.com\/de\/wp-json\/wp\/v2\/media?parent=629726"}],"wp:term":[{"taxonomy":"category","embeddable":true,"href":"https:\/\/www.europesays.com\/de\/wp-json\/wp\/v2\/categories?post=629726"},{"taxonomy":"post_tag","embeddable":true,"href":"https:\/\/www.europesays.com\/de\/wp-json\/wp\/v2\/tags?post=629726"}],"curies":[{"name":"wp","href":"https:\/\/api.w.org\/{rel}","templated":true}]}}