{"id":629738,"date":"2025-12-07T11:28:32","date_gmt":"2025-12-07T11:28:32","guid":{"rendered":"https:\/\/www.europesays.com\/de\/629738\/"},"modified":"2025-12-07T11:28:32","modified_gmt":"2025-12-07T11:28:32","slug":"ingo-schwaermt-vom-kind-seiner-neuen-freundin","status":"publish","type":"post","link":"https:\/\/www.europesays.com\/de\/629738\/","title":{"rendered":"Ingo schw\u00e4rmt vom Kind seiner neuen Freundin"},"content":{"rendered":"<p style=\"order:0\" class=\"spanFix max-w-[750px] leading-[30px] sm:text-[22px] sm:leading-[38px] sm:text-[22px] sm:leading-[38px]\">Reality-TV-Star <a target=\"_self\" data-google-interstitial=\"true\" href=\"https:\/\/www.promiflash.de\/thema\/ingo\/\" rel=\"noopener\">Ingo Peters<\/a> (35) l\u00e4sst sein Herz sprechen: In einer Fragerunde auf Instagram erz\u00e4hlte er, wie sehr er sich in den gemeinsamen Alltag mit seiner neuen Freundin Steffi eingefunden hat \u2013 und wie eng sein Verh\u00e4ltnis zu ihrem Kind bereits ist. Die Beziehung l\u00e4uft seit rund vier Monaten, die beiden leben noch getrennt und wohnen etwa 30 Minuten Bahnfahrt voneinander entfernt. Trotzdem verbringen sie viel Zeit miteinander. Besonders r\u00fchrend: <b>&#8222;Ich f\u00fchle mich mittlerweile schon wie der Papa&#8220;<\/b>, schw\u00e4rmte Ingo.<\/p>\n<p style=\"order:3\" class=\"spanFix max-w-[750px] leading-[30px] sm:text-[22px] sm:leading-[38px] sm:text-[22px] sm:leading-[38px]\">Zu den praktischen Details wurde Ingo konkret. Der <a target=\"_self\" data-google-interstitial=\"true\" href=\"https:\/\/www.promiflash.de\/thema\/schwiegertochter-gesucht\/\" rel=\"noopener\">Schwiegertochter gesucht<\/a>-Star und Steffi h\u00e4tten f\u00fcr Besuche und Ausfl\u00fcge einen eingespielten Rhythmus gefunden, trotz der kurzen Distanz zwischen ihren Wohnorten. <b>&#8222;Meine liebe Freundin findet das auch super, wie ich damit umgehe und sie auch ein bisschen unterst\u00fctze in manchen Situationen&#8220;<\/b>, erkl\u00e4rte er in seiner Story. Dass das Kind ihn &#8222;prima&#8220; annehme, sei f\u00fcr ihn ein gro\u00dfes Gl\u00fccksgef\u00fchl \u2013 und wohl auch ein Zeichen, dass der neue Beziehungsalltag funktioniert.<\/p>\n<p style=\"order:6\" class=\"spanFix max-w-[750px] leading-[30px] sm:text-[22px] sm:leading-[38px] sm:text-[22px] sm:leading-[38px]\">Der 35-J\u00e4hrige hatte <a target=\"_self\" data-google-interstitial=\"true\" href=\"https:\/\/www.promiflash.de\/news\/2025\/08\/30\/schwiegertochter-ingo-zeigt-erstmals-seine-neue-freundin.html\" rel=\"noopener\">seine neue Liebe<\/a> fr\u00fcher der \u00d6ffentlichkeit pr\u00e4sentiert, als urspr\u00fcnglich geplant. Auf Instagram zeigte er sich damals zum ersten Mal gemeinsam mit Steffi und strahlte \u00fcber das ganze Gesicht. <b>&#8222;Ich mache mir jetzt mit meiner Freundin Steffi einen sch\u00f6nen Abend&#8220;<\/b>, schrieb der Reality-TV-Star dazu. Eigentlich wollte Ingo die Beziehung erst auf einem Event seines Freundes <a target=\"_self\" data-google-interstitial=\"true\" href=\"https:\/\/www.promiflash.de\/thema\/eric-sindermann\/\" rel=\"noopener\">Eric Sindermann<\/a> (37) offiziell vorstellen, doch so lange konnte der TV-Liebling seine Freude offenbar nicht geheim halten.<\/p>\n<p><img class=\"top-0  absolute h-full w-full object-cover\" alt=\"Ingo Peters und seine Freundin Steffi, Dezember 2025\" width=\"854\" height=\"480\" decoding=\"async\"  loading=\"lazy\" style=\"background-size:cover;background-position:50% 50%;background-repeat:no-repeat;background-image:url(&quot;data:image\/svg+xml;charset=utf-8,%3Csvg xmlns='http:\/\/www.w3.org\/2000\/svg' viewBox='0 0 640 640'%3E%3Cfilter id='b' color-interpolation-filters='sRGB'%3E%3CfeGaussianBlur stdDeviation='20'\/%3E%3CfeColorMatrix values='1 0 0 0 0 0 1 0 0 0 0 0 1 0 0 0 0 0 100 -1' result='s'\/%3E%3CfeFlood x='0' y='0' width='100%25' height='100%25'\/%3E%3CfeComposite operator='out' in='s'\/%3E%3CfeComposite in2='SourceGraphic'\/%3E%3CfeGaussianBlur stdDeviation='20'\/%3E%3C\/filter%3E%3Cimage width='100%25' height='100%25' x='0' y='0' preserveAspectRatio='none' style='filter: url(%23b);' href='data:image\/png;base64,iVBORw0KGgoAAAANSUhEUgAAABAAAAAQCAYAAAAf8\/9hAAAEG0lEQVR4AQEQBO\/7AMW\/mf\/FvZf\/w7mU\/8Czjv+9q4j\/uaOB\/7ace\/+0l3j\/tJZ4\/7aYe\/+6noD\/v6aG\/8WvjP\/Kt5L\/z72W\/9LBmf8AwbqV\/8G5lP+\/tZD\/va+L\/7mohf+2oH7\/s5l5\/7GVdv+xk3b\/s5Z4\/7ebff+8o4P\/wqyK\/8i0j\/\/NupT\/0L6W\/wC1rYv\/tayK\/7Sph\/+ypYL\/sJ98\/66Yd\/+rknL\/qo1v\/6qMb\/+rjXL\/r5J2\/7SafP+6ooL\/wKuI\/8Wyjf\/Jto\/\/AKKYev+imHn\/opZ3\/6KTc\/+hj2\/\/oYtq\/5+GZ\/+egWT\/nn9k\/5+AZ\/+jhGv\/qItx\/66Ud\/+1nX3\/u6SB\/76phP8AiH1k\/4l9Y\/+LfWL\/jX1g\/498Xf+QeVr\/j3ZY\/49yVv+Ob1b\/j25Y\/5JxXP+YeGL\/n4Fo\/6eLbv+uk3P\/sph2\/wBrXEn\/bV1J\/3FgSv92Y0r\/emVJ\/31lSP9+Y0b\/fV9F\/3taRP98WUb\/f1tK\/4ViT\/+ObFb\/mHdd\/6CAYv+mhmb\/AEw4LP9POy3\/V0Ev\/2BIMv9nTjT\/a1A1\/2xONP9qSjL\/Z0Qx\/2ZAMf9qQjT\/cko7\/35XQ\/+KY0v\/lG5R\/5t1Vv8AMRUL\/zYcD\/9CJxf\/TjIe\/1c6I\/9cPCX\/XDok\/1gzIP9TKhv\/USMY\/1UmG\/9gMyT\/b0Qv\/39TOv+LYEL\/lGdH\/wAkEgH\/KxcG\/zkhEP9GKhn\/Ty8e\/1MvH\/9RKhv\/Sh8S\/0ELAf88AAD\/QgUA\/1EhCf9kOB7\/d0ot\/4ZXN\/+PXz7\/ACgoGP8uKhr\/Oi0f\/0YwI\/9OMCX\/UCwj\/0wjHf9CERH\/NQAA\/ywAAP8zAAD\/RhoA\/100FP9yRib\/glQy\/41cOv8AMDgp\/zQ4Kv8\/OSz\/Sjku\/1A2L\/9RMSz\/TCYm\/0AVGv8wAAX\/IwAA\/ykAAP8\/HAD\/WDQV\/25GJ\/9\/UzP\/ils6\/wAvPDH\/ND0x\/0A+NP9LPjb\/Ujw2\/1M3NP9OLi7\/QiAk\/zILFf8jAAD\/JQEA\/zoeBP9TNBr\/aUUq\/3tRNv+FWT3\/ACE1Mf8pNzL\/OTo1\/0c9OP9RPzr\/VDw4\/1E2NP9GKyv\/Nxsg\/ycHEf8kBQf\/NhoQ\/00vH\/9jQS3\/dE44\/35WP\/8AABwq\/wAhLP8oLDH\/PzY2\/009Ov9UPzr\/Ujw3\/0ozMP88JCb\/Kw8a\/yQAEv8wDRb\/RSYi\/1o5L\/9qRzn\/dU9A\/wAAABz\/AAAg\/wAJKf8yKjH\/SDk4\/1JAOv9TQDn\/TTgz\/0ApKv8vER\/\/IwAX\/ykAGf88FCP\/UC0v\/2A+Of9qSED\/AAAABv8AABD\/AAAf\/yQbLP9CNTX\/UEA6\/1NCOf9OOzT\/Qiws\/zERIf8iABn\/IgAZ\/zMAI\/9HIS\/\/VzU5\/2JBP\/+TswLSGln93AAAAABJRU5ErkJggg=='\/%3E%3C\/svg%3E&quot;)\" src=\"https:\/\/www.europesays.com\/de\/wp-content\/uploads\/2025\/12\/ingo-peters-und-seine-freundin-steffi-laecheln.jpg\" fetchpriority=\"auto\"\/>Instagram \/ ingo_von_schwiegertochter<img decoding=\"async\" alt=\"Bilder Gallerie Button\" class=\"absolute bottom-[7px] right-[3px] w-[54px] h-[54px] group-hover:scale-110 transition-transform duration-300\" src=\"https:\/\/www.europesays.com\/de\/wp-content\/uploads\/2025\/11\/galerie_button.png\" loading=\"lazy\"\/>Ingo Peters und seine Freundin Steffi, Dezember 2025<img class=\"top-0  absolute h-full w-full object-cover\" alt=\"Ingo, &quot;Schwiegertochter gesucht&quot;-Star\" width=\"854\" height=\"480\" decoding=\"async\"  loading=\"lazy\" style=\"background-size:cover;background-position:50% 50%;background-repeat:no-repeat;background-image:url(&quot;data:image\/svg+xml;charset=utf-8,%3Csvg xmlns='http:\/\/www.w3.org\/2000\/svg' viewBox='0 0 640 640'%3E%3Cfilter id='b' color-interpolation-filters='sRGB'%3E%3CfeGaussianBlur stdDeviation='20'\/%3E%3CfeColorMatrix values='1 0 0 0 0 0 1 0 0 0 0 0 1 0 0 0 0 0 100 -1' result='s'\/%3E%3CfeFlood x='0' y='0' width='100%25' height='100%25'\/%3E%3CfeComposite operator='out' in='s'\/%3E%3CfeComposite in2='SourceGraphic'\/%3E%3CfeGaussianBlur stdDeviation='20'\/%3E%3C\/filter%3E%3Cimage width='100%25' height='100%25' x='0' y='0' preserveAspectRatio='none' style='filter: url(%23b);' href='data:image\/png;base64,iVBORw0KGgoAAAANSUhEUgAAABAAAAAQCAYAAAAf8\/9hAAAEG0lEQVR4AQEQBO\/7AEljVf9MYlP\/VV5O\/2FaSP9uWEP\/e1hB\/4dbRP+PYUr\/lGdR\/5NrVP+Na1T\/gGdN\/2tePv9OUSH\/HEAA\/wAvAP8ASGJT\/0xhUf9VXk3\/YltH\/3BZQ\/9+WkL\/il5G\/5NkTP+XalL\/l25W\/5BuVv+Dak\/\/b2FB\/1NUKf8pRQD\/ADYA\/wBHXU3\/TF1M\/1dcSf9mW0X\/dlxD\/4VgRf+SZkr\/m21R\/6BzV\/+fdlv\/mXZb\/4xyVf96aUr\/YF03\/z9QGv8MRAD\/AEZXRP9MWET\/WllC\/2xcQv9+YUP\/jmhI\/5xvT\/+md1f\/q31d\/6qAYf+kf2H\/mHpc\/4ZyU\/9uZ0X\/U1sz\/zZRIP8AR1A7\/05SO\/9eVjz\/clw+\/4VlQ\/+Xbkv\/pnhT\/7CAXP+1hmP\/tYhm\/66HZv+igmL\/kXla\/3puTv9hYkH\/SVg0\/wBMTDb\/U042\/2NUOP93XT3\/jGdE\/55zTf+tfVf\/t4Zg\/72MZ\/+9jmr\/t4xq\/6qHZv+YfV7\/gnBT\/2hjRf9RWDn\/AFZNOv9bTzv\/alU8\/31eQP+QaUb\/onVP\/7GAWf+8iWL\/wY9p\/8GRbf+7j23\/r4ho\/5x9X\/+EblL\/aV5C\/1BQM\/8AY1ZJ\/2dXSf9yW0j\/gmJI\/5NrS\/+kdVH\/sn9a\/72IY\/\/Dj2r\/w5Fu\/7yObv+whmj\/nHle\/4NoTv9mUzn\/SUAh\/wBzZl7\/dWZc\/31nWf+IaVX\/lm5T\/6R1Vf+xflv\/u4Zj\/8GNa\/\/Bj2\/\/vIxv\/6+Eaf+bdV3\/gWFK\/2FHL\/8\/KwD\/AIR6dP+FeXL\/iXdt\/5B1Zf+ZdF7\/pHdc\/699Xv+4hGX\/vopt\/7+Ncv+6i3P\/roNt\/5p1Yf+AX03\/X0Mw\/zwfAP8AlZCK\/5WOiP+WiYH\/mIN3\/51+bP+lfGX\/rX9k\/7aEaf+8inH\/vY53\/7mNef+uh3X\/nHpq\/4NnWf9mTkP\/RzQo\/wClpZ\/\/pKOc\/6OclP+ilIj\/o4t7\/6eFcf+uhG3\/tYdw\/7uNd\/+9kn7\/upOB\/7GPgP+ihnn\/jXds\/3RlXf9eVk7\/ALO4sP+ytq3\/r66k\/6ykl\/+rmIn\/rJB9\/7CMdv+2jnj\/vJN+\/7+Zhv++nIz\/t5uN\/6uVif+ai4H\/h4B3\/3d2bv8Av8i\/\/77Gu\/+6vrL\/trKl\/7Kllf+ym4j\/tJWA\/7qVgP+\/mob\/w6GP\/8Omlv+\/p5r\/taWZ\/6iflf+amI7\/jpGJ\/wDI1cn\/xtLG\/8LJvf+9va\/\/ubCf\/7ekkP+5nYj\/vZ2H\/8Ohjf\/HqZb\/ya+f\/8aypP+\/sqb\/tK+k\/6mrof+gp53\/AM3c0P\/M2c3\/x9HD\/8LEtf+9tqX\/u6qW\/7yjjf\/Aooz\/xqaS\/8qum\/\/MtaX\/y7mr\/8W7rv+9ua7\/s7as\/6y0qv+UfXQwjwpRuwAAAABJRU5ErkJggg=='\/%3E%3C\/svg%3E&quot;)\" src=\"https:\/\/www.europesays.com\/de\/wp-content\/uploads\/2025\/08\/ingo-laechelt-6.jpg\" fetchpriority=\"auto\"\/>Instagram \/ ingo_von_schwiegertochter<img decoding=\"async\" alt=\"Bilder Gallerie Button\" class=\"absolute bottom-[7px] right-[3px] w-[54px] h-[54px] group-hover:scale-110 transition-transform duration-300\" src=\"https:\/\/www.europesays.com\/de\/wp-content\/uploads\/2025\/11\/galerie_button.png\" loading=\"lazy\"\/>Ingo, &#8222;Schwiegertochter gesucht&#8220;-Star<img class=\"top-0  absolute h-full w-full object-cover\" alt=\"&quot;Schwiegertochter gesucht&quot;-Teilnehmer Ingo und seine Freundin Steffi\" width=\"854\" height=\"480\" decoding=\"async\"  loading=\"lazy\" style=\"background-size:cover;background-position:50% 50%;background-repeat:no-repeat;background-image:url(&quot;data:image\/svg+xml;charset=utf-8,%3Csvg xmlns='http:\/\/www.w3.org\/2000\/svg' viewBox='0 0 640 640'%3E%3Cfilter id='b' color-interpolation-filters='sRGB'%3E%3CfeGaussianBlur stdDeviation='20'\/%3E%3CfeColorMatrix values='1 0 0 0 0 0 1 0 0 0 0 0 1 0 0 0 0 0 100 -1' result='s'\/%3E%3CfeFlood x='0' y='0' width='100%25' height='100%25'\/%3E%3CfeComposite operator='out' in='s'\/%3E%3CfeComposite in2='SourceGraphic'\/%3E%3CfeGaussianBlur stdDeviation='20'\/%3E%3C\/filter%3E%3Cimage width='100%25' height='100%25' x='0' y='0' preserveAspectRatio='none' style='filter: url(%23b);' href='data:image\/png;base64,iVBORw0KGgoAAAANSUhEUgAAABAAAAAQCAYAAAAf8\/9hAAAEG0lEQVR4AQEQBO\/7AM2tlv\/KqpT\/w6KO\/7mVhP+uh3n\/pXtu\/6F0Zv+jdWP\/qHtk\/66DaP+xiWz\/sItu\/6uIbv+igmv\/mHpn\/49zZP8AzKyV\/8mpkv\/CoIz\/uJSC\/62Gd\/+keWz\/oHNl\/6JzYv+neWP\/rIFn\/6+Hav+uiWz\/qYZs\/6GAav+XeGb\/jnFj\/wDIp5D\/xqSO\/7+ch\/+1kH7\/q4Fz\/6J1aP+ebmH\/nm5e\/6J0X\/+ne2P\/qYFm\/6iDaP+kgWj\/nHtl\/5NzYv+LbV\/\/AMOgiP\/BnYb\/u5WA\/7KJd\/+oe2z\/n29i\/5pnWv+ZZlf\/m2tY\/55yXP+gd1\/\/oHph\/5t4Yf+Vc1\/\/jW1c\/4dnWf8AvZd\/\/7uVff+2jXf\/rYJu\/6R0ZP+bZ1r\/lV9S\/5JcT\/+TYE\/\/lGZS\/5VrVv+Ublj\/km5Z\/41rWP+IZlb\/hGJU\/wC3jnT\/tYxy\/7CFbf+pemX\/oG5c\/5dhU\/+QV0r\/i1JG\/4lTRf+JV0f\/iV1K\/4lhTv+IY1H\/hmRS\/4RiU\/+DYVP\/ALKGaf+whGj\/rH5k\/6Z1Xv+daVb\/lF1N\/4xRRP+FST3\/gEY6\/35JOv9+Tz7\/f1VE\/4FbSv+DYFD\/hGNU\/4VlV\/8AroBh\/61+YP+peV7\/o3JZ\/5xoU\/+TXEv\/iVBB\/4FFOP96PzH\/dj8v\/3ZFNP95Tj3\/fllI\/4NiUv+Ialr\/i25f\/wCtfV3\/rHxd\/6l4W\/+jclj\/nGpT\/5NfTP+JU0P\/f0c4\/3g\/L\/90PSv\/dEQx\/3lQPf+AXUz\/iGpZ\/490Y\/+Temr\/AK5\/Xv+tfl7\/qntd\/6R2W\/+dblf\/lGVQ\/4paSP+BTz7\/ekg1\/3dGMv94TTn\/fllG\/4ZnVf+PdWP\/l39v\/5yGdv8AsYRk\/7CDZP+tgGL\/p3tg\/6B0XP+XbFb\/jmNP\/4ZaR\/+AVUH\/f1ZB\/4FdR\/+HaFT\/j3Vi\/5iBb\/+finn\/pJGA\/wC1i2z\/tIpr\/7CGav+rgWf\/o3pi\/5tyXf+Ta1f\/jWZR\/4llT\/+JZ1H\/jG9Z\/5J4Y\/+Zg2\/\/oIx6\/6aUg\/+qmYn\/ALqSdf+4kXT\/tI1x\/66Gbf+nf2f\/n3hi\/5lzXv+UcVz\/k3Nd\/5R4Yv+Yf2n\/nYhy\/6KPfP+oloT\/rJuL\/6+fj\/8Avpl9\/7yXe\/+4knf\/soty\/6qDbP+jfWb\/nnlk\/5t6ZP+bf2j\/noZv\/6KOd\/+mlX\/\/qpqG\/66ejP+woZD\/saKT\/wDBn4P\/v52B\/7uXfP+0j3b\/rYZv\/6aAav+ifmj\/oYFr\/6KIcf+mkHr\/qpiC\/62fif+woo\/\/sqSS\/7KklP+ypJX\/AMOih\/\/BoIX\/vZqA\/7aReP+viHH\/qYJr\/6WAa\/+khW\/\/p413\/6qXgP+vn4n\/sqWP\/7SnlP+0p5b\/tKaX\/7Okl\/\/1sX0al5r45gAAAABJRU5ErkJggg=='\/%3E%3C\/svg%3E&quot;)\" src=\"https:\/\/www.europesays.com\/de\/wp-content\/uploads\/2025\/12\/ingo-und-seine-freundin-steffi-lachen.jpg\" fetchpriority=\"auto\"\/>Instagram \/ ingo_von_schwiegertochter<img decoding=\"async\" alt=\"Bilder Gallerie Button\" class=\"absolute bottom-[7px] right-[3px] w-[54px] h-[54px] group-hover:scale-110 transition-transform duration-300\" src=\"https:\/\/www.europesays.com\/de\/wp-content\/uploads\/2025\/11\/galerie_button.png\" loading=\"lazy\"\/>&#8222;Schwiegertochter gesucht&#8220;-Teilnehmer Ingo und seine Freundin Steffi<\/p>\n<p>Wie findet ihr es, dass Ingo sich nach vier Monaten schon &#8222;wie der Papa&#8220; f\u00fchlt?<\/p>\n<p>Ergebnis anzeigen<\/p>\n","protected":false},"excerpt":{"rendered":"Reality-TV-Star Ingo Peters (35) l\u00e4sst sein Herz sprechen: In einer Fragerunde auf Instagram erz\u00e4hlte er, wie sehr er&hellip;\n","protected":false},"author":2,"featured_media":629739,"comment_status":"","ping_status":"","sticky":false,"template":"","format":"standard","meta":{"footnotes":""},"categories":[1773],"tags":[29,214,30,471,1780,215],"class_list":{"0":"post-629738","1":"post","2":"type-post","3":"status-publish","4":"format-standard","5":"has-post-thumbnail","7":"category-serien","8":"tag-deutschland","9":"tag-entertainment","10":"tag-germany","11":"tag-serien","12":"tag-series","13":"tag-unterhaltung"},"share_on_mastodon":{"url":"https:\/\/pubeurope.com\/@de\/115678055477966949","error":""},"_links":{"self":[{"href":"https:\/\/www.europesays.com\/de\/wp-json\/wp\/v2\/posts\/629738","targetHints":{"allow":["GET"]}}],"collection":[{"href":"https:\/\/www.europesays.com\/de\/wp-json\/wp\/v2\/posts"}],"about":[{"href":"https:\/\/www.europesays.com\/de\/wp-json\/wp\/v2\/types\/post"}],"author":[{"embeddable":true,"href":"https:\/\/www.europesays.com\/de\/wp-json\/wp\/v2\/users\/2"}],"replies":[{"embeddable":true,"href":"https:\/\/www.europesays.com\/de\/wp-json\/wp\/v2\/comments?post=629738"}],"version-history":[{"count":0,"href":"https:\/\/www.europesays.com\/de\/wp-json\/wp\/v2\/posts\/629738\/revisions"}],"wp:featuredmedia":[{"embeddable":true,"href":"https:\/\/www.europesays.com\/de\/wp-json\/wp\/v2\/media\/629739"}],"wp:attachment":[{"href":"https:\/\/www.europesays.com\/de\/wp-json\/wp\/v2\/media?parent=629738"}],"wp:term":[{"taxonomy":"category","embeddable":true,"href":"https:\/\/www.europesays.com\/de\/wp-json\/wp\/v2\/categories?post=629738"},{"taxonomy":"post_tag","embeddable":true,"href":"https:\/\/www.europesays.com\/de\/wp-json\/wp\/v2\/tags?post=629738"}],"curies":[{"name":"wp","href":"https:\/\/api.w.org\/{rel}","templated":true}]}}