{"id":629745,"date":"2025-12-07T11:32:12","date_gmt":"2025-12-07T11:32:12","guid":{"rendered":"https:\/\/www.europesays.com\/de\/629745\/"},"modified":"2025-12-07T11:32:12","modified_gmt":"2025-12-07T11:32:12","slug":"oliver-kahn-plant-mega-deal-milliarden-versprechen-in-der-schweiz-sport","status":"publish","type":"post","link":"https:\/\/www.europesays.com\/de\/629745\/","title":{"rendered":"Oliver Kahn plant Mega-Deal: Milliarden-Versprechen in der Schweiz | Sport"},"content":{"rendered":"<p><b>Oliver Kahn, der ehemalige Welttorh\u00fcter und Vorstandsboss des FC Bayern M\u00fcnchen, plant ein Comeback als Top-Manager mit einem ehrgeizigen Ziel: Ein Fu\u00dfball-Club-Imperium. <\/b><\/p>\n<p>Doch sein Erfolg h\u00e4ngt von einem dubiosen Gesch\u00e4ftspartner ab, der mit einem Milliardenverm\u00f6gen aus der Schweiz lockt. Kann Kahn seinem Partner wirklich vertrauen, oder steht das gesamte Projekt auf wackligen Beinen? <\/p>\n<p><b>Lesen Sie mit BILDplus, welche brisanten Details die BILD-Recherchen \u00fcber Kahns riskantes Vorhaben ans Licht gebracht haben.<\/b><\/p>\n","protected":false},"excerpt":{"rendered":"Oliver Kahn, der ehemalige Welttorh\u00fcter und Vorstandsboss des FC Bayern M\u00fcnchen, plant ein Comeback als Top-Manager mit einem&hellip;\n","protected":false},"author":2,"featured_media":629746,"comment_status":"","ping_status":"","sticky":false,"template":"","format":"standard","meta":{"footnotes":""},"categories":[136],"tags":[1263,29,538,458,30,116304,5134,1651,265,1576,45],"class_list":{"0":"post-629745","1":"post","2":"type-post","3":"status-publish","4":"format-standard","5":"has-post-thumbnail","7":"category-sport","8":"tag-aufmacher-bereich","9":"tag-deutschland","10":"tag-erste-bundesliga","11":"tag-fc-bayern-muenchen","12":"tag-germany","13":"tag-kahn-oliver","14":"tag-quad-teaser","15":"tag-red-bull","16":"tag-sport","17":"tag-super-a-teaser","18":"tag-texttospeech"},"share_on_mastodon":{"url":"https:\/\/pubeurope.com\/@de\/115678068507188094","error":""},"_links":{"self":[{"href":"https:\/\/www.europesays.com\/de\/wp-json\/wp\/v2\/posts\/629745","targetHints":{"allow":["GET"]}}],"collection":[{"href":"https:\/\/www.europesays.com\/de\/wp-json\/wp\/v2\/posts"}],"about":[{"href":"https:\/\/www.europesays.com\/de\/wp-json\/wp\/v2\/types\/post"}],"author":[{"embeddable":true,"href":"https:\/\/www.europesays.com\/de\/wp-json\/wp\/v2\/users\/2"}],"replies":[{"embeddable":true,"href":"https:\/\/www.europesays.com\/de\/wp-json\/wp\/v2\/comments?post=629745"}],"version-history":[{"count":0,"href":"https:\/\/www.europesays.com\/de\/wp-json\/wp\/v2\/posts\/629745\/revisions"}],"wp:featuredmedia":[{"embeddable":true,"href":"https:\/\/www.europesays.com\/de\/wp-json\/wp\/v2\/media\/629746"}],"wp:attachment":[{"href":"https:\/\/www.europesays.com\/de\/wp-json\/wp\/v2\/media?parent=629745"}],"wp:term":[{"taxonomy":"category","embeddable":true,"href":"https:\/\/www.europesays.com\/de\/wp-json\/wp\/v2\/categories?post=629745"},{"taxonomy":"post_tag","embeddable":true,"href":"https:\/\/www.europesays.com\/de\/wp-json\/wp\/v2\/tags?post=629745"}],"curies":[{"name":"wp","href":"https:\/\/api.w.org\/{rel}","templated":true}]}}