{"id":629766,"date":"2025-12-07T11:43:19","date_gmt":"2025-12-07T11:43:19","guid":{"rendered":"https:\/\/www.europesays.com\/de\/629766\/"},"modified":"2025-12-07T11:43:19","modified_gmt":"2025-12-07T11:43:19","slug":"eintracht-braunschweig-empfaengt-holstein-kiel-duell-der-beschwingten","status":"publish","type":"post","link":"https:\/\/www.europesays.com\/de\/629766\/","title":{"rendered":"Eintracht Braunschweig empf\u00e4ngt Holstein Kiel: Duell der Beschwingten"},"content":{"rendered":"<p>        <img decoding=\"async\" src=\"https:\/\/www.europesays.com\/de\/wp-content\/uploads\/2025\/12\/holstein1328.webp\" alt=\"Eintracht Braunschweig vs Holstein Kiel, Bild zeigt: Holmbert Aron Fridjonsson (KSV, 19) erzielt in der 90. Minute per Kopfball gegen Brian Behrendt (BTSV, 30) das 1:0 f\u00fcr Kiel\" title=\"Eintracht Braunschweig vs Holstein Kiel, Bild zeigt: Holmbert Aron Fridjonsson (KSV, 19) erzielt in der 90. Minute per Kopfball gegen Brian Behrendt (BTSV, 30) das 1:0 f\u00fcr Kiel | Imago \/ regios24\" class=\"responsive\"\/><\/p>\n<p>AUDIO: Eintracht Braunschweig hofft auf erneuten Sieg (1 Min)<\/p>\n<p>\n            Stand: 07.12.2025 07:44 Uhr<\/p>\n<p class=\"preface\">Brustl\u00f6ser f\u00fcr Eintracht Braunschweig, Pokal-Euphorie bei Holstein Kiel: Im Zweitliga-Nordduell treffen heute zwei Teams mit Erfolgserlebnissen im R\u00fccken aufeinander, die aber beide dringend Punkte im Abstiegskampf brauchen.<\/p>\n<p class=\"textauthor\">von Matthias Heidrich<\/p>\n<p class=\"\">Nach zuvor vier Pleiten in Folge war der j\u00fcngste 2:0-Heimerfolg der Braunschweiger gegen Kaiserslautern Balsam f\u00fcr die geschundenen Eintracht-Seelen, f\u00fcr Trainer Heiner Backhaus aber auch schon wieder abgehakt. &#8222;Wir m\u00fcssen neue Geschichten schreiben&#8220;, sagte er vor dem heutigen Heimspiel (13.30 Uhr, im <a href=\"https:\/\/www.ndr.de\/sport\/live\" title=\"Nordduell Eintracht Braunschweig - Holstein Kiel ab 13.30 Uhr live\" target=\"_blank\" rel=\"noopener\">NDR Livecenter<\/a>) gegen den Nordrivalen Holstein Kiel.<\/p>\n<p>    &#8222;Aus eigener Kraft&#8220; an Holstein Kiel vorbeiziehen<\/p>\n<p class=\"\">&#8222;Es geht darum, aus eigener Kraft zu versuchen, an Holstein Kiel vorbeizuziehen&#8220;, so der &#8222;L\u00f6wen&#8220;-Coach, der auf Frederik J\u00e4kel, Lino Tempelmann und Florian Flick verzichten muss. Daf\u00fcr braucht der Tabellen-16. einen Sieg gegen den die drei Pl\u00e4tze besser platzierten Kieler. Backhaus ist sich sicher: &#8222;Wenn die Mannschaft wie gegen Lautern an ihre Grenzen geht, dann k\u00f6nnen wir jeden schlagen.&#8220;<\/p>\n<p>        <img decoding=\"async\" src=\"https:\/\/www.europesays.com\/de\/wp-content\/uploads\/2025\/12\/harres-108.webp\" alt=\"Phil Harres von Holstein Kiel jubelt\" title=\"Phil Harres von Holstein Kiel jubelt | IMAGO\/Ole Jacobsen\" class=\"responsive\" loading=\"lazy\"\/><\/p>\n<p>Kiels Sieg im Pokal-Achtelfinale beim HSV war f\u00fcr Phil Harres besonders s\u00fc\u00df. F\u00fcr den Bundesliga-Shootingstar l\u00e4uft es in der Zweiten Liga noch nicht rund.<\/p>\n<p>    Respekt vor der Kieler Pokalleistung<\/p>\n<p class=\"\">Auch die Kieler, die mit dem emotionalen <a href=\"https:\/\/www.ndr.de\/fernsehen\/sendungen\/schleswig-holstein_magazin\/pokalderby-holstein-kiel-gewinnt-beim-hamburger-sv,shmag-5084.html\" title=\"DFB-Pokal: Holstein Kiel gewinnt beim Hamburger SV\" target=\"_blank\" rel=\"noopener\">DFB-Pokal-Achtelfinaltriumph beim HSV<\/a> in Gep\u00e4ck nach Niedersachsen kommen? &#8222;Ich habe das Spiel live in Hamburg gesehen. Mein Respekt f\u00fcr die Leistung von Holstein Kiel k\u00f6nnte nicht gr\u00f6\u00dfer sein&#8220;, sagte Backhaus und lobte die Schleswig-Holsteiner: &#8222;Kiel ist sehr jung, sehr wild, sehr schnell und technisch sehr gut.&#8220;<\/p>\n<p>    Rapp: &#8222;Feiereien haben sich im Rahmen gehalten&#8220;<\/p>\n<p class=\"\">KSV-Trainer Marcel Rapp trat am Freitag auf die Euphoriebremse. &#8222;Alle waren beim Training, die Feiereien haben sich im Rahmen gehalten&#8220;, sagte er mit einem Augenzwinkern und schob hinterher: &#8222;Jeder wei\u00df, dass es am Sonntag wieder um Punkte geht und wir zu wenig Punkte haben.&#8220;<\/p>\n<p class=\"\">Das gute Gef\u00fchl und die Energie aus dem Erfolgserlebnis im Volksparkstadion wolle sein Team gleichwohl mitnehmen in die Partie bei den &#8222;L\u00f6wen&#8220;. &#8222;Nat\u00fcrlich ist Braunschweig ein anderes Setting, aber auch ein wichtiges Spiel f\u00fcr uns. Wir m\u00fcssen gegen die schnellen St\u00fcrmer gut verteidigen, kompakt stehen und die K\u00f6rperlichkeit annehmen&#8220;, so Rapp.<\/p>\n<p>    &#8222;Eine Sauerei!&#8220; Backhaus zum Golfkart-Vorfall<\/p>\n<p class=\"\">Seine Spieler hatten in den j\u00fcngsten Spielen immer mal wieder Probleme mit rutschigen Rasen. Das Gr\u00fcn in Braunschweig musste zuletzt auch einiges aushalten, als G\u00e4ste einer externen Veranstaltung sich einen Golfkart schnappten, \u00fcber den Rasen kurvten und ihn schwer besch\u00e4digten.<\/p>\n<p>        <img decoding=\"async\" src=\"https:\/\/www.europesays.com\/de\/wp-content\/uploads\/2025\/12\/eintracht2742.webp\" alt=\"Das Eintracht-Stadion in Braunschweig\" title=\"Das Eintracht-Stadion in Braunschweig | imago images\/Zink, Daniel Marr\" class=\"responsive\" loading=\"lazy\"\/><\/p>\n<p>G\u00e4ste einer externen Veranstaltung schnappten sich im Eintracht-Stadion einen Golfkart und besch\u00e4digten den Rasen schwer. Die &#8222;L\u00f6wen&#8220; sind sauer &#8211; haben aber vielleicht nun einen Vorteil.<\/p>\n<p class=\"\">&#8222;Ich finde das eine Sauerei. Das ist kein Kavaliersdelikt, sondern das ist unser Eigentum. Wir brauchen den Rasen im bestm\u00f6glichen Zustand&#8220;, sagte Trainer Backhaus. &#8222;Wenn da einfach jemand meint, er m\u00fcsste dr\u00fcberfahren, dann muss derjenige auch zur Verantwortung gezogen werden.&#8220;<\/p>\n<p>        <img decoding=\"async\" src=\"https:\/\/www.europesays.com\/de\/wp-content\/uploads\/2025\/12\/hsvkiel-108.webp\" alt=\" Lasse Rosenboom, Alexander Roessing-Lelesiit (HSV) \" title=\" Lasse Rosenboom, Alexander Roessing-Lelesiit (HSV)  | Valeria Witters\" class=\"responsive\" loading=\"lazy\"\/><\/p>\n<p>Phil Harres wurde am Mittwochabend zum Helden der KSV: Erst rettete der St\u00fcrmer den Zweitligisten ins Elfmeterschie\u00dfen, dann verwandelte er dort sicher zum Sieg.<\/p>\n<p>        <img decoding=\"async\" src=\"https:\/\/www.europesays.com\/de\/wp-content\/uploads\/2025\/12\/braunschweig-422.webp\" alt=\"Braunschweigs Leon Bell Bell (l.) umarmt Max Marie.\" title=\"Braunschweigs Leon Bell Bell (l.) umarmt Max Marie. | IMAGO \/ regios24\" class=\"responsive\" loading=\"lazy\"\/><\/p>\n<p>Nach vier Niederlagen in Folge feierten die Niedersachsen einen v\u00f6llig verdienten 2:0-Heimerfolg gegen den 1. FC Kaiserslautern.<\/p>\n","protected":false},"excerpt":{"rendered":"AUDIO: Eintracht Braunschweig hofft auf erneuten Sieg (1 Min) Stand: 07.12.2025 07:44 Uhr Brustl\u00f6ser f\u00fcr Eintracht Braunschweig, Pokal-Euphorie&hellip;\n","protected":false},"author":2,"featured_media":629767,"comment_status":"","ping_status":"","sticky":false,"template":"","format":"standard","meta":{"footnotes":""},"categories":[1850],"tags":[621,6429,3364,29,8704,548,663,3934,347,30,13,10243,14,15,1552,1411,12],"class_list":{"0":"post-629766","1":"post","2":"type-post","3":"status-publish","4":"format-standard","5":"has-post-thumbnail","7":"category-braunschweig","8":"tag-2-bundesliga","9":"tag-braunschweig","10":"tag-de","11":"tag-deutschland","12":"tag-eintracht-braunschweig","13":"tag-eu","14":"tag-europa","15":"tag-europe","16":"tag-fussball","17":"tag-germany","18":"tag-headlines","19":"tag-holstein-kiel","20":"tag-nachrichten","21":"tag-news","22":"tag-newsticker","23":"tag-niedersachsen","24":"tag-schlagzeilen"},"share_on_mastodon":{"url":"https:\/\/pubeurope.com\/@de\/115678112952489204","error":""},"_links":{"self":[{"href":"https:\/\/www.europesays.com\/de\/wp-json\/wp\/v2\/posts\/629766","targetHints":{"allow":["GET"]}}],"collection":[{"href":"https:\/\/www.europesays.com\/de\/wp-json\/wp\/v2\/posts"}],"about":[{"href":"https:\/\/www.europesays.com\/de\/wp-json\/wp\/v2\/types\/post"}],"author":[{"embeddable":true,"href":"https:\/\/www.europesays.com\/de\/wp-json\/wp\/v2\/users\/2"}],"replies":[{"embeddable":true,"href":"https:\/\/www.europesays.com\/de\/wp-json\/wp\/v2\/comments?post=629766"}],"version-history":[{"count":0,"href":"https:\/\/www.europesays.com\/de\/wp-json\/wp\/v2\/posts\/629766\/revisions"}],"wp:featuredmedia":[{"embeddable":true,"href":"https:\/\/www.europesays.com\/de\/wp-json\/wp\/v2\/media\/629767"}],"wp:attachment":[{"href":"https:\/\/www.europesays.com\/de\/wp-json\/wp\/v2\/media?parent=629766"}],"wp:term":[{"taxonomy":"category","embeddable":true,"href":"https:\/\/www.europesays.com\/de\/wp-json\/wp\/v2\/categories?post=629766"},{"taxonomy":"post_tag","embeddable":true,"href":"https:\/\/www.europesays.com\/de\/wp-json\/wp\/v2\/tags?post=629766"}],"curies":[{"name":"wp","href":"https:\/\/api.w.org\/{rel}","templated":true}]}}