{"id":629806,"date":"2025-12-07T12:08:25","date_gmt":"2025-12-07T12:08:25","guid":{"rendered":"https:\/\/www.europesays.com\/de\/629806\/"},"modified":"2025-12-07T12:08:25","modified_gmt":"2025-12-07T12:08:25","slug":"dramatische-trump-frist-zur-nato-bestuerzt-europa-musk-will-eu-abschaffen","status":"publish","type":"post","link":"https:\/\/www.europesays.com\/de\/629806\/","title":{"rendered":"Dramatische Trump-Frist zur NATO best\u00fcrzt Europa \u2013 Musk will EU \u201eabschaffen\u201c"},"content":{"rendered":"<ol class=\"id-DonaldBreadcrumb lp_west_breadcrumb id-DonaldBreadcrumb--default\" data-k5a-pos=\"west_breadcrumb\">\n<li class=\"id-Breadcrumb-item\"><a href=\"https:\/\/www.fr.de\/\" class=\"id-Breadcrumb-link\" data-id-ec=\"{\" shn=\"\" textlink=\"\" data-k5a-pos=\"1_startseite\" target=\"_blank\" rel=\"noopener\">Startseite<\/a><\/li>\n<li class=\"id-Breadcrumb-item\"><a href=\"https:\/\/www.fr.de\/politik\/\" class=\"id-Breadcrumb-link\" data-id-ec=\"{\" shn=\"\" textlink=\"\" data-k5a-pos=\"2_politik\" target=\"_blank\" rel=\"noopener\">Politik<\/a><\/li>\n<\/ol>\n<p class=\"id-Story-timestamp id-Story-timestamp--default\">Stand: 07.12.2025, 11:50 Uhr<\/p>\n<p class=\"id-Story-authors id-Story-authors--default\">Von: <a class=\"id-Story-authors-link lp_west_author\" href=\"https:\/\/www.fr.de\/autor\/stephanie-munk-epaicsw4e.html\" title=\"Zur Autorenseite von Stephanie Munk\" data-id-ec=\"{\" shn=\"\" author-link=\"\" munk=\"\" data-k5a-pos=\"west_author\" target=\"_blank\" rel=\"noopener\">Stephanie Munk<\/a><\/p>\n<p class=\"id-Story-interactionBar id-Story-interactionBar--default\">DruckenTeilen<\/p>\n<p class=\"id-StoryElement-leadText\">Trump-Delegierte haben Europa offenbar mit einem Ultimatum der USA zur NATO konfrontiert: Bis 2027 soll es einen Gro\u00dfteil der Verteidigung alleine stemmen. <\/p>\n<p class=\"id-StoryElement-paragraph\">Washington, D. C. \u2013 Dass US-Pr\u00e4sident <a href=\"https:\/\/www.fr.de\/politik\/donald-trump-per32650\/\" class=\"id-import-Link\" title=\"Donald Trump\" data-id-ec=\"{&quot;sht&quot;:&quot;Container&quot;,&quot;shn&quot;:&quot;Story&quot;,&quot;p&quot;:{&quot;containerType&quot;:&quot;Paragraph&quot;,&quot;displayType&quot;:&quot;Paragraph InlineLink&quot;,&quot;type&quot;:&quot;INLINE_LINK&quot;,&quot;value&quot;:&quot;Donald Trump&quot;,&quot;variant&quot;:&quot;standardLink&quot;,&quot;sponsored&quot;:false,&quot;linkHref&quot;:&quot;https:\/\/www.fr.de\/politik\/donald-trump-per32650\/&quot;,&quot;storyElementPosition&quot;:8,&quot;storyElementCount&quot;:34}}\" target=\"_blank\" rel=\"noopener\">Donald Trump<\/a> kein Fan der <a href=\"https:\/\/www.fr.de\/politik\/nato-org27480\/\" class=\"id-import-Link\" title=\"NATO\" data-id-ec=\"{&quot;sht&quot;:&quot;Container&quot;,&quot;shn&quot;:&quot;Story&quot;,&quot;p&quot;:{&quot;containerType&quot;:&quot;Paragraph&quot;,&quot;displayType&quot;:&quot;Paragraph InlineLink&quot;,&quot;type&quot;:&quot;INLINE_LINK&quot;,&quot;value&quot;:&quot;NATO&quot;,&quot;variant&quot;:&quot;standardLink&quot;,&quot;sponsored&quot;:false,&quot;linkHref&quot;:&quot;https:\/\/www.fr.de\/politik\/nato-org27480\/&quot;,&quot;storyElementPosition&quot;:8,&quot;storyElementCount&quot;:34}}\" target=\"_blank\" rel=\"noopener\">NATO<\/a> ist, l\u00e4sst er seit langem durchblicken. Schon mehrmals mit dem Gedanken, dass die USA das Milit\u00e4rb\u00fcndnis verlassen k\u00f6nnten. Nun versetzt die US-Regierung seine NATO-Verb\u00fcndete in Alarmbereitschaft: Die USA wollen sich laut einem Bericht bis 2027 aus einem Gro\u00dfteil der NATO-Verteidigungsf\u00e4higkeiten zur\u00fcckziehen. In Zeiten, in denen Milit\u00e4rexperten davon ausgehen, dass <a href=\"https:\/\/www.fr.de\/politik\/krieg-mit-russland-eu-plant-neues-notfallgesetz-experte-warnt-schlechter-witz-zr-94071493.html\" class=\"id-import-Link\" data-id-ec=\"{&quot;sht&quot;:&quot;Container&quot;,&quot;shn&quot;:&quot;Story&quot;,&quot;p&quot;:{&quot;containerType&quot;:&quot;Paragraph&quot;,&quot;displayType&quot;:&quot;Paragraph InlineLink&quot;,&quot;type&quot;:&quot;INLINE_LINK&quot;,&quot;value&quot;:&quot;Russland fr&#xFC;her oder sp&#xE4;ter die NATO angreifen&quot;,&quot;variant&quot;:&quot;standardLink&quot;,&quot;sponsored&quot;:false,&quot;linkHref&quot;:&quot;https:\/\/www.fr.de\/politik\/krieg-mit-russland-eu-plant-neues-notfallgesetz-experte-warnt-schlechter-witz-zr-94071493.html&quot;,&quot;storyElementPosition&quot;:8,&quot;storyElementCount&quot;:34}}\" target=\"_blank\" rel=\"noopener\">Russland fr\u00fcher oder sp\u00e4ter die NATO angreifen<\/a> wird, w\u00e4re das ein Worst Case f\u00fcr die Europ\u00e4er.<\/p>\n<p><img decoding=\"async\" class=\"id-RatioPlaceholder-element wv_story_el_image\" src=\"https:\/\/www.europesays.com\/de\/wp-content\/uploads\/2025\/12\/40727875-us-praesident-donald-trump-aussenminister-marco-rubio-und-pentagon-chef-pete-hegseth-bei-ei.jpeg\" loading=\"lazy\"   height=\"733\" width=\"1100\" alt=\"US-Pr&#xE4;sident Donald Trump (M.), Au&#xDF;enminister Marco Rubio (l.) und Pentagon-Chef Pete Hegseth bei einem Treffen des US-Kabinetts. \"\/>US-Pr\u00e4sident Donald Trump (M.), Au\u00dfenminister Marco Rubio (l.) und Pentagon-Chef Pete Hegseth bei einem Treffen des US-Kabinetts.  \u00a9\u00a0IMAGO\/CNP \/ MediaPunchNATO-Frist der USA best\u00fctzt Europa \u2013 Trump plant offenbar R\u00fcckzug aus Verteidigung<\/p>\n<p class=\"id-StoryElement-paragraph\">\u00dcber die Frist der US-Regierung berichtet die Nachrichtenagentur Reuters: Die USA fordere, dass Europa bis 2027 die Mehrheit der konventionellen Verteidigungsf\u00e4higkeiten der NATO \u00fcbernimmt \u2013 von Geheimdiensten bis hin zu Raketen, hei\u00dft es darin. Reuters bezieht seine Informationen aus f\u00fcnf anonymen Quellen, die mit der Diskussion vertraut sein sollen, darunter ein US-Beamter.  <\/p>\n<p class=\"id-StoryElement-paragraph\">Die neuen Pl\u00e4ne der US-Regierung zur NATO sollen bei einem Treffen von Pentagon-Mitarbeiter mit mehreren europ\u00e4ischen Delegationen diese Woche in Washington diskutiert worden sein. Die US-Vertreter sollen den Europ\u00e4ern dabei er\u00f6ffnet haben, dass die USA sich schon sehr bald aus vielen Aufgaben der NATO zur\u00fcckziehen werden. <\/p>\n<p>Von Taurus bis Leopard \u2013 die Waffensysteme der Bundeswehr im \u00dcberblick<img decoding=\"async\" class=\"id-RatioPlaceholder-element wv_story_el_interstitialImage\" src=\"https:\/\/www.europesays.com\/de\/wp-content\/uploads\/2025\/04\/37816113-die-bundeswehr-ist-zu-see-an-land-und-in-der-luft-mit-verschiedenen-waffensystemen-praesent.jpeg\" loading=\"lazy\"   height=\"1350\" width=\"2400\" alt=\"Die Bundeswehr ist zu See, an Land und in der Luft mit verschiedenen Waffensystemen pr&#xE4;sent.\"\/><a href=\"https:\/\/www.fr.de\/politik\/militaertechnik-waffen-der-bundeswehr-liste-zur-deutschen-zr-93687178.html\" class=\"id-StoryElement-intestitialLink-link\" data-id-ec=\"{\" shn=\"\" ansehen=\"\" data-k5a-pos=\"west_story_14_photoGalleryLink\" title=\"Zur Fotostrecke: Von Taurus bis Leopard &#x2013; die Waffensysteme der Bundeswehr im &#xDC;berblick\" target=\"_blank\" rel=\"noopener\">Fotostrecke ansehen<\/a>Knappe Frist f\u00fcr US-NATO-R\u00fcckzug sorgt in Europa f\u00fcr Alarmbereitschaft<\/p>\n<p class=\"id-StoryElement-paragraph\">Vor allem die knappe Frist d\u00fcrfte in Europa f\u00fcr Best\u00fcrzung sorgen: Bis 2027 w\u00e4re es nur noch gut ein Jahr Zeit f\u00fcr die Europ\u00e4er, sich auf die dramatische Ver\u00e4nderung im Milit\u00e4rb\u00fcndnis einzustellen. Sollte Europa die Frist nicht einhalten, k\u00f6nnten die USA bei einigen Mechanismen zur NATO-Verteidigung nicht mehr mitmachen, teilten die Quellen laut Reuters mit. Hintergrund ist offenbar, dass die Trump-Regierung unzufrieden ist mit den Fortschritten, die Europa zur St\u00e4rkung seiner Verteidigung unternommen hat, seitdem Russlands Pr\u00e4sident <a href=\"https:\/\/www.fr.de\/politik\/wladimir-putin-per42970\/\" class=\"id-import-Link\" title=\"Wladimir Putin\" data-id-ec=\"{&quot;sht&quot;:&quot;Container&quot;,&quot;shn&quot;:&quot;Story&quot;,&quot;p&quot;:{&quot;containerType&quot;:&quot;Paragraph&quot;,&quot;displayType&quot;:&quot;Paragraph InlineLink&quot;,&quot;type&quot;:&quot;INLINE_LINK&quot;,&quot;value&quot;:&quot;Wladimir Putin&quot;,&quot;variant&quot;:&quot;standardLink&quot;,&quot;sponsored&quot;:false,&quot;linkHref&quot;:&quot;https:\/\/www.fr.de\/politik\/wladimir-putin-per42970\/&quot;,&quot;storyElementPosition&quot;:17,&quot;storyElementCount&quot;:34}}\" target=\"_blank\" rel=\"noopener\">Wladimir Putin<\/a> 2022 den <a href=\"https:\/\/www.fr.de\/politik\/ukraine-konflikt-sti1524391\/\" class=\"id-import-Link\" title=\"Ukraine-Krieg\" data-id-ec=\"{&quot;sht&quot;:&quot;Container&quot;,&quot;shn&quot;:&quot;Story&quot;,&quot;p&quot;:{&quot;containerType&quot;:&quot;Paragraph&quot;,&quot;displayType&quot;:&quot;Paragraph InlineLink&quot;,&quot;type&quot;:&quot;INLINE_LINK&quot;,&quot;value&quot;:&quot;Ukraine-Krieg&quot;,&quot;variant&quot;:&quot;standardLink&quot;,&quot;sponsored&quot;:false,&quot;linkHref&quot;:&quot;https:\/\/www.fr.de\/politik\/ukraine-konflikt-sti1524391\/&quot;,&quot;storyElementPosition&quot;:17,&quot;storyElementCount&quot;:34}}\" target=\"_blank\" rel=\"noopener\">Ukraine-Krieg<\/a> begonnen hatte.<\/p>\n<p class=\"id-StoryElement-paragraph\">Wie genau sich die USA die Zukunft der NATO nach 2027 vorstellen, ist unklar. Auch, wie die USA die Fortschritte Europas bei der \u00dcbernahme der NATO-Last messen wollen, ist nicht eindeutig. Ob die Frist bis 2027 eine offizielle Position von Donald Trump ist oder nur von Mitarbeitern des Verteidigungsministeriums ins Spiel gebracht wurde, ist laut Reuters ebenfalls nicht eindeutig. <\/p>\n<p class=\"id-StoryElement-paragraph\">Laut Reuters h\u00e4tten mehrere europ\u00e4ische Beamte nach dem heiklen Treffen mit den US-Vertretern d\u00fcster reagiert: Ein Ultimatum bis 2027 sei f\u00fcr Europa nicht realisierbar, h\u00e4tten sie betont, egal wie Washington Fortschritte f\u00fcr eine h\u00f6here Verantwortung in der NATO messen werde. <\/p>\n<p>Europa in NATO hochgradig abh\u00e4ngig von Trump \u2013 F\u00fcnf-Prozent-Zusage reicht offenbar nicht<\/p>\n<p class=\"id-StoryElement-paragraph\">Die Herausforderung f\u00fcr Europa w\u00e4re jedenfalls enorm, wollen sie der Frist entsprechen: Die NATO-Staaten sind hochgradig abh\u00e4ngig von der Unterst\u00fctzung durch die USA, Gr\u00fcndungsmitglied des seit 1949 bestehenden B\u00fcndnisses. Die europ\u00e4ischen Verb\u00fcndeten hatten beim NATO-Gipfel im Juni 2025 bereits zugesagt, ihre Milit\u00e4rausgaben auf f\u00fcnf Prozent des Bruttoinlandsprodukts zu steigern. Deutschland hat daf\u00fcr unter Kanzler <a href=\"https:\/\/www.fr.de\/politik\/friedrich-merz-per33648\/\" class=\"id-import-Link\" title=\"Friedrich Merz\" data-id-ec=\"{&quot;sht&quot;:&quot;Container&quot;,&quot;shn&quot;:&quot;Story&quot;,&quot;p&quot;:{&quot;containerType&quot;:&quot;Paragraph&quot;,&quot;displayType&quot;:&quot;Paragraph InlineLink&quot;,&quot;type&quot;:&quot;INLINE_LINK&quot;,&quot;value&quot;:&quot;Friedrich Merz&quot;,&quot;variant&quot;:&quot;standardLink&quot;,&quot;sponsored&quot;:false,&quot;linkHref&quot;:&quot;https:\/\/www.fr.de\/politik\/friedrich-merz-per33648\/&quot;,&quot;storyElementPosition&quot;:23,&quot;storyElementCount&quot;:34}}\" target=\"_blank\" rel=\"noopener\">Friedrich Merz<\/a> ein gewaltiges Sonderverm\u00f6gen f\u00fcr milit\u00e4rische Ausgaben beschlossen.<\/p>\n<p class=\"id-StoryElement-paragraph\">Jedoch herrschen bisher noch erhebliche Produktionsr\u00fcckst\u00e4nde. Waffen, die jetzt bestellt werden, k\u00f6nnen erst in Jahren geliefert werden. Zudem steuern die USA innerhalb der NATO auch unerl\u00e4ssliche Geheimdienstinformationen bei. Die Abh\u00e4ngigkeit von diesen US-Informationen erf\u00e4hrt derzeit <a href=\"https:\/\/www.fr.de\/politik\/ukraine-krieg-aktuell-russland-experte-lobt-novum-in-der-kriegsfuehrung-auf-see-zr-94072349.html\" class=\"id-import-Link\" data-id-ec=\"{&quot;sht&quot;:&quot;Container&quot;,&quot;shn&quot;:&quot;Story&quot;,&quot;p&quot;:{&quot;containerType&quot;:&quot;Paragraph&quot;,&quot;displayType&quot;:&quot;Paragraph InlineLink&quot;,&quot;type&quot;:&quot;INLINE_LINK&quot;,&quot;value&quot;:&quot;die Ukraine im Krieg mit Russland&quot;,&quot;variant&quot;:&quot;standardLink&quot;,&quot;sponsored&quot;:false,&quot;linkHref&quot;:&quot;https:\/\/www.fr.de\/politik\/ukraine-krieg-aktuell-russland-experte-lobt-novum-in-der-kriegsfuehrung-auf-see-zr-94072349.html&quot;,&quot;storyElementPosition&quot;:24,&quot;storyElementCount&quot;:34}}\" target=\"_blank\" rel=\"noopener\">die Ukraine im Krieg mit Russland<\/a> am eigenen Leib. Auch im Zuge der <a href=\"https:\/\/www.fr.de\/politik\/ukraine-deal-enthuellt-trump-unterhaendler-erwaegen-brisantes-nato-szenario-zr-94066047.html\" class=\"id-import-Link\" data-id-ec=\"{&quot;sht&quot;:&quot;Container&quot;,&quot;shn&quot;:&quot;Story&quot;,&quot;p&quot;:{&quot;containerType&quot;:&quot;Paragraph&quot;,&quot;displayType&quot;:&quot;Paragraph InlineLink&quot;,&quot;type&quot;:&quot;INLINE_LINK&quot;,&quot;value&quot;:&quot;Ukraine-Verhandlungen kursierte zuletzt ein brisanter Nato-Plan&quot;,&quot;variant&quot;:&quot;standardLink&quot;,&quot;sponsored&quot;:false,&quot;linkHref&quot;:&quot;https:\/\/www.fr.de\/politik\/ukraine-deal-enthuellt-trump-unterhaendler-erwaegen-brisantes-nato-szenario-zr-94066047.html&quot;,&quot;storyElementPosition&quot;:24,&quot;storyElementCount&quot;:34}}\" target=\"_blank\" rel=\"noopener\">Ukraine-Verhandlungen kursierte zuletzt ein brisanter Nato-Plan<\/a> f\u00fcr die Ukraine.<\/p>\n<p>Europa soll mehr Verantwortung in NATO \u00fcbernehmen \u2013 \u201eRegierung meint, was sie sagt\u201c<\/p>\n<p class=\"id-StoryElement-paragraph\">Bei einem Treffen der NATO-Au\u00dfenminister diese Woche hatte auch Vize-US-Au\u00dfenminister Christopher Landau gesagt, es sei \u201eoffensichtlich\u201c, dass NATO-Verb\u00fcndete Verantwortung f\u00fcr Europas Verteidigung \u00fcbernehmen m\u00fcssen. \u201eAufeinanderfolgende US-Regierungen haben dies in der einen oder anderen Form praktisch mein ganzes Leben lang gesagt&#8230; aber unsere Regierung meint, was sie sagt\u201c, schrieb Landau auf X. <\/p>\n<p class=\"id-StoryElement-paragraph\">US-Verteidigungsminister <a href=\"https:\/\/www.fr.de\/politik\/trump-minister-hegseth-lobt-ploetzlich-deutschland-und-verspricht-besondere-gunst-94072211.html\" class=\"id-import-Link\" data-id-ec=\"{&quot;sht&quot;:&quot;Container&quot;,&quot;shn&quot;:&quot;Story&quot;,&quot;p&quot;:{&quot;containerType&quot;:&quot;Paragraph&quot;,&quot;displayType&quot;:&quot;Paragraph InlineLink&quot;,&quot;type&quot;:&quot;INLINE_LINK&quot;,&quot;value&quot;:&quot;Pete Hegseth wiederum lobte Deutschland&quot;,&quot;variant&quot;:&quot;standardLink&quot;,&quot;sponsored&quot;:false,&quot;linkHref&quot;:&quot;https:\/\/www.fr.de\/politik\/trump-minister-hegseth-lobt-ploetzlich-deutschland-und-verspricht-besondere-gunst-94072211.html&quot;,&quot;storyElementPosition&quot;:28,&quot;storyElementCount&quot;:34}}\" target=\"_blank\" rel=\"noopener\">Pete Hegseth wiederum lobte Deutschland<\/a> f\u00fcr seine Anstrengungen bei der milit\u00e4rischen Verteidigung: \u201eVorbildliche Verb\u00fcndete, die aufstocken, wie Israel, S\u00fcdkorea, Polen, zunehmend Deutschland, die baltischen Staaten und andere werden unsere besondere Gunst erhalten\u201c, erkl\u00e4rte der Pentagon-Chef bei einem Verteidigungsforum.<\/p>\n<p>Elon Musk will EU \u201eabschaffen\u201c &#8211; US-Sicherheitsstrategie sieht \u201eNiedergang\u201c Europas<\/p>\n<p class=\"id-StoryElement-paragraph\">Eine Frontalattacke gegen Europa kommt derweil von Tech-Milliard\u00e4r <a href=\"https:\/\/www.fr.de\/panorama\/elon-musk-tesla-spacex-milliardaer-hyperloop-openai-grimes-90191453.html\" class=\"id-import-Link\" data-id-ec=\"{&quot;sht&quot;:&quot;Container&quot;,&quot;shn&quot;:&quot;Story&quot;,&quot;p&quot;:{&quot;containerType&quot;:&quot;Paragraph&quot;,&quot;displayType&quot;:&quot;Paragraph InlineLink&quot;,&quot;type&quot;:&quot;INLINE_LINK&quot;,&quot;value&quot;:&quot;Elon Musk&quot;,&quot;variant&quot;:&quot;standardLink&quot;,&quot;sponsored&quot;:false,&quot;linkHref&quot;:&quot;https:\/\/www.fr.de\/panorama\/elon-musk-tesla-spacex-milliardaer-hyperloop-openai-grimes-90191453.html&quot;,&quot;storyElementPosition&quot;:31,&quot;storyElementCount&quot;:34}}\" target=\"_blank\" rel=\"noopener\">Elon Musk<\/a>, einst ein enger Vertrauter von Donald Trump mit gro\u00dfem Einfluss auf die US-Politik. Musk schrieb auf seinem Kurznachrichtendienst X: \u201eDie <a href=\"https:\/\/www.fr.de\/politik\/eu-europaeische-union-mitgliedstaaten-laender-gruendung-von-der-leyen-ziele-91385429.html\" class=\"id-import-Link\" data-id-ec=\"{&quot;sht&quot;:&quot;Container&quot;,&quot;shn&quot;:&quot;Story&quot;,&quot;p&quot;:{&quot;containerType&quot;:&quot;Paragraph&quot;,&quot;displayType&quot;:&quot;Paragraph InlineLink&quot;,&quot;type&quot;:&quot;INLINE_LINK&quot;,&quot;value&quot;:&quot;EU&quot;,&quot;variant&quot;:&quot;standardLink&quot;,&quot;sponsored&quot;:false,&quot;linkHref&quot;:&quot;https:\/\/www.fr.de\/politik\/eu-europaeische-union-mitgliedstaaten-laender-gruendung-von-der-leyen-ziele-91385429.html&quot;,&quot;storyElementPosition&quot;:31,&quot;storyElementCount&quot;:34}}\" target=\"_blank\" rel=\"noopener\">EU<\/a> sollte abgeschafft werden.\u201c Stattdessen solle \u201edie Souver\u00e4nit\u00e4t an die einzelnen L\u00e4nder zur\u00fcckgegeben werden, damit die Regierungen ihre Bev\u00f6lkerung besser vertreten k\u00f6nnen\u201c.<\/p>\n<p class=\"id-StoryElement-paragraph\">Hinter Musks Wut auf den europ\u00e4ischen Staatenbund steckt, dass die EU-Kommission wegen mangelnder Transparenz eine 120-Millionen-Euro-Strafe gegen X verh\u00e4ngt hatte. Auch US-Au\u00dfenminister Rubio reagierte auf die Strafe der EU gegen X. Diese sei eine\u00a0\u201eAttacke auf alle amerikanischen Tech-Plattformen und das amerikanische Volk durch ausl\u00e4ndische Regierungen\u201c. <\/p>\n<p class=\"id-StoryElement-paragraph\">Vorw\u00fcrfe gegen Europa finden sich auch in der <a href=\"https:\/\/www.fr.de\/politik\/duestere-prognose-fuer-europa-trump-will-eu-gegner-foerdern-zr-94071556.html\" class=\"id-import-Link\" data-id-ec=\"{&quot;sht&quot;:&quot;Container&quot;,&quot;shn&quot;:&quot;Story&quot;,&quot;p&quot;:{&quot;containerType&quot;:&quot;Paragraph&quot;,&quot;displayType&quot;:&quot;Paragraph InlineLink&quot;,&quot;type&quot;:&quot;INLINE_LINK&quot;,&quot;value&quot;:&quot;&#x201E;Nationalen Sicherheitsstrategie&#x201C;, die das Wei&#xDF;e Haus vor wenigen Tagen ver&#xF6;ffentlicht&quot;,&quot;variant&quot;:&quot;standardLink&quot;,&quot;sponsored&quot;:false,&quot;linkHref&quot;:&quot;https:\/\/www.fr.de\/politik\/duestere-prognose-fuer-europa-trump-will-eu-gegner-foerdern-zr-94071556.html&quot;,&quot;storyElementPosition&quot;:34,&quot;storyElementCount&quot;:34}}\" target=\"_blank\" rel=\"noopener\">\u201eNationalen Sicherheitsstrategie\u201c, die das Wei\u00dfe Haus vor wenigen Tagen ver\u00f6ffentlicht<\/a> hat. Darin wird behauptet, Europa stehe vor dem \u201ewirtschaftlichen Niedergang\u201c und der \u201ezivilisatorischen Ausl\u00f6schung\u201c. Die EU unterminiere die \u201epolitische Freiheit\u201c. (Quellen: Reuters, dpa, X) (smu)<\/p>\n","protected":false},"excerpt":{"rendered":"Startseite Politik Stand: 07.12.2025, 11:50 Uhr Von: Stephanie Munk DruckenTeilen Trump-Delegierte haben Europa offenbar mit einem Ultimatum der&hellip;\n","protected":false},"author":2,"featured_media":629807,"comment_status":"","ping_status":"","sticky":false,"template":"","format":"standard","meta":{"footnotes":""},"categories":[3933],"tags":[331,332,548,663,158,3934,3935,13,14,15,12],"class_list":{"0":"post-629806","1":"post","2":"type-post","3":"status-publish","4":"format-standard","5":"has-post-thumbnail","7":"category-eu","8":"tag-aktuelle-nachrichten","9":"tag-aktuelle-news","10":"tag-eu","11":"tag-europa","12":"tag-europaeische-union","13":"tag-europe","14":"tag-european-union","15":"tag-headlines","16":"tag-nachrichten","17":"tag-news","18":"tag-schlagzeilen"},"share_on_mastodon":{"url":"https:\/\/pubeurope.com\/@de\/115678210976053215","error":""},"_links":{"self":[{"href":"https:\/\/www.europesays.com\/de\/wp-json\/wp\/v2\/posts\/629806","targetHints":{"allow":["GET"]}}],"collection":[{"href":"https:\/\/www.europesays.com\/de\/wp-json\/wp\/v2\/posts"}],"about":[{"href":"https:\/\/www.europesays.com\/de\/wp-json\/wp\/v2\/types\/post"}],"author":[{"embeddable":true,"href":"https:\/\/www.europesays.com\/de\/wp-json\/wp\/v2\/users\/2"}],"replies":[{"embeddable":true,"href":"https:\/\/www.europesays.com\/de\/wp-json\/wp\/v2\/comments?post=629806"}],"version-history":[{"count":0,"href":"https:\/\/www.europesays.com\/de\/wp-json\/wp\/v2\/posts\/629806\/revisions"}],"wp:featuredmedia":[{"embeddable":true,"href":"https:\/\/www.europesays.com\/de\/wp-json\/wp\/v2\/media\/629807"}],"wp:attachment":[{"href":"https:\/\/www.europesays.com\/de\/wp-json\/wp\/v2\/media?parent=629806"}],"wp:term":[{"taxonomy":"category","embeddable":true,"href":"https:\/\/www.europesays.com\/de\/wp-json\/wp\/v2\/categories?post=629806"},{"taxonomy":"post_tag","embeddable":true,"href":"https:\/\/www.europesays.com\/de\/wp-json\/wp\/v2\/tags?post=629806"}],"curies":[{"name":"wp","href":"https:\/\/api.w.org\/{rel}","templated":true}]}}