{"id":629836,"date":"2025-12-07T12:27:17","date_gmt":"2025-12-07T12:27:17","guid":{"rendered":"https:\/\/www.europesays.com\/de\/629836\/"},"modified":"2025-12-07T12:27:17","modified_gmt":"2025-12-07T12:27:17","slug":"in-muelheim-und-essen-polizei-nimmt-mehrere-einbrecher-fest","status":"publish","type":"post","link":"https:\/\/www.europesays.com\/de\/629836\/","title":{"rendered":"In M\u00fclheim und Essen: Polizei nimmt mehrere Einbrecher fest"},"content":{"rendered":"<p><b>Die Polizei hat am Wochenende in M\u00fclheim und Essen mehrere mutma\u00dfliche Einbrecher festgenommen, w\u00e4hrend ein Verd\u00e4chtiger fl\u00fcchten konnte. Zeugen werden gebeten, Hinweise zu einem fl\u00fcchtigen T\u00e4ter aus M\u00fclheim-Broich zu melden.<\/b><\/p>\n<p>Polizei nimmt mutma\u00dfliche Einbrecher in M\u00fclheim und Essen fest<\/p>\n<p>Am 6. und 7. Dezember wurden in M\u00fclheim an der Ruhr und Essen mehrere mutma\u00dfliche Wohnungseinbrecher festgenommen. Ein weiterer Verd\u00e4chtiger konnte fl\u00fcchten. Die Polizei bittet um Hinweise von Zeugen.<\/p>\n<p>Einbruch in M\u00fclheim-Dohlenfeld: Zwei Festnahmen<\/p>\n<p>Am Freitag, 5. Dezember, wurde die Polizei zu einem Einbruch in der Stra\u00dfe &#8222;Dohlenfeld&#8220; in M\u00fclheim an der Ruhr gerufen. Ein Zeuge hatte gegen 18.45 Uhr bemerkt, dass bei seinem Nachbarn eingebrochen wurde, und Ger\u00e4usche aus dem Haus geh\u00f6rt. Vor Ort trafen die Beamten auf zwei Verd\u00e4chtige. Einer von ihnen, ein 39-j\u00e4hriger Mann albanischer Staatsangeh\u00f6rigkeit, versuchte \u00fcber den Balkon im ersten Obergeschoss zu fliehen, wurde jedoch mithilfe eines Distanzelektroimpulsger\u00e4ts gestoppt und vorl\u00e4ufig festgenommen. Der zweite Verd\u00e4chtige, ebenfalls 39 Jahre alt und albanischer Staatsangeh\u00f6rigkeit, wurde ohne Widerstand festgenommen. Bei der Durchsuchung der M\u00e4nner fanden die Beamten Einbruchswerkzeuge und mutma\u00dfliche Tatbeute, darunter eine Goldkette, die zuvor bei einem Einbruch an der J\u00e4gerhofstra\u00dfe gestohlen worden war. Der Verd\u00e4chtige, der bei seiner Flucht gestoppt wurde, musste ambulant im Krankenhaus behandelt werden. Anschlie\u00dfend wurden beide M\u00e4nner ins Polizeigewahrsam gebracht.<\/p>\n<p>Fl\u00fcchtiger Verd\u00e4chtiger nach Einbruch in M\u00fclheim-Broich<\/p>\n<p>Ebenfalls am Freitag bemerkte ein Hauseigent\u00fcmer gegen 19.45 Uhr einen Einbruch in sein Haus an der Gro\u00dfenbaumer Stra\u00dfe in M\u00fclheim-Broich. Der Mann befand sich im ersten Obergeschoss, als er ein lautes Ger\u00e4usch von der Terrasse h\u00f6rte. Er sah einen Unbekannten, der von der Terrasse in den Garten sprang und in einen angrenzenden Wald fl\u00fcchtete. Trotz einer Suche mit Hunden und einem Hubschrauber konnte der Verd\u00e4chtige nicht gefunden werden. Der Mann wird als etwa 30 bis 35 Jahre alt, circa 1,80 Meter gro\u00df und sportlich beschrieben. Er soll kurze helle Haare haben und graue Kleidung getragen haben. Laut Angaben des Hauseigent\u00fcmers wirkte der Mann &#8222;osteurop\u00e4isch&#8220;.<\/p>\n<p>Festnahmen in Essen-Stoppenberg<\/p>\n<p>In der Nacht zu Sonntag,\u00a0 7. Dezember, wurden in Essen-Stoppenberg zwei weitere mutma\u00dfliche Einbrecher festgenommen. Ein Zeuge hatte kurz nach Mitternacht beobachtet, wie sich zwei M\u00e4nner mit Einbruchswerkzeug einem Haus in der Stra\u00dfe &#8222;Hugenkamp&#8220; n\u00e4herten, und die Polizei alarmiert. Ein Diensthund sp\u00fcrte einen der Verd\u00e4chtigen, einen 39-j\u00e4hrigen Mann polnischer Staatsangeh\u00f6rigkeit, im Garten des Hauses auf. Der Mann versuchte, den Hund zu schlagen, woraufhin dieser ihn in den Unterarm biss. Der Verd\u00e4chtige wurde anschlie\u00dfend gefesselt. Der zweite Verd\u00e4chtige, ein 40-j\u00e4hriger Mann polnischer Staatsangeh\u00f6rigkeit, wurde im Nachbargarten entdeckt und widerstandslos festgenommen. Beide M\u00e4nner wurden zur Polizeiwache gebracht. Der 39-J\u00e4hrige wurde dort medizinisch versorgt und anschlie\u00dfend ins Gewahrsam gebracht.<\/p>\n<p>Polizei bittet um Hinweise<\/p>\n<p>Die Polizei bittet Zeugen, die Hinweise zu dem fl\u00fcchtigen Verd\u00e4chtigen aus dem Einbruch in M\u00fclheim-Broich geben k\u00f6nnen, sich unter der Telefonnummer 0201\/829-0 oder per E-Mail an hinweise.essen@polizei.nrw.de zu melden.<\/p>\n<p>Dieser Beitrag stammt von presseportal.de und wurde mit Hilfe von KI erstellt.<\/p>\n","protected":false},"excerpt":{"rendered":"Die Polizei hat am Wochenende in M\u00fclheim und Essen mehrere mutma\u00dfliche Einbrecher festgenommen, w\u00e4hrend ein Verd\u00e4chtiger fl\u00fcchten konnte.&hellip;\n","protected":false},"author":2,"featured_media":629837,"comment_status":"","ping_status":"","sticky":false,"template":"","format":"standard","meta":{"footnotes":""},"categories":[1834],"tags":[3364,29,3688,30,1209],"class_list":{"0":"post-629836","1":"post","2":"type-post","3":"status-publish","4":"format-standard","5":"has-post-thumbnail","7":"category-essen","8":"tag-de","9":"tag-deutschland","10":"tag-essen","11":"tag-germany","12":"tag-nordrhein-westfalen"},"share_on_mastodon":{"url":"https:\/\/pubeurope.com\/@de\/115678284706097492","error":""},"_links":{"self":[{"href":"https:\/\/www.europesays.com\/de\/wp-json\/wp\/v2\/posts\/629836","targetHints":{"allow":["GET"]}}],"collection":[{"href":"https:\/\/www.europesays.com\/de\/wp-json\/wp\/v2\/posts"}],"about":[{"href":"https:\/\/www.europesays.com\/de\/wp-json\/wp\/v2\/types\/post"}],"author":[{"embeddable":true,"href":"https:\/\/www.europesays.com\/de\/wp-json\/wp\/v2\/users\/2"}],"replies":[{"embeddable":true,"href":"https:\/\/www.europesays.com\/de\/wp-json\/wp\/v2\/comments?post=629836"}],"version-history":[{"count":0,"href":"https:\/\/www.europesays.com\/de\/wp-json\/wp\/v2\/posts\/629836\/revisions"}],"wp:featuredmedia":[{"embeddable":true,"href":"https:\/\/www.europesays.com\/de\/wp-json\/wp\/v2\/media\/629837"}],"wp:attachment":[{"href":"https:\/\/www.europesays.com\/de\/wp-json\/wp\/v2\/media?parent=629836"}],"wp:term":[{"taxonomy":"category","embeddable":true,"href":"https:\/\/www.europesays.com\/de\/wp-json\/wp\/v2\/categories?post=629836"},{"taxonomy":"post_tag","embeddable":true,"href":"https:\/\/www.europesays.com\/de\/wp-json\/wp\/v2\/tags?post=629836"}],"curies":[{"name":"wp","href":"https:\/\/api.w.org\/{rel}","templated":true}]}}