{"id":629851,"date":"2025-12-07T12:36:14","date_gmt":"2025-12-07T12:36:14","guid":{"rendered":"https:\/\/www.europesays.com\/de\/629851\/"},"modified":"2025-12-07T12:36:14","modified_gmt":"2025-12-07T12:36:14","slug":"protest-im-stuttgarter-schauspielhaus-sparen-ist-teuer-kultur","status":"publish","type":"post","link":"https:\/\/www.europesays.com\/de\/629851\/","title":{"rendered":"Protest im Stuttgarter Schauspielhaus: Sparen ist teuer &#8211; Kultur"},"content":{"rendered":"<p data-manual=\"paragraph\" data-schema-org-speakable=\"true\" class=\"css-9njfp7\">Am Ende liegen alle mausetot am Boden \u2013 Gertrud, Claudius, Laertes und schlie\u00dflich Hamlet. \u201eDie Toten sind nicht tot\u201c, ruft Horatio seinem Freund noch hinterher. Aber wer wei\u00df, ob Shakespeare sich hier nicht geirrt hat. Denn nach drei langen Theaterstunden im Stuttgarter Schauspielhaus steht pl\u00f6tzlich ein Sterben anderer Art im Raum. Mitten im Applaus str\u00f6men Hunderte Kulturschaffende in den Saal, postieren sich auf der B\u00fchne mit Transparent und Plakaten, um zu warnen vor einem Kultursterben im gro\u00dfen Stil \u2013 und das im wohlhabenden <a href=\"https:\/\/www.sueddeutsche.de\/thema\/Stuttgart\" target=\"_blank\" rel=\"noopener\">Stuttgart<\/a>.<\/p>\n","protected":false},"excerpt":{"rendered":"Am Ende liegen alle mausetot am Boden \u2013 Gertrud, Claudius, Laertes und schlie\u00dflich Hamlet. \u201eDie Toten sind nicht&hellip;\n","protected":false},"author":2,"featured_media":629852,"comment_status":"","ping_status":"","sticky":false,"template":"","format":"standard","meta":{"footnotes":""},"categories":[1830],"tags":[1634,3364,29,30,80,402,1441,149,94],"class_list":{"0":"post-629851","1":"post","2":"type-post","3":"status-publish","4":"format-standard","5":"has-post-thumbnail","7":"category-stuttgart","8":"tag-baden-wuerttemberg","9":"tag-de","10":"tag-deutschland","11":"tag-germany","12":"tag-kultur","13":"tag-kulturpolitik","14":"tag-stuttgart","15":"tag-sueddeutsche-zeitung","16":"tag-theater"},"share_on_mastodon":{"url":"https:\/\/pubeurope.com\/@de\/115678320226424562","error":""},"_links":{"self":[{"href":"https:\/\/www.europesays.com\/de\/wp-json\/wp\/v2\/posts\/629851","targetHints":{"allow":["GET"]}}],"collection":[{"href":"https:\/\/www.europesays.com\/de\/wp-json\/wp\/v2\/posts"}],"about":[{"href":"https:\/\/www.europesays.com\/de\/wp-json\/wp\/v2\/types\/post"}],"author":[{"embeddable":true,"href":"https:\/\/www.europesays.com\/de\/wp-json\/wp\/v2\/users\/2"}],"replies":[{"embeddable":true,"href":"https:\/\/www.europesays.com\/de\/wp-json\/wp\/v2\/comments?post=629851"}],"version-history":[{"count":0,"href":"https:\/\/www.europesays.com\/de\/wp-json\/wp\/v2\/posts\/629851\/revisions"}],"wp:featuredmedia":[{"embeddable":true,"href":"https:\/\/www.europesays.com\/de\/wp-json\/wp\/v2\/media\/629852"}],"wp:attachment":[{"href":"https:\/\/www.europesays.com\/de\/wp-json\/wp\/v2\/media?parent=629851"}],"wp:term":[{"taxonomy":"category","embeddable":true,"href":"https:\/\/www.europesays.com\/de\/wp-json\/wp\/v2\/categories?post=629851"},{"taxonomy":"post_tag","embeddable":true,"href":"https:\/\/www.europesays.com\/de\/wp-json\/wp\/v2\/tags?post=629851"}],"curies":[{"name":"wp","href":"https:\/\/api.w.org\/{rel}","templated":true}]}}