{"id":629881,"date":"2025-12-07T12:54:31","date_gmt":"2025-12-07T12:54:31","guid":{"rendered":"https:\/\/www.europesays.com\/de\/629881\/"},"modified":"2025-12-07T12:54:31","modified_gmt":"2025-12-07T12:54:31","slug":"andrea-berg-kommen-bei-zdf-auftritt-die-traenen","status":"publish","type":"post","link":"https:\/\/www.europesays.com\/de\/629881\/","title":{"rendered":"Andrea Berg kommen bei ZDF-Auftritt die Tr\u00e4nen"},"content":{"rendered":"<p>&#8222;Man sp\u00fcrt diese Verzweiflung&#8220; <\/p>\n<p>Andrea Berg kommen bei ZDF-Auftritt die Tr\u00e4nen<\/p>\n<p>07.12.2025 &#8211; 09:59 UhrLesedauer: 1 Min.<\/p>\n<p><a href=\"#focus-0\" class=\"transition-colors duration-200 block text-current relative\" data-sctrack=\"FocusGalleryImage.Reference\"><img fetchpriority=\"high\" data-testid=\"Opener.Image\" style=\"--lqipURL:url('https:\/\/images.t-online.de\/2025\/12\/O2QRUGqz2-rS\/192x144:1019x573\/fit-in\/150x0\/filters:blur(25)\/schlagerstar-andrea-berg-sie-trat-am-samstagabend-bei-der-ein-herz-fuer-kinder-spendengala-im-zdf-auf.jpg')\"   loading=\"eager\" src=\"https:\/\/www.europesays.com\/de\/wp-content\/uploads\/2025\/12\/schlagerstar-andrea-berg-sie-trat-am-samstagabend-bei-der-ein-herz-fuer-kinder-spendengala-im-zdf-au.jpeg\" alt=\"Schlagerstar Andrea Berg: Sie trat am Samstagabend bei der &quot;Ein Herz f\u00fcr Kinder&quot;-Spendengala im ZDF auf.\" title=\"Schlagerstar Andrea Berg: Sie trat am Samstagabend bei der &quot;Ein Herz f\u00fcr Kinder&quot;-Spendengala im ZDF auf.\" width=\"1019\" height=\"573\" class=\"bg-[url:var(--lqipURL)] bg-cover bg-center flex h-full w-full max-w-full\" decoding=\"async\"\/><img style=\"--width:32;--height:32\" loading=\"lazy\" src=\"https:\/\/www.t-online.de\/s\/paper\/_next\/static\/media\/zoom-in.f7dae02f.svg\" alt=\"Vergr\u00f6\u00dfern des Bildes\" title=\"Vergr\u00f6\u00dfern des Bildes\" class=\"block h-[calc(var(--height)_\/_16_*_1rem)] w-[calc(var(--width)_\/_16_*_1rem)] max-w-none absolute bottom-8 right-8 rounded-4 bg-snow p-8\" decoding=\"async\"\/><\/a><\/p>\n<p>Schlagerstar Andrea Berg: Sie trat am Samstagabend bei der &#8222;Ein Herz f\u00fcr Kinder&#8220;-Spendengala im ZDF auf. (Quelle: Sebastian Gollnow)<\/p>\n<p class=\"font-bold text-18 leading-17\">Als Andrea Berg im ZDF auftritt, zeigt sich die S\u00e4ngerin von einer ungewohnt verletzlichen Seite. Ihre Reaktion l\u00f6st einen stillen Moment im Live-Fernsehen aus.<\/p>\n<p class=\"text-18 leading-17\">Zum 25. Mal versammelten sich am Samstagabend zahlreiche Promis bei &#8222;Ein Herz f\u00fcr Kinder&#8220; und sammelten Spenden f\u00fcr Menschen in Not. Auch <a class=\"transition-colors duration-200 cursor-pointer text-inherit no-underline text-salemsfur md:hover:text-magenta md:hover:border-magenta md:focus:text-magenta border-current border-b border-solid break-words\" href=\"https:\/\/www.t-online.de\/themen\/andrea-berg\/\" data-sctrack=\"BodyAnchor\" target=\"_blank\" rel=\"noopener\">Andrea Berg<\/a> stand auf der ZDF-B\u00fchne und ber\u00fchrte dort nicht nur mit ihrem Song &#8222;Die wei\u00dfen Tauben&#8220;, sondern auch ihren Emotionen.<\/p>\n<p class=\"text-18 leading-17\">Das St\u00fcck hat die 57-J\u00e4hrige selbst verfasst \u2013 es thematisiert Hoffnung und Mitgef\u00fchl angesichts von Leid und Krisen. Kurz nach der Darbietung wurde deutlich, wie nah ihr dieser Auftritt ging: Andrea Berg war sichtlich ergriffen und k\u00e4mpfte mit den Tr\u00e4nen.<\/p>\n<p class=\"text-18 leading-17\">Gastgeber <a class=\"transition-colors duration-200 cursor-pointer text-inherit no-underline text-salemsfur md:hover:text-magenta md:hover:border-magenta md:focus:text-magenta border-current border-b border-solid break-words\" href=\"https:\/\/www.t-online.de\/themen\/johannes-b-kerner\/\" data-sctrack=\"BodyAnchor\" target=\"_blank\" rel=\"noopener\">Johannes B. Kerner<\/a> wandte sich an die S\u00e4ngerin und betonte: &#8222;Dieser besondere Song hat nicht nur uns hier bei &#8218;Ein Herz f\u00fcr Kinder&#8216; ber\u00fchrt, sondern, wie ich sehe, dich auch. Danke, dass du das getan hast.&#8220;<\/p>\n<p class=\"text-18 leading-17\">Warum Berg dieses Lied so am Herzen liegt? Sie habe den Titel geschrieben, weil sie wachsende Sorgen in vielen Teilen der Welt erkenne: &#8222;Diesen Song habe ich geschrieben, weil man \u00fcberall diese Verzweiflung sp\u00fcrt, und diese Hoffnungslosigkeit \u2013 und ich glaube, das ist das Schlimmste, was passieren kann, dass wir die Hoffnung verlieren und wegschauen, weil wir es nicht mehr aushalten k\u00f6nnen.&#8220;<\/p>\n<p class=\"text-18 leading-17\">Zudem verwies sie auf alarmierende Zahlen: Nach Informationen von Unicef sei jedes f\u00fcnfte Kind weltweit von bewaffneten Konflikten bedroht. &#8222;Ich denke, wir m\u00fcssen endlich wieder anfangen, menschlich zu sein und mitzuf\u00fchlen&#8220;, appellierte Berg.<\/p>\n","protected":false},"excerpt":{"rendered":"&#8222;Man sp\u00fcrt diese Verzweiflung&#8220; Andrea Berg kommen bei ZDF-Auftritt die Tr\u00e4nen 07.12.2025 &#8211; 09:59 UhrLesedauer: 1 Min. Schlagerstar&hellip;\n","protected":false},"author":2,"featured_media":629882,"comment_status":"","ping_status":"","sticky":false,"template":"","format":"standard","meta":{"footnotes":""},"categories":[1776],"tags":[522,67886,1801,29,214,30,1802,215,1448],"class_list":{"0":"post-629881","1":"post","2":"type-post","3":"status-publish","4":"format-standard","5":"has-post-thumbnail","7":"category-prominente","8":"tag-522","9":"tag-andrea-berg","10":"tag-celebrities","11":"tag-deutschland","12":"tag-entertainment","13":"tag-germany","14":"tag-prominente","15":"tag-unterhaltung","16":"tag-zdf"},"share_on_mastodon":{"url":"https:\/\/pubeurope.com\/@de\/115678392813055742","error":""},"_links":{"self":[{"href":"https:\/\/www.europesays.com\/de\/wp-json\/wp\/v2\/posts\/629881","targetHints":{"allow":["GET"]}}],"collection":[{"href":"https:\/\/www.europesays.com\/de\/wp-json\/wp\/v2\/posts"}],"about":[{"href":"https:\/\/www.europesays.com\/de\/wp-json\/wp\/v2\/types\/post"}],"author":[{"embeddable":true,"href":"https:\/\/www.europesays.com\/de\/wp-json\/wp\/v2\/users\/2"}],"replies":[{"embeddable":true,"href":"https:\/\/www.europesays.com\/de\/wp-json\/wp\/v2\/comments?post=629881"}],"version-history":[{"count":0,"href":"https:\/\/www.europesays.com\/de\/wp-json\/wp\/v2\/posts\/629881\/revisions"}],"wp:featuredmedia":[{"embeddable":true,"href":"https:\/\/www.europesays.com\/de\/wp-json\/wp\/v2\/media\/629882"}],"wp:attachment":[{"href":"https:\/\/www.europesays.com\/de\/wp-json\/wp\/v2\/media?parent=629881"}],"wp:term":[{"taxonomy":"category","embeddable":true,"href":"https:\/\/www.europesays.com\/de\/wp-json\/wp\/v2\/categories?post=629881"},{"taxonomy":"post_tag","embeddable":true,"href":"https:\/\/www.europesays.com\/de\/wp-json\/wp\/v2\/tags?post=629881"}],"curies":[{"name":"wp","href":"https:\/\/api.w.org\/{rel}","templated":true}]}}