{"id":629996,"date":"2025-12-07T14:06:17","date_gmt":"2025-12-07T14:06:17","guid":{"rendered":"https:\/\/www.europesays.com\/de\/629996\/"},"modified":"2025-12-07T14:06:17","modified_gmt":"2025-12-07T14:06:17","slug":"foerdert-frankfurt-linksradikale-israel-hasser-politik","status":"publish","type":"post","link":"https:\/\/www.europesays.com\/de\/629996\/","title":{"rendered":"F\u00f6rdert Frankfurt linksradikale Israel-Hasser? | Politik"},"content":{"rendered":"<p>Frankfurt am Main \u2013 <b>Unterst\u00fctzt Frankfurt Linksextremisten und Antisemiten? Hessens Innenminister Roman Poseck kritisiert die Stadt scharf: Ein linksextremistisches B\u00fcndnis organisiert einen pro-pal\u00e4stinensischen Filmabend, laut Poseck gef\u00f6rdert vom Kulturamt. Nicht das erste Mal, dass Frankfurt mit Antisemitismus auff\u00e4llt.<\/b><\/p>\n<p>Die Stadt Frankfurt, die von einem B\u00fcndnis aus SPD, Gr\u00fcne, Volt mit Duldung der Linken gef\u00fchrt wird, soll die Veranstaltung <a href=\"https:\/\/antifaschistische-filmreihe-ffm.de\" target=\"_blank\" rel=\"nofollow noopener\" class=\"text-link--external text-link\">\u201eAntifaschistische Filmreihe\u201c<\/a> unterst\u00fctzen, bei der am 7. Dezember der Film \u201eGaza Fights f\u00fcr Freedom\u201c gezeigt wird. Ein Streifen, der voller Judenhass steckt und Propaganda von Terroristen verbreitet.<\/p>\n<p>In der Filmbeschreibung steht: \u201eGaza Fights for Freedom ist eine eindringliche Anklage gegen israelische Kriegsverbrechen und zugleich ein bewegendes Zeugnis des pal\u00e4stinensischen Widerstands.\u201c<\/p>\n<p>Mehr zum Thema<\/p>\n<p>Poseck zu BILD: \u201eGem\u00e4\u00df seines Internetauftrittes wird das B\u00fcndnis vom Kulturamt der Stadt Frankfurt gef\u00f6rdert. Partner der Veranstaltung ist die J\u00fcdische Stimme f\u00fcr gerechten Frieden in Nahost. Bei der Organisation handelt es sich um eine extremistische Organisation aus dem s\u00e4kularen pro-pal\u00e4stinensischen Spektrum.\u201c<\/p>\n<p>Auch interessant<\/p>\n<p>Anzeige<\/p>\n<p>Auch interessant<\/p>\n<p>Anzeige<\/p>\n<p>Die J\u00fcdische Stimme wird im <a href=\"https:\/\/www.verfassungsschutz.de\/DE\/verfassungsschutz\/der-bericht\/vsb-auslandsbezogener-extremismus\/2024-auslandsbezogener-extremismus_artikel.html\" target=\"_blank\" rel=\"nofollow noopener\" class=\"text-link--external text-link\">Jahresbericht des Bundesamts f\u00fcr Verfassungsschutz (BfV)<\/a> als extremistische Organisation aufgef\u00fchrt (\u201eFeindschaft gegen\u00fcber Israel, dessen Existenzrecht sie nicht anerkennen\u201c). F\u00fcr die Filmvorf\u00fchrung wird laut Poseck au\u00dferdem ein Referat des Vorsitzenden der extremistischen Gruppierung angek\u00fcndigt.<\/p>\n<p><b>Hessens Innenminister fordert die Stadt Frankfurt auf, die die viertgr\u00f6\u00dfte j\u00fcdische Gemeinde beheimatet, sich von dieser Veranstaltung zu distanzieren. Poseck sagt zu BILD: \u201eEs ist unverst\u00e4ndlich, dass die Stadt diese Veranstaltung duldet und sogar unterst\u00fctzt. Der Umgang der Stadt Frankfurt mit links-motivierter antisemitischer Agitation war bereits in der Vergangenheit problematisch.\u201c<\/b><\/p>\n<p><img decoding=\"async\" width=\"992\" height=\"1068\" alt=\"Erst im Sommer hatten Judenhasser bei einer von der Stadt Frankfurt genehmigten linksextremen Veranstaltung einen pro-j\u00fcdischen Immobilienkaufmann angegriffen\" src=\"https:\/\/www.europesays.com\/de\/wp-content\/uploads\/2025\/12\/84b9f848b4c8961f789fc929dc4519b4,1788db93\"   class=\"dynamic\" loading=\"lazy\"\/><\/p>\n<p class=\"fig__caption__text\">Erst im Sommer hatten Judenhasser bei einer von der Stadt Frankfurt genehmigten linksextremen Veranstaltung einen pro-j\u00fcdischen Immobilienkaufmann angegriffen<\/p>\n<p>Foto: privat<\/p>\n<p>Erst im Sommer hatte Frankfurt eine Zeltstadt f\u00fcr bis zu 1500 Aktivisten in einem Park genehmigt, von dem aus es immer wieder judenfeindliche Aktivit\u00e4ten gab. Trauriger H\u00f6hepunkt war der Angriff auf einen <a href=\"https:\/\/www.bild.de\/regional\/frankfurt\/frankfurt-farb-attacke-auf-juden-im-park-68a8c83527354110af432160\" class=\"text-link\" target=\"_blank\" rel=\"noopener\">pro-j\u00fcdischen Immobilienkaufmann<\/a>, der sich mit dem Verein <a href=\"https:\/\/honestlyconcerned.info\/\" target=\"_blank\" rel=\"nofollow noopener\" class=\"text-link--external text-link\">Honestly Concerned<\/a> gegen Antisemitismus einsetzt.<\/p>\n<p><b>An der Goethe-Universit\u00e4t wurden im Herbst <\/b><a href=\"https:\/\/www.bild.de\/regional\/frankfurt\/an-uni-frankfurt-israelhasser-verfolgen-juedische-wissenschaftler-68d0e9405d604c6d7adae316\" class=\"text-link\" target=\"_blank\" rel=\"noopener\"><b>j\u00fcdische Wissenschaftler aus Tel Aviv<\/b><\/a><b> von einer Gruppe linker Israel-Hasser, die an der Uni studiert, verfolgt, eingesch\u00fcchtert und beleidigt. So einen Vorfall gab es zuletzt im Dritten Reich.<\/b><\/p>\n","protected":false},"excerpt":{"rendered":"Frankfurt am Main \u2013 Unterst\u00fctzt Frankfurt Linksextremisten und Antisemiten? Hessens Innenminister Roman Poseck kritisiert die Stadt scharf: Ein&hellip;\n","protected":false},"author":2,"featured_media":629997,"comment_status":"","ping_status":"","sticky":false,"template":"","format":"standard","meta":{"footnotes":""},"categories":[1829],"tags":[712,29,2050,2051,739,30,410,2052,411,1597,2119,8730,45],"class_list":{"0":"post-629996","1":"post","2":"type-post","3":"status-publish","4":"format-standard","5":"has-post-thumbnail","7":"category-frankfurt-am-main","8":"tag-antisemitismus","9":"tag-deutschland","10":"tag-frankfurt","11":"tag-frankfurt-am-main","12":"tag-gaza","13":"tag-germany","14":"tag-hamas","15":"tag-hessen","16":"tag-israel","17":"tag-juden","18":"tag-judentum","19":"tag-schlagenhaufer-stefan","20":"tag-texttospeech"},"share_on_mastodon":{"url":"https:\/\/pubeurope.com\/@de\/115678674697393053","error":""},"_links":{"self":[{"href":"https:\/\/www.europesays.com\/de\/wp-json\/wp\/v2\/posts\/629996","targetHints":{"allow":["GET"]}}],"collection":[{"href":"https:\/\/www.europesays.com\/de\/wp-json\/wp\/v2\/posts"}],"about":[{"href":"https:\/\/www.europesays.com\/de\/wp-json\/wp\/v2\/types\/post"}],"author":[{"embeddable":true,"href":"https:\/\/www.europesays.com\/de\/wp-json\/wp\/v2\/users\/2"}],"replies":[{"embeddable":true,"href":"https:\/\/www.europesays.com\/de\/wp-json\/wp\/v2\/comments?post=629996"}],"version-history":[{"count":0,"href":"https:\/\/www.europesays.com\/de\/wp-json\/wp\/v2\/posts\/629996\/revisions"}],"wp:featuredmedia":[{"embeddable":true,"href":"https:\/\/www.europesays.com\/de\/wp-json\/wp\/v2\/media\/629997"}],"wp:attachment":[{"href":"https:\/\/www.europesays.com\/de\/wp-json\/wp\/v2\/media?parent=629996"}],"wp:term":[{"taxonomy":"category","embeddable":true,"href":"https:\/\/www.europesays.com\/de\/wp-json\/wp\/v2\/categories?post=629996"},{"taxonomy":"post_tag","embeddable":true,"href":"https:\/\/www.europesays.com\/de\/wp-json\/wp\/v2\/tags?post=629996"}],"curies":[{"name":"wp","href":"https:\/\/api.w.org\/{rel}","templated":true}]}}