{"id":630068,"date":"2025-12-07T14:49:27","date_gmt":"2025-12-07T14:49:27","guid":{"rendered":"https:\/\/www.europesays.com\/de\/630068\/"},"modified":"2025-12-07T14:49:27","modified_gmt":"2025-12-07T14:49:27","slug":"stadtwerke-bielefeld-erhoehen-mobiel-ticketpreise-zum-jahreswechsel-haller-kreisblatt","status":"publish","type":"post","link":"https:\/\/www.europesays.com\/de\/630068\/","title":{"rendered":"Stadtwerke Bielefeld erh\u00f6hen Mobiel-Ticketpreise zum Jahreswechsel | Haller Kreisblatt"},"content":{"rendered":"<p id=\"absatz1\" class=\"em_text\">Bielefeld (im\u00fc). Zum Jahresbeginn 2026 werden die Ticket- und Abopreise in der Preisstufe Bielefeld angepasst. Das teilen die Stadtwerke Bielefeld mit. Die durchschnittliche Preiserh\u00f6hung betr\u00e4gt rund zwei Prozent, bei Abos liegt die Anpassung bei drei Prozent.<\/p>\n<p id=\"absatz2\" class=\"em_text\">Diese Anpassungen sind notwendig, um die steigenden Kosten im Personal- und Materialbereich anteilig zu kompensieren. Die n\u00e4chste Preisanpassung f\u00fcr die Preisstufe Bielefeld ist nicht vor dem 1. Januar 2027 geplant, so die Stadtwerke.<\/p>\n<p id=\"absatz4\" class=\"em_text\">Sollte k\u00fcnftig die Anpassung von Ticketpreisen erforderlich sein, passiert das im Westfalen-Tarif nur zum 1. Januar. Dazu haben sich die westf\u00e4lischen Tarifgesellschaften und Verkehrsunternehmen verst\u00e4ndigt. Die Umstellung des Stichtags erfolgt damit einheitlich zum NRW-Tarif und zu den \u00fcbrigen Verkehrsverb\u00fcnden in Nordrhein-Westfalen.<\/p>\n<\/p>\n<p> Ticketinfos ab dem 1. Januar 2026<\/p>\n<p class=\"em_text\">Bundesweit wird der Preis f\u00fcr das Deutschlandticket auf 63 Euro erh\u00f6ht. Der Preis f\u00fcr das Bielefeld-Abo mit Mitnahmeregelung und optionaler Weitergabe steigt auf 75,70 Euro. Der Preis f\u00fcr das Einzelticket steigt um zehn Cent auf 3,60 Euro. Unver\u00e4ndert bleiben die Preise f\u00fcr die Kurzstrecke und die digitalen Tickets (Clipticket und eezy.nrw).<\/p>\n<p>Die Preise ab Januar 2026:<\/p>\n<p><a class=\"article-detail-image use-fancybox\" href=\"https:\/\/www.haller-kreisblatt.de\/_em_daten\/_cache\/image\/1xWk9XcWozdVpaYm1IanpUUTZEbGtSZWg4NElocTc3bkdEU2dMQVora0g5MVdyRXdoeVRkUGtnaVFJbWkweUVaR3lDRWZJTEVraDJHZXNGZFBBL1dVZ3ArdmQxUS9mSEgrVVlhZ1U5d0RtUE09\/251205-1638-713742559.jpg\" rel=\"article-detail-image-overlay nofollow noopener\" title=\"Die Preise ab Januar 2026. - \u00a9 Screenshot NW\" target=\"_blank\"><\/p>\n<p><img decoding=\"async\" itemprop=\"image\" class=\"media-object img-responsive\" width=\"500\" src=\"https:\/\/www.europesays.com\/de\/wp-content\/uploads\/2025\/12\/251205-1638-713742559.jpg\" alt=\"Die Preise ab Januar 2026. - \u00a9 Screenshot NW\"\/><br \/>\n<\/a><\/p>\n<p>Die Preise ab Januar 2026.<br \/>\n(\u00a9 Screenshot NW)<\/p>\n<p id=\"absatz7\" class=\"em_text\">Im Nachtbus gelten k\u00fcnftig alle Tickets des Westfalen-Tarifs, wie das Einzelticket, Tagesticket 24, eezy.nrw und das Deutschlandticket. Das Nachtbus-Ticket wird es dann nicht mehr geben. Die kostenlose Mitnahme f\u00fcr bestimmte Abos gilt ab Januar auch im Nachtbus. Alle Informationen sind auf der Webseite von Mobiel unter <a href=\"http:\/\/www.mobiel.de\" rel=\"noopener nofollow\" target=\"_blank\">www.mobiel.de<\/a> verf\u00fcgbar.<\/p>\n<p id=\"absatz8\"><b class=\"bold\">Aktuelle News bekommen Sie t\u00e4glich \u00fcber den <\/b><a data-auth=\"NotApplicable\" data-linkindex=\"0\" href=\"https:\/\/whatsapp.com\/channel\/0029VagU0FW1SWsxhmHz2v0q\" rel=\"noreferrer noopener nofollow\" target=\"_blank\" title=\"https:\/\/whatsapp.com\/channel\/0029VagU0FW1SWsxhmHz2v0q\"><b class=\"bold\">WhatsApp-Kanal des HK<\/b><\/a> <\/p>\n","protected":false},"excerpt":{"rendered":"Bielefeld (im\u00fc). Zum Jahresbeginn 2026 werden die Ticket- und Abopreise in der Preisstufe Bielefeld angepasst. Das teilen die&hellip;\n","protected":false},"author":2,"featured_media":630069,"comment_status":"","ping_status":"","sticky":false,"template":"","format":"standard","meta":{"footnotes":"","_share_on_mastodon":"0"},"categories":[1841],"tags":[148859,62352,1605,3364,29,1054,30,2280,734,736,26093,1613,1209,112503,27793,8404],"class_list":["post-630068","post","type-post","status-publish","format-standard","has-post-thumbnail","category-bielefeld","tag-abopreis","tag-bahnfahren","tag-bielefeld","tag-de","tag-deutschland","tag-deutschlandticket","tag-germany","tag-jahreswechsel","tag-meta_artikelklasse_nachricht","tag-meta_copyrights_nw","tag-meta_themen_verkehr_mobilitaet","tag-meta_userneeds_informieremich","tag-nordrhein-westfalen","tag-preisstufe","tag-stadtwerke-bielefeld","tag-westfalen"],"share_on_mastodon":{"url":"https:\/\/pubeurope.com\/@de\/115678843363077929","error":""},"_links":{"self":[{"href":"https:\/\/www.europesays.com\/de\/wp-json\/wp\/v2\/posts\/630068","targetHints":{"allow":["GET"]}}],"collection":[{"href":"https:\/\/www.europesays.com\/de\/wp-json\/wp\/v2\/posts"}],"about":[{"href":"https:\/\/www.europesays.com\/de\/wp-json\/wp\/v2\/types\/post"}],"author":[{"embeddable":true,"href":"https:\/\/www.europesays.com\/de\/wp-json\/wp\/v2\/users\/2"}],"replies":[{"embeddable":true,"href":"https:\/\/www.europesays.com\/de\/wp-json\/wp\/v2\/comments?post=630068"}],"version-history":[{"count":0,"href":"https:\/\/www.europesays.com\/de\/wp-json\/wp\/v2\/posts\/630068\/revisions"}],"wp:featuredmedia":[{"embeddable":true,"href":"https:\/\/www.europesays.com\/de\/wp-json\/wp\/v2\/media\/630069"}],"wp:attachment":[{"href":"https:\/\/www.europesays.com\/de\/wp-json\/wp\/v2\/media?parent=630068"}],"wp:term":[{"taxonomy":"category","embeddable":true,"href":"https:\/\/www.europesays.com\/de\/wp-json\/wp\/v2\/categories?post=630068"},{"taxonomy":"post_tag","embeddable":true,"href":"https:\/\/www.europesays.com\/de\/wp-json\/wp\/v2\/tags?post=630068"}],"curies":[{"name":"wp","href":"https:\/\/api.w.org\/{rel}","templated":true}]}}