{"id":630092,"date":"2025-12-07T15:04:16","date_gmt":"2025-12-07T15:04:16","guid":{"rendered":"https:\/\/www.europesays.com\/de\/630092\/"},"modified":"2025-12-07T15:04:16","modified_gmt":"2025-12-07T15:04:16","slug":"nach-rekordstrafe-vs-x-elon-musk-verbreitet-ueblen-eu-nazi-vergleich-politik","status":"publish","type":"post","link":"https:\/\/www.europesays.com\/de\/630092\/","title":{"rendered":"Nach Rekordstrafe vs. X: Elon Musk verbreitet \u00fcblen EU-Nazi-Vergleich | Politik"},"content":{"rendered":"<p>Washington\/Berlin \u2013<b> Neuer Tiefpunkt der Musk\u2018schen Wut-Postings bei seinem sozialen Netzwerk X. Zwei Tage nach der Verh\u00e4ngung einer EU-Rekordstrafe von 120 Millionen Euro gegen das Unternehmen des Techmilliard\u00e4rs, eskaliert dieser die Rhetorik gegen die Europ\u00e4ische Union immer weiter.<\/b><\/p>\n<p>\u25ba Bei X teilte er ein Posting eines anonymen Accounts mit dem Spitznamen \u201eAlice Smith\u201c. Dieser hatte eine EU-Flagge gepostet, die zur Seite umschl\u00e4gt. Darunter kommt eine Hakenkreuz-Flagge der Nationalsozialisten zum Vorschein. Dazu schreibt der Account wenig missverst\u00e4ndlich \u201eThe Fourth Reich\u201c, also \u201eDas vierte Reich\u201c \u2013 und insinuiert damit, die EU folge dem NS-Regime im Geiste und Handeln.<\/p>\n<p><img decoding=\"async\" width=\"992\" height=\"558\" alt=\"Tech-Milliard\u00e4r Elon Musk besitzt X seit April 2022\" src=\"https:\/\/www.europesays.com\/de\/wp-content\/uploads\/2025\/12\/7d6ebbfddb2d893dcd6f99f95e7904d2,48d6a425\"   class=\"landscape\" loading=\"lazy\"\/><\/p>\n<p class=\"fig__caption__text\">Tech-Milliard\u00e4r Elon Musk besitzt X seit April 2022<\/p>\n<p>Foto: ALAIN JOCARD\/AFP<\/p>\n<p><b>Musk zitierte den Tweet mit den Worten \u201ePretty much\u201c, also etwa \u201eziemlich genau\u201c oder einer \u00e4hnlich zustimmenden Phrase, und verbreitete ihn \u00fcber sein X-Profil. <\/b><\/p>\n<p>\u25b6\ufe0e Durch das Aufgreifen des relativ unbekannten Accounts (80.000 Abonnenten) explodierte die Reichweite des Postings f\u00f6rmlich. Binnen weniger Stunden stieg die Reichweite von einer Million auf mehr als 16 Millionen Impressionen, was den EU-Nazi-Vergleich den Nutzern weltweit in die X Timeline sp\u00fclte.<\/p>\n<p><img decoding=\"async\" width=\"992\" height=\"1178\" alt=\"St\u00fcndlich sahen etwa eine Million Nutzer mehr das Posting des Milliard\u00e4rs mit der EU-Nazi-Flaggen-Konstruktion\" src=\"https:\/\/www.europesays.com\/de\/wp-content\/uploads\/2025\/12\/1d5031d6746fbe26208d651a30c7f240,7b5bff61\"   class=\"portrait\" loading=\"lazy\"\/><\/p>\n<p class=\"fig__caption__text\">St\u00fcndlich sahen etwa eine Million Nutzer mehr das Posting des Milliard\u00e4rs mit der EU-Nazi-Flaggen-Konstruktion<\/p>\n<p>Foto: X<\/p>\n<p><b>Am Freitag brummte die EU Elon Musks Online-Plattform X eine Mega-Strafe in H\u00f6he von 120 Millionen Euro auf! Grund: Das Unternehmen soll massiv gegen zentrale Regeln des Digital Services Act (DSA) versto\u00dfen.<\/b><\/p>\n<p>EU-Digitalkommissarin Henna Virkkunen (53) machte in Br\u00fcssel klar: \u201eWir sind hier, um sicherzustellen, dass unsere digitale Gesetzgebung durchgesetzt wird.\u201c Es ist die erste Strafe \u00fcberhaupt, die die Kommission auf Basis des neuen Gesetzes verh\u00e4ngt.<\/p>\n<p>Mehr zum Thema<\/p>\n<p>\u25ba Ausl\u00f6ser waren monatelange Ermittlungen, die im Dezember 2023 gestartet wurden. Die Br\u00fcsseler Beamten kritisieren vor allem den wei\u00df-blauen Abo-Haken, der Nutzern angebliche Echtheit von Accounts vorgaukelt. Auch bei Werbung sei oft nicht erkennbar, wer dahintersteckt. Dazu kam: X verweigerte Forschern den gesetzlich vorgeschriebenen Zugang zu \u00f6ffentlichen Daten.<\/p>\n","protected":false},"excerpt":{"rendered":"Washington\/Berlin \u2013 Neuer Tiefpunkt der Musk\u2018schen Wut-Postings bei seinem sozialen Netzwerk X. Zwei Tage nach der Verh\u00e4ngung einer&hellip;\n","protected":false},"author":2,"featured_media":630093,"comment_status":"","ping_status":"","sticky":false,"template":"","format":"standard","meta":{"footnotes":""},"categories":[3933],"tags":[331,332,548,663,9865,158,3934,3935,13,411,2934,14,15,12,45,1017,12552],"class_list":{"0":"post-630092","1":"post","2":"type-post","3":"status-publish","4":"format-standard","5":"has-post-thumbnail","7":"category-eu","8":"tag-aktuelle-nachrichten","9":"tag-aktuelle-news","10":"tag-eu","11":"tag-europa","12":"tag-europaeische-kommission","13":"tag-europaeische-union","14":"tag-europe","15":"tag-european-union","16":"tag-headlines","17":"tag-israel","18":"tag-musk-elon","19":"tag-nachrichten","20":"tag-news","21":"tag-schlagzeilen","22":"tag-texttospeech","23":"tag-trump-donald","24":"tag-twitter"},"share_on_mastodon":{"url":"https:\/\/pubeurope.com\/@de\/115678902971193496","error":""},"_links":{"self":[{"href":"https:\/\/www.europesays.com\/de\/wp-json\/wp\/v2\/posts\/630092","targetHints":{"allow":["GET"]}}],"collection":[{"href":"https:\/\/www.europesays.com\/de\/wp-json\/wp\/v2\/posts"}],"about":[{"href":"https:\/\/www.europesays.com\/de\/wp-json\/wp\/v2\/types\/post"}],"author":[{"embeddable":true,"href":"https:\/\/www.europesays.com\/de\/wp-json\/wp\/v2\/users\/2"}],"replies":[{"embeddable":true,"href":"https:\/\/www.europesays.com\/de\/wp-json\/wp\/v2\/comments?post=630092"}],"version-history":[{"count":0,"href":"https:\/\/www.europesays.com\/de\/wp-json\/wp\/v2\/posts\/630092\/revisions"}],"wp:featuredmedia":[{"embeddable":true,"href":"https:\/\/www.europesays.com\/de\/wp-json\/wp\/v2\/media\/630093"}],"wp:attachment":[{"href":"https:\/\/www.europesays.com\/de\/wp-json\/wp\/v2\/media?parent=630092"}],"wp:term":[{"taxonomy":"category","embeddable":true,"href":"https:\/\/www.europesays.com\/de\/wp-json\/wp\/v2\/categories?post=630092"},{"taxonomy":"post_tag","embeddable":true,"href":"https:\/\/www.europesays.com\/de\/wp-json\/wp\/v2\/tags?post=630092"}],"curies":[{"name":"wp","href":"https:\/\/api.w.org\/{rel}","templated":true}]}}