{"id":630238,"date":"2025-12-07T16:26:19","date_gmt":"2025-12-07T16:26:19","guid":{"rendered":"https:\/\/www.europesays.com\/de\/630238\/"},"modified":"2025-12-07T16:26:19","modified_gmt":"2025-12-07T16:26:19","slug":"eu-aussenbeauftragte-kallas-zeigt-verstaendnis-fuer-trumps-eu-kritik","status":"publish","type":"post","link":"https:\/\/www.europesays.com\/de\/630238\/","title":{"rendered":"EU-Aussenbeauftragte Kallas zeigt Verst\u00e4ndnis f\u00fcr Trumps EU-Kritik"},"content":{"rendered":"<p>Nach der Ver\u00f6ffentlichung einer neuen US-Sicherheitsstrategie hat EU-Aussenbeauftragte Kaja Kallas Verst\u00e4ndnis f\u00fcr die Kritik der Regierung Trump an Europa ge\u00e4ussert. \u00abNat\u00fcrlich gibt es da viel Kritik, aber ich denke, etwas davon ist auch wahr\u00bb, sagte Kallas beim Doha-Forum in Katar. Trotz Differenzen zwischen beiden Seiten sei das B\u00fcndnis mit den USA intakt: \u00abWir sind die gr\u00f6ssten Verb\u00fcndeten und wir sollten zusammenhalten.\u00bb<\/p>\n<p>Wie die <a href=\"https:\/\/www.faz.net\/aktuell\/politik\/usa-unter-trump\/liveblog-usa-unter-trump-roettgen-spricht-von-zweiter-zeitenwende-fuer-europa-faz-19444916.html\" target=\"_blank\" rel=\"noopener\">Frankfurter Allgemeine Zeitung<\/a> berichtet, bezeichnet die neue US-Strategie Europa als politisch geschw\u00e4cht und wirtschaftlich fragil. Washington will laut dem <a href=\"https:\/\/weltwoche.de\/daily\/us-praesident-donald-trump-warnt-vor-der-zivilisatorischen-ausloeschung-europas\/\" target=\"_blank\" rel=\"noopener\">Papier<\/a> \u00abWiderstand\u00bb gegen den Kurs der EU unterst\u00fctzen und warnt vor einer \u00abzivilisatorischen Ausl\u00f6schung\u00bb Europas. Auch die Einwanderungs- und Informationspolitik wird kritisiert \u2013 von \u00abZensur der freien Meinungs\u00e4usserung\u00bb und \u00abUnterdr\u00fcckung der Opposition\u00bb ist die Rede.<\/p>\n<p>US-Verteidigungsminister Pete Hegseth, der sich inzwischen \u00abKriegsminister\u00bb nennt, k\u00fcndigte laut FAZ an, nur noch \u00abvorbildliche Verb\u00fcndete\u00bb wie Polen, Israel oder zunehmend Deutschland mit amerikanischer Gunst zu belohnen. L\u00e4nder, die ihren Teil nicht leisteten, m\u00fcssten mit Konsequenzen rechnen.<\/p>\n<p>Deutschlands Aussenminister Johann Wadephul reagierte zur\u00fcckhaltend. Die Kritik sei unbegr\u00fcndet, so der CDU-Politiker. Gleichzeitig unterstrich auch er: Die USA blieben wichtigster B\u00fcndnispartner Deutschlands in der NATO.<\/p>\n","protected":false},"excerpt":{"rendered":"Nach der Ver\u00f6ffentlichung einer neuen US-Sicherheitsstrategie hat EU-Aussenbeauftragte Kaja Kallas Verst\u00e4ndnis f\u00fcr die Kritik der Regierung Trump an&hellip;\n","protected":false},"author":2,"featured_media":630239,"comment_status":"","ping_status":"","sticky":false,"template":"","format":"standard","meta":{"footnotes":""},"categories":[3933],"tags":[331,332,508,548,663,158,3934,3935,13,23377,14,1159,15,16,12,3931,55],"class_list":{"0":"post-630238","1":"post","2":"type-post","3":"status-publish","4":"format-standard","5":"has-post-thumbnail","7":"category-eu","8":"tag-aktuelle-nachrichten","9":"tag-aktuelle-news","10":"tag-diplomatie","11":"tag-eu","12":"tag-europa","13":"tag-europaeische-union","14":"tag-europe","15":"tag-european-union","16":"tag-headlines","17":"tag-internationale","18":"tag-nachrichten","19":"tag-nato","20":"tag-news","21":"tag-politik","22":"tag-schlagzeilen","23":"tag-sicherheit","24":"tag-wirtschaft"},"share_on_mastodon":{"url":"https:\/\/pubeurope.com\/@de\/115679224453551986","error":""},"_links":{"self":[{"href":"https:\/\/www.europesays.com\/de\/wp-json\/wp\/v2\/posts\/630238","targetHints":{"allow":["GET"]}}],"collection":[{"href":"https:\/\/www.europesays.com\/de\/wp-json\/wp\/v2\/posts"}],"about":[{"href":"https:\/\/www.europesays.com\/de\/wp-json\/wp\/v2\/types\/post"}],"author":[{"embeddable":true,"href":"https:\/\/www.europesays.com\/de\/wp-json\/wp\/v2\/users\/2"}],"replies":[{"embeddable":true,"href":"https:\/\/www.europesays.com\/de\/wp-json\/wp\/v2\/comments?post=630238"}],"version-history":[{"count":0,"href":"https:\/\/www.europesays.com\/de\/wp-json\/wp\/v2\/posts\/630238\/revisions"}],"wp:featuredmedia":[{"embeddable":true,"href":"https:\/\/www.europesays.com\/de\/wp-json\/wp\/v2\/media\/630239"}],"wp:attachment":[{"href":"https:\/\/www.europesays.com\/de\/wp-json\/wp\/v2\/media?parent=630238"}],"wp:term":[{"taxonomy":"category","embeddable":true,"href":"https:\/\/www.europesays.com\/de\/wp-json\/wp\/v2\/categories?post=630238"},{"taxonomy":"post_tag","embeddable":true,"href":"https:\/\/www.europesays.com\/de\/wp-json\/wp\/v2\/tags?post=630238"}],"curies":[{"name":"wp","href":"https:\/\/api.w.org\/{rel}","templated":true}]}}