{"id":630369,"date":"2025-12-07T17:37:10","date_gmt":"2025-12-07T17:37:10","guid":{"rendered":"https:\/\/www.europesays.com\/de\/630369\/"},"modified":"2025-12-07T17:37:10","modified_gmt":"2025-12-07T17:37:10","slug":"hastener-weihnachtstreff-begeistert-mit-tradition-und-neuheiten","status":"publish","type":"post","link":"https:\/\/www.europesays.com\/de\/630369\/","title":{"rendered":"Hastener Weihnachtstreff begeistert mit Tradition und Neuheiten"},"content":{"rendered":"<p class=\"Textstyled__Text-sc-1cqv9mi-0 cLyiiX\">Remscheid. Klein, gem\u00fctlich \u2013 vor allem aber etwas Besonderes ist er, der Hastener Weihnachtstreff, der traditionell am 2. Advent nach dem Festgottesdienst in der Kirche, im Kirchpark und dem Johannes-Schmiesing-Haus gefeiert wird.<\/p>\n<p>Weiterlesen nach der Anzeige<\/p>\n<p>Weiterlesen nach der Anzeige<\/p>\n<p class=\"Textstyled__Text-sc-1cqv9mi-0 cLyiiX\">Offiziell er\u00f6ffnet wurde die Adventsveranstaltung von Sankt Nikolaus (alias Rolf Kraushaar), der eine hohe Bischofsm\u00fctze und ein langes Gewand trug. F\u00fcr jedes Kind hatte er einen rotbackigen Apfel in seinem Korb liegen. Und man sah Kraushaar an, wie viel Freude ihm sein Amt auch nach mehr als 20 Jahren noch macht. <\/p>\n<p>Weiterlesen nach der Anzeige<\/p>\n<p>Weiterlesen nach der Anzeige<\/p>\n<p>Aus Hufn\u00e4geln Anh\u00e4nger schmieden<\/p>\n<p class=\"Textstyled__Text-sc-1cqv9mi-0 cLyiiX\">W\u00e4hrend in der Kirche ab dem Mittag ein musikalisches Programm geboten wurde \u2013 beispielsweise lud die Chorgemeinschaft Hazet-Honsberg zu einem kleinen Weihnachtskonzert ein und Pfarrer Siegfried Landau gab H\u00f6rbeispiele an der Orgel \u2013, trafen sich im Kirchpark die G\u00e4ste unter den wei\u00dfen Pavillond\u00e4chern zu Gr\u00fcnkohl, Reibekuchen und Bratwurst. Oder zu einem Gl\u00e4schen Gl\u00fchwein und selbst hergestelltem Kinderpunsch. <\/p>\n<p class=\"Textstyled__Text-sc-1cqv9mi-0 cLyiiX\">Unter dem langen Zelt des F\u00f6rdervereins Steffenshammer durfte geschmiedet werden, so dass aus Hufn\u00e4geln Anh\u00e4nger f\u00fcr die J\u00fcngsten wurden. \u201eJa, so machst du es richtig\u201c, lobte der Schmied die vierj\u00e4hrige Lisa, die den Stil ihres Hammers fest in beide H\u00e4nde genommen hatte.<\/p>\n<p>Mehr St\u00e4nde als im Vorjahr<\/p>\n<p class=\"Textstyled__Text-sc-1cqv9mi-0 cLyiiX\">\u201eDas Schmieden wird immer gut angenommen. Da trifft sich die Neugier der Kinder mit dem Wissen der Experten\u201c, so sah es Dr. Andreas Wallbrecht, Vorsitzender der IG Hasten, die den Treff in diesem Jahr zum 29. Mal organisiert hatte. Und sich freute, dass dieses Mal noch mehr Verkaufsst\u00e4nde als in den vergangenen Jahren im Saal des Gemeindehauses aufgebaut werden konnten. <\/p>\n<p class=\"Textstyled__Text-sc-1cqv9mi-0 cLyiiX\">\u201eDas Wichtigste ist aber, dass wir Hastener und unsere G\u00e4ste miteinander ins Gespr\u00e4ch kommen. Und das klappt vor allem gut am Abend, wenn wir uns zum Gl\u00fchwein im Zelt vor der Kirche treffen\u201c, wusste er aus Erfahrung. <\/p>\n<p>Weiterlesen nach der Anzeige<\/p>\n<p>Weiterlesen nach der Anzeige<\/p>\n<p>Der n\u00e4chste Weihnachtstreff<\/p>\n<p class=\"Textstyled__Text-sc-1cqv9mi-0 cLyiiX\">F\u00fcr den n\u00e4chsten Weihnachtstreff \u2013 zum 30. Jubil\u00e4um \u2013 plant Wallbrecht etwas Besonderes. Was es ist, wird aber noch nicht verraten. Den Erl\u00f6s des diesj\u00e4hrigen Events will die IG Hasten in die Weihnachtsbeleuchtung stecken: \u201eSie wird etwas reduziert, aber der Hasten leuchtet.\u201c<\/p>\n<p class=\"Textstyled__Text-sc-1cqv9mi-0 cLyiiX\">Rappelvoll war es im Johannes-Schmiesing-Haus schon kurz nach dem Start am Mittag. Es gab Pl\u00e4tzchen und Weihnachtsdeko, Tee, Gestecke mit Kerzen, Get\u00f6pfertes und Gestricktes. Die Auswahl an Marmeladen und Gelees war enorm und wer eine St\u00e4rkung brauchte, der war bei Kaffee und Kuchen im Caf\u00e9 der Hastener Altenhilfe bestens aufgehoben.<\/p>\n<p class=\"Editorialstyled__Editorial-sc-1bfvh9l-0 cSmjnJ\">RGA<\/p>\n","protected":false},"excerpt":{"rendered":"Remscheid. Klein, gem\u00fctlich \u2013 vor allem aber etwas Besonderes ist er, der Hastener Weihnachtstreff, der traditionell am 2.&hellip;\n","protected":false},"author":2,"featured_media":630370,"comment_status":"","ping_status":"","sticky":false,"template":"","format":"standard","meta":{"footnotes":""},"categories":[1840],"tags":[3364,29,30,1209,4418],"class_list":{"0":"post-630369","1":"post","2":"type-post","3":"status-publish","4":"format-standard","5":"has-post-thumbnail","7":"category-wuppertal","8":"tag-de","9":"tag-deutschland","10":"tag-germany","11":"tag-nordrhein-westfalen","12":"tag-wuppertal"},"share_on_mastodon":{"url":"https:\/\/pubeurope.com\/@de\/115679503627375906","error":""},"_links":{"self":[{"href":"https:\/\/www.europesays.com\/de\/wp-json\/wp\/v2\/posts\/630369","targetHints":{"allow":["GET"]}}],"collection":[{"href":"https:\/\/www.europesays.com\/de\/wp-json\/wp\/v2\/posts"}],"about":[{"href":"https:\/\/www.europesays.com\/de\/wp-json\/wp\/v2\/types\/post"}],"author":[{"embeddable":true,"href":"https:\/\/www.europesays.com\/de\/wp-json\/wp\/v2\/users\/2"}],"replies":[{"embeddable":true,"href":"https:\/\/www.europesays.com\/de\/wp-json\/wp\/v2\/comments?post=630369"}],"version-history":[{"count":0,"href":"https:\/\/www.europesays.com\/de\/wp-json\/wp\/v2\/posts\/630369\/revisions"}],"wp:featuredmedia":[{"embeddable":true,"href":"https:\/\/www.europesays.com\/de\/wp-json\/wp\/v2\/media\/630370"}],"wp:attachment":[{"href":"https:\/\/www.europesays.com\/de\/wp-json\/wp\/v2\/media?parent=630369"}],"wp:term":[{"taxonomy":"category","embeddable":true,"href":"https:\/\/www.europesays.com\/de\/wp-json\/wp\/v2\/categories?post=630369"},{"taxonomy":"post_tag","embeddable":true,"href":"https:\/\/www.europesays.com\/de\/wp-json\/wp\/v2\/tags?post=630369"}],"curies":[{"name":"wp","href":"https:\/\/api.w.org\/{rel}","templated":true}]}}