{"id":630371,"date":"2025-12-07T17:38:27","date_gmt":"2025-12-07T17:38:27","guid":{"rendered":"https:\/\/www.europesays.com\/de\/630371\/"},"modified":"2025-12-07T17:38:27","modified_gmt":"2025-12-07T17:38:27","slug":"fruehlingshaft-anmutende-zweistellige-temperaturen-erwartet","status":"publish","type":"post","link":"https:\/\/www.europesays.com\/de\/630371\/","title":{"rendered":"\u00abFr\u00fchlingshaft\u00bb anmutende zweistellige Temperaturen erwartet"},"content":{"rendered":"<p>Offenbach (dpa) &#8211; Winterliches Wetter sucht man zum Wochenstart nach dem zweiten Advent zunehmend vergebens. Dem Deutschen Wetterdienst in Offenbach zufolge wird es selbst in h\u00f6heren Lagen dem Schnee \u00aban den Kragen\u00bb gehen. Vielmehr w\u00fcrden Tiefdruckgebiete \u00fcber dem Atlantik f\u00fcr \u00abfr\u00fchlingshaft\u00bb anmutendes, unbest\u00e4ndiges Wetter sorgen.<\/p>\n<p>Zum Start in die Woche zeige sich die Sonne allenfalls im S\u00fcden. Regen aus der Nacht ziehe nach Osten ab und dann bleibe es meist trocken, doch schon am Nachmittag komme im Westen und Nordwesten neuer Regen. Die Temperaturen steigen auf 10 bis 16, am Oberrhein lokal 17 Grad.<\/p>\n<p>Das Wetter gehe auch in den kommenden Tag wechselhaft und mild weiter. Bei dichten Wolken kann es den Meteorologen zufolge am Dienstag l\u00e4nger anhaltenden Regen geben. S\u00fcdlich des Mains seien auch gr\u00f6\u00dfere Auflockerungen m\u00f6glich. Die Temperaturen steigen erneut auf maximal 16 Grad.<\/p>\n<p>Am Mittwoch gibt es in weiten Teilen des Landes kaum Wolkenl\u00fccken. Im S\u00fcden und im \u00f6stlichen Bergland k\u00f6nne es mal auflockern, oftmals sonnig sei es in Alpenn\u00e4he. Von Westen bis Nordosten werden dem DWD zufolge Niederschl\u00e4ge erwartet, ansonsten bleibe es meist trocken. Die H\u00f6chstwerte liegen bei milden 8 bis 15 Grad.<\/p>\n","protected":false},"excerpt":{"rendered":"Offenbach (dpa) &#8211; Winterliches Wetter sucht man zum Wochenstart nach dem zweiten Advent zunehmend vergebens. Dem Deutschen Wetterdienst&hellip;\n","protected":false},"author":2,"featured_media":630372,"comment_status":"","ping_status":"","sticky":false,"template":"","format":"standard","meta":{"footnotes":""},"categories":[1840],"tags":[3364,29,30,1209,1973,4418],"class_list":{"0":"post-630371","1":"post","2":"type-post","3":"status-publish","4":"format-standard","5":"has-post-thumbnail","7":"category-wuppertal","8":"tag-de","9":"tag-deutschland","10":"tag-germany","11":"tag-nordrhein-westfalen","12":"tag-wetter","13":"tag-wuppertal"},"share_on_mastodon":{"url":"https:\/\/pubeurope.com\/@de\/115679507626598727","error":""},"_links":{"self":[{"href":"https:\/\/www.europesays.com\/de\/wp-json\/wp\/v2\/posts\/630371","targetHints":{"allow":["GET"]}}],"collection":[{"href":"https:\/\/www.europesays.com\/de\/wp-json\/wp\/v2\/posts"}],"about":[{"href":"https:\/\/www.europesays.com\/de\/wp-json\/wp\/v2\/types\/post"}],"author":[{"embeddable":true,"href":"https:\/\/www.europesays.com\/de\/wp-json\/wp\/v2\/users\/2"}],"replies":[{"embeddable":true,"href":"https:\/\/www.europesays.com\/de\/wp-json\/wp\/v2\/comments?post=630371"}],"version-history":[{"count":0,"href":"https:\/\/www.europesays.com\/de\/wp-json\/wp\/v2\/posts\/630371\/revisions"}],"wp:featuredmedia":[{"embeddable":true,"href":"https:\/\/www.europesays.com\/de\/wp-json\/wp\/v2\/media\/630372"}],"wp:attachment":[{"href":"https:\/\/www.europesays.com\/de\/wp-json\/wp\/v2\/media?parent=630371"}],"wp:term":[{"taxonomy":"category","embeddable":true,"href":"https:\/\/www.europesays.com\/de\/wp-json\/wp\/v2\/categories?post=630371"},{"taxonomy":"post_tag","embeddable":true,"href":"https:\/\/www.europesays.com\/de\/wp-json\/wp\/v2\/tags?post=630371"}],"curies":[{"name":"wp","href":"https:\/\/api.w.org\/{rel}","templated":true}]}}