{"id":630373,"date":"2025-12-07T17:39:20","date_gmt":"2025-12-07T17:39:20","guid":{"rendered":"https:\/\/www.europesays.com\/de\/630373\/"},"modified":"2025-12-07T17:39:20","modified_gmt":"2025-12-07T17:39:20","slug":"elektromobilitaet-castrop-rauxel-stadtwerke-erklaeren-ladepreise","status":"publish","type":"post","link":"https:\/\/www.europesays.com\/de\/630373\/","title":{"rendered":"Elektromobilit\u00e4t Castrop-Rauxel: Stadtwerke erkl\u00e4ren Ladepreise"},"content":{"rendered":"<p>\t\tElektromobilit\u00e4t in Castrop-Rauxel<br \/>\n\t\t\t\t\tLeser kritisiert Ladepreise, doch Stadtwerke kontern<\/p>\n<p>\t\t<img alt=\"\" src=\"https:\/\/www.europesays.com\/de\/wp-content\/uploads\/2025\/04\/630_0036_40550_.jpg\"  class=\"avatar avatar-36 photo avatar-default\" height=\"36\" width=\"36\" loading=\"eager\" decoding=\"async\"\/>\t\t<a class=\"article-author__name\" href=\"https:\/\/www.ruhrnachrichten.de\/author\/tobias-weckenbrock\/\" rel=\"author nofollow noopener\" target=\"_blank\">Tobias Weckenbrock<\/a><br \/>\n\t\tRedakteur<\/p>\n<p>    <a href=\"https:\/\/www.ruhrnachrichten.de\/wp-content\/uploads\/2025\/12\/07\/13\/630_0900_5436207_-1648x824.jpg\" rel=\"nofollow noopener\" target=\"_blank\"><\/p>\n<p>            <img decoding=\"async\" fetchpriority=\"high\" src=\"https:\/\/www.europesays.com\/de\/wp-content\/uploads\/2025\/12\/630_0900_5436206_-640x428.jpg\" width=\"640\" height=\"428\"  alt=\"\"\/><\/p>\n<p>    <\/a><br \/>\n    Bei Elektro Breilmann wurden im Jahr 2022 Lades\u00e4ulen enth\u00fcllt, die sp\u00e4ter in ganz Castrop-Rauxel aufgestellt wurden: Marcus B\u00fccken vom Hersteller Siemens (v.l.), Ulrich Breilmann, Rajko Kravanja und Jens Langensiepen (Stadtwerke) freuten sich. \u00a9 Tobias Weckenbrock (2022)<\/p>\n<p class=\"article__teaser-text\">Die Stadtwerke Castrop-Rauxel werden wegen ihrer Ladepreise kritisiert. Ein Leser sieht ein Hindernis f\u00fcr die Mobilit\u00e4tswende. Doch er vergleicht \u00c4pfel mit Birnen.<\/p>\n<p>3 Min Lesezeit<\/p>\n<p>Vergleich von \u00c4pfeln und BirnenKeine Blockiergeb\u00fchr f\u00fcrs NachtladeneRoaming muss noch gekl\u00e4rt werden<\/p>\n","protected":false},"excerpt":{"rendered":"Elektromobilit\u00e4t in Castrop-Rauxel Leser kritisiert Ladepreise, doch Stadtwerke kontern Tobias Weckenbrock Redakteur Bei Elektro Breilmann wurden im Jahr&hellip;\n","protected":false},"author":2,"featured_media":630374,"comment_status":"","ping_status":"","sticky":false,"template":"","format":"standard","meta":{"footnotes":""},"categories":[1839],"tags":[7507,3364,29,10345,30,1209,3587],"class_list":{"0":"post-630373","1":"post","2":"type-post","3":"status-publish","4":"format-standard","5":"has-post-thumbnail","7":"category-bochum","8":"tag-bochum","9":"tag-de","10":"tag-deutschland","11":"tag-e-mobilitaet","12":"tag-germany","13":"tag-nordrhein-westfalen","14":"tag-verkehr-mobilitaet"},"share_on_mastodon":{"url":"https:\/\/pubeurope.com\/@de\/115679512136185684","error":""},"_links":{"self":[{"href":"https:\/\/www.europesays.com\/de\/wp-json\/wp\/v2\/posts\/630373","targetHints":{"allow":["GET"]}}],"collection":[{"href":"https:\/\/www.europesays.com\/de\/wp-json\/wp\/v2\/posts"}],"about":[{"href":"https:\/\/www.europesays.com\/de\/wp-json\/wp\/v2\/types\/post"}],"author":[{"embeddable":true,"href":"https:\/\/www.europesays.com\/de\/wp-json\/wp\/v2\/users\/2"}],"replies":[{"embeddable":true,"href":"https:\/\/www.europesays.com\/de\/wp-json\/wp\/v2\/comments?post=630373"}],"version-history":[{"count":0,"href":"https:\/\/www.europesays.com\/de\/wp-json\/wp\/v2\/posts\/630373\/revisions"}],"wp:featuredmedia":[{"embeddable":true,"href":"https:\/\/www.europesays.com\/de\/wp-json\/wp\/v2\/media\/630374"}],"wp:attachment":[{"href":"https:\/\/www.europesays.com\/de\/wp-json\/wp\/v2\/media?parent=630373"}],"wp:term":[{"taxonomy":"category","embeddable":true,"href":"https:\/\/www.europesays.com\/de\/wp-json\/wp\/v2\/categories?post=630373"},{"taxonomy":"post_tag","embeddable":true,"href":"https:\/\/www.europesays.com\/de\/wp-json\/wp\/v2\/tags?post=630373"}],"curies":[{"name":"wp","href":"https:\/\/api.w.org\/{rel}","templated":true}]}}