{"id":630390,"date":"2025-12-07T17:51:17","date_gmt":"2025-12-07T17:51:17","guid":{"rendered":"https:\/\/www.europesays.com\/de\/630390\/"},"modified":"2025-12-07T17:51:17","modified_gmt":"2025-12-07T17:51:17","slug":"berliner-serie-reisst-schlusslicht-magdeburg-schockt-die-hertha","status":"publish","type":"post","link":"https:\/\/www.europesays.com\/de\/630390\/","title":{"rendered":"Berliner Serie rei\u00dft: Schlusslicht Magdeburg schockt die Hertha"},"content":{"rendered":"<p>            <img loading=\"lazy\" decoding=\"async\" class=\"ts-image\" src=\"https:\/\/www.europesays.com\/de\/wp-content\/uploads\/2025\/12\/hertha-magdeburg-118.jpg\" alt=\"Maximilian Breunig (l.), Alexander Nollenberger (m.) und Max Geschwill jubeln\" title=\"Maximilian Breunig (l.), Alexander Nollenberger (m.) und Max Geschwill jubeln | IMAGO \/ Matthias Koch\"\/><\/p>\n<p class=\"metatextline\">Stand: 07.12.2025 16:54 Uhr<\/p>\n<p class=\"article-head__shorttext\">\n        <strong>Hertha BSC steckt die erste Niederlage in der 2. Fu\u00dfball-Bundesliga seit Mitte Oktober ein. Die stolze Siegesserie riss gegen den Tabellenletzten 1. FC Magdeburg.<\/strong>\n    <\/p>\n<p class=\"textabsatz m-ten m-offset-one l-eight l-offset-two columns twelve\">Alexander Nollenberger schoss am Sonntag (07.12.2025) in der 74. Minute das F\u00fchrungstor, Rayan Ghrieb sorgte in der letzten Minute der Nachspielzeit f\u00fcr das 2:0.<\/p>\n<ul class=\"buttongroup buttongroup--copytext\">\n<li class=\"buttongroup__item\">\n<p>    <a class=\"btn btn--text btn--standard-secondary btn--fullwidth\" href=\"https:\/\/www.sportschau.de\/live-und-ergebnisse\/fussball\/deutschland-2-bundesliga\/ma11201249\/hertha-bsc_1-fc-magdeburg\/liveticker\" rel=\"nofollow noopener\" target=\"_blank\"><br \/>\n        Live-Ticker zum Nachlesen<br \/>\n        Pfeil rechts<\/p>\n<p>    <\/a>\n<\/li>\n<li class=\"buttongroup__item\">\n<p>    <a class=\"btn btn--text btn--standard-secondary btn--fullwidth\" href=\"https:\/\/www.sportschau.de\/live-und-ergebnisse\/fussball\/deutschland-2-bundesliga\/se94781\/2025-2026\/ro262550\/spieltag\/md15\/spiele-und-ergebnisse\" rel=\"nofollow noopener\" target=\"_blank\"><br \/>\n        15. Spieltag<br \/>\n        Pfeil rechts<\/p>\n<p>    <\/a>\n<\/li>\n<\/ul>\n<p class=\"textabsatz m-ten m-offset-one l-eight l-offset-two columns twelve\">Die Berliner hatten ihre letzte Niederlage zuvor mit 2:3 beim VfL Bochum eingesteckt und dabei auch zuletzt Tore kassiert.<\/p>\n<p>    Reese selbstkritisch, Sander begeistert<\/p>\n<p class=\"textabsatz m-ten m-offset-one l-eight l-offset-two columns twelve\">Magdeburg-Coach Petrik Sander sagte zur Sportschau: &#8222;Wir haben vorher Herthas Lauf gar nicht so sehr thematisiert, sondern uns komplett auf uns fokussiert. Meine Mannschaft wirkt jetzt wie eine Einheit, l\u00e4sst sich nicht mehr so leicht verunsichern und zieht ihr Ding durch.&#8220;<\/p>\n<p class=\"textabsatz m-ten m-offset-one l-eight l-offset-two columns twelve\">Hertha-St\u00fcrmer Fabian Reese gab zu: &#8222;Wir haben keine gute erste H\u00e4lfte gespielt, haben beim Stand von 0:0 unsere Torchancen nicht gemacht. Bei den Gegentoren waren wir dann nicht auf der H\u00f6he, es hat das gefehlt, was uns zuletzt stark gemacht hat.&#8220;<\/p>\n<p class=\"textabsatz m-ten m-offset-one l-eight l-offset-two columns twelve\">Die Aufstiegshoffnungen erhielten damit f\u00fcr die Mannschaft von Trainer Stefan Leitl einen D\u00e4mpfer. Magdeburg atmete hingegen nach dem vierten Saisonsieg auf, auch wenn das Team wegen der schlechteren Tordifferenz gegen\u00fcber Dynamo Dresden auf dem letzten Tabellenplatz verharrt. Der R\u00fcckstand auf den rettenden 15. Rang betr\u00e4gt nach dem durchaus verdienten 2:0-Erfolg nur noch einen Punkt.<\/p>\n<p>    Reese mit der fr\u00fchen gro\u00dfen Chance<\/p>\n<p class=\"textabsatz m-ten m-offset-one l-eight l-offset-two columns twelve\">Weniger als zwei Minuten waren gespielt, als sich den Herthanern die erste gute Chance bot. Micka\u00ebl Cuisance hatte sich im Strafraum durchgesetzt und von der Grundlinie zur\u00fcckgepasst. Fabian Reese kam an den abgef\u00e4lschten Ball und setzte ihn aus knapp f\u00fcnf Metern neben das Tor.<\/p>\n<p class=\"textabsatz m-ten m-offset-one l-eight l-offset-two columns twelve\">Der Tabellenletzte gestaltete die Partie aber zun\u00e4chst \u00fcberlegen und erhielt schnell die M\u00f6glichkeit zur F\u00fchrung. Deyovaisio Zeefuik verlor den Ball im Strafraum leichtsinnig, Noah Pesch k\u00f6pfte die perfekte Flanke von Lubambo Musonda aber weit neben das Tor (9.).<\/p>\n<p>    Magdeburg in der Anfangsphase \u00fcberlegen<\/p>\n<p class=\"textabsatz m-ten m-offset-one l-eight l-offset-two columns twelve\">Magdeburg kam in den ersten 20 Minuten auf etwa 70 Prozent Ballbesitz und war dabei auch deutlich gef\u00e4hrlicher als die Berliner, die nach f\u00fcnf Siegen in der 2. Liga nacheinander ohne Gegentor im DFB-Pokal mal wieder einen Treffer kassierten. Aber der war leicht zu verkraften, denn <a href=\"https:\/\/www.sportschau.de\/fussball\/dfbpokal\/hertha-zerlegt-kaiserslautern-im-dfb-pokal,dfb-pokal-hertha-bsc-fc-kaiserslautern-highlights-100.html\" title=\"Sechs Tore und ein Rekord: Hertha zerlegt Kaiserslautern im DFB-Pokal\" rel=\"nofollow noopener\" target=\"_blank\">gegen den 1. FC Kaiserslautern gelangen im Achtelfinale sechs eigene<\/a>. Eines davon schoss Kennet Eichhorn. Das 16 Jahre alte Talent fehlte gegen den FCM wegen muskul\u00e4rer Probleme.<\/p>\n<p class=\"textabsatz m-ten m-offset-one l-eight l-offset-two columns twelve\">Nach einer knappen halben Stunde wurde die Hertha aktiver, aber bis zur Pause gab es keine weitere Chance in einem Spiel auf m\u00e4\u00dfigem Niveau.<\/p>\n<p>    Leises Stadion wegen medizinischen Notfalls<\/p>\n<p class=\"textabsatz m-ten m-offset-one l-eight l-offset-two columns twelve\">Anders als in der ersten Halbzeit kam der Gast nach dem Seitenwechsel zur ersten guten M\u00f6glichkeit. Mateusz Zukowski rutschte in eine Flanke von Falko Michel, aber war den Bruchteil einer Sekunde zu sp\u00e4t, sodass der Ball schwierig zu kontrollieren war.<\/p>\n<p class=\"textabsatz--contains-image  m-six l-five textabsatz columns twelve\">Beide Fankurven &#8211; unter den etwa 50.000 Zuschauern waren 7.500 Magdeburger &#8211; stellten in der Folge den Support ein, weil es in der Ostkurve des Olympiastadions einen medizinischen Notfall gab.<\/p>\n<p class=\"absatzbild__info__text\">\n                        Weggerutscht: Herthas Michal Karbownik gegen Laurin Ulrich\n                    <\/p>\n<p class=\"textabsatz m-ten m-offset-one l-eight l-offset-two columns twelve\">Einzig bei den Chancen wurde es laut. So st\u00f6hnten die Herthaner auf, als ein Schuss von Cuisance knapp am Magdeburger Tor vorbeiflog.<\/p>\n<p class=\"textabsatz m-ten m-offset-one l-eight l-offset-two columns twelve\">Auf der anderen Seite verhinderte Torwart Tjark Ernst bei einem Kopfball von Zukowski den R\u00fcckstand.<\/p>\n<p class=\"textabsatz m-ten m-offset-one l-eight l-offset-two columns twelve\">Nach gut einer Stunde wurde ein Fan unter Applaus der Fans abtransportiert. Er soll wieder ansprechbar gewesen sein. Entsprechend nahmen die Kurven den Support wieder auf.<\/p>\n<p>    Hertha schl\u00e4ft bei Nollenbergers Tor<\/p>\n<p class=\"textabsatz m-ten m-offset-one l-eight l-offset-two columns twelve\">Gejubelt werden durfte bei den Magdeburgern, nachdem die Hertha bei einem Ecksto\u00df die Konzentration verlor. Der Ball landete nach der schnell ausgef\u00fchrten Standardsituation bei Nollenberger, der aus kurzer Distanz einschoss.<\/p>\n<p class=\"textabsatz m-ten m-offset-one l-eight l-offset-two columns twelve\">Die Berliner mussten anschlie\u00dfend einige Konter \u00fcberstehen, ehe sie zu Beginn der neun Minuten langen Nachspielzeit zur besten M\u00f6glichkeit zum Ausgleich kamen. Magdeburgs Torwart Dominik Reimann wehrte den Kopfball von Linus Gechter aus kurzer Distanz pr\u00e4chtig ab und lie\u00df das Trainerduo Petrik Sander und Pascal Ibold zusammen mit allen Magdeburgern letztlich jubeln. Die letzten Zweifel am Sieg beseitigte Ghrieb mit seinem Tor nach einem Konter.<\/p>\n<p>    Hertha in F\u00fcrth, Magdeburg gegen Kiel<\/p>\n<p class=\"textabsatz m-ten m-offset-one l-eight l-offset-two columns twelve\">Hertha ist nun am Freitagabend bei der SpVgg Greuther F\u00fcrth zu Gast (18.30 Uhr). Der 1. FC Magdeburg empf\u00e4ngt am Samstagmittag Holstein Kiel (13.00 Uhr).<\/p>\n<ul class=\"buttongroup buttongroup--copytext\">\n<li class=\"buttongroup__item\">\n<p>    <a class=\"btn btn--text btn--standard-secondary btn--fullwidth\" href=\"https:\/\/calovo.de\/f\/sportschau\/hertha-bsc\" rel=\"nofollow noopener\" target=\"_blank\"><br \/>\n        Hertha BSC f\u00fcr Ihren Kalender<br \/>\n        Pfeil rechts<\/p>\n<p>    <\/a>\n<\/li>\n<li class=\"buttongroup__item\">\n<p>    <a class=\"btn btn--text btn--standard-secondary btn--fullwidth\" href=\"https:\/\/calovo.de\/f\/sportschau\/1-fc-magdeburg\" rel=\"nofollow noopener\" target=\"_blank\"><br \/>\n        1. FC Magdeburg f\u00fcr Ihren Kalender<br \/>\n        Pfeil rechts<\/p>\n<p>    <\/a>\n<\/li>\n<\/ul>\n","protected":false},"excerpt":{"rendered":"Stand: 07.12.2025 16:54 Uhr Hertha BSC steckt die erste Niederlage in der 2. Fu\u00dfball-Bundesliga seit Mitte Oktober ein.&hellip;\n","protected":false},"author":2,"featured_media":630391,"comment_status":"","ping_status":"","sticky":false,"template":"","format":"standard","meta":{"footnotes":""},"categories":[5],"tags":[7973,621,331,332,3364,29,347,30,13,1088,14,15,12],"class_list":{"0":"post-630390","1":"post","2":"type-post","3":"status-publish","4":"format-standard","5":"has-post-thumbnail","7":"category-nachrichten","8":"tag-1-fc-magdeburg","9":"tag-2-bundesliga","10":"tag-aktuelle-nachrichten","11":"tag-aktuelle-news","12":"tag-de","13":"tag-deutschland","14":"tag-fussball","15":"tag-germany","16":"tag-headlines","17":"tag-hertha-bsc","18":"tag-nachrichten","19":"tag-news","20":"tag-schlagzeilen"},"share_on_mastodon":{"url":"https:\/\/pubeurope.com\/@de\/115679559683923980","error":""},"_links":{"self":[{"href":"https:\/\/www.europesays.com\/de\/wp-json\/wp\/v2\/posts\/630390","targetHints":{"allow":["GET"]}}],"collection":[{"href":"https:\/\/www.europesays.com\/de\/wp-json\/wp\/v2\/posts"}],"about":[{"href":"https:\/\/www.europesays.com\/de\/wp-json\/wp\/v2\/types\/post"}],"author":[{"embeddable":true,"href":"https:\/\/www.europesays.com\/de\/wp-json\/wp\/v2\/users\/2"}],"replies":[{"embeddable":true,"href":"https:\/\/www.europesays.com\/de\/wp-json\/wp\/v2\/comments?post=630390"}],"version-history":[{"count":0,"href":"https:\/\/www.europesays.com\/de\/wp-json\/wp\/v2\/posts\/630390\/revisions"}],"wp:featuredmedia":[{"embeddable":true,"href":"https:\/\/www.europesays.com\/de\/wp-json\/wp\/v2\/media\/630391"}],"wp:attachment":[{"href":"https:\/\/www.europesays.com\/de\/wp-json\/wp\/v2\/media?parent=630390"}],"wp:term":[{"taxonomy":"category","embeddable":true,"href":"https:\/\/www.europesays.com\/de\/wp-json\/wp\/v2\/categories?post=630390"},{"taxonomy":"post_tag","embeddable":true,"href":"https:\/\/www.europesays.com\/de\/wp-json\/wp\/v2\/tags?post=630390"}],"curies":[{"name":"wp","href":"https:\/\/api.w.org\/{rel}","templated":true}]}}