{"id":630502,"date":"2025-12-07T18:53:10","date_gmt":"2025-12-07T18:53:10","guid":{"rendered":"https:\/\/www.europesays.com\/de\/630502\/"},"modified":"2025-12-07T18:53:10","modified_gmt":"2025-12-07T18:53:10","slug":"planungen-fuer-neues-spickelbad-in-augsburg-gehen-voran","status":"publish","type":"post","link":"https:\/\/www.europesays.com\/de\/630502\/","title":{"rendered":"Planungen f\u00fcr neues Spickelbad in Augsburg gehen voran"},"content":{"rendered":"<p class=\"em_text\"><strong>Nachdem zuletzt die vorgestellten<\/strong><a href=\"https:\/\/www.donaukurier.de\/lokales\/region-augsburg\/augsburger-schwimmvereine-wollen-mitreden-deutliche-kritik-an-planungen-fuer-neues-hallenbad-20068267\" target=\"_blank\" rel=\"nofollow noopener\"> Pl\u00e4ne f\u00fcr ein wettkampftaugliches Hallenbad <\/a><strong>in Augsburg stark kritisiert wurden, scheint es nun an anderer Stelle der B\u00e4derfront gute Nachrichten zu geben. Wie die Stadt Augsburg mitteilt, wurden im Generalplaner-Wettbewerb f\u00fcr den Neubau des Spickelbades f\u00fcnf von zehn Entw\u00fcrfen der Planungsb\u00fcros pr\u00e4miert. <\/strong><\/p>\n<p>Die Pl\u00e4ne zeigten, \u201ewie das Spickelbad k\u00fcnftig als attraktiver Ort f\u00fcr Sport, Freizeit und Erholung entstehen kann \u2013 unter Ber\u00fccksichtigung architektonischer, funktionaler und st\u00e4dtebaulicher Anforderungen\u201c, so die Stadt. Das Preisgericht aus sechs Fachleuten der Bereiche Architektur und Ingenieurwesen sowie f\u00fcnf Vertreterinnen und Vertretern aus Politik und Sport w\u00fcrdigte die Qualit\u00e4t, Innovationskraft und Umsetzbarkeit der ausgezeichneten Arbeiten.<\/p>\n<p>Alle Entw\u00fcrfe sind von Mittwoch, 7. Januar, bis Sonntag, 18. Januar, im Begegnungsraum \u201eKaro 10\u201c , Karolinenstra\u00dfe 10, zu sehen. Die Ausstellung pr\u00e4sentiert Pl\u00e4ne und Modelle und erl\u00e4utert die Ziele des Wettbewerbs sowie die Entscheidungskriterien der Jury.<\/p>\n<p>    Entw\u00fcrfe als gute Grundlage f\u00fcr \u201emodernes und attraktives Bad\u201c<\/p>\n<p class=\"em_text\"> \u201eWir bauen ein Bad f\u00fcr die B\u00fcrgerinnen und B\u00fcrger unserer Stadt und machen so die B\u00e4derlandschaft zukunftsf\u00e4hig\u201c, sagt Sportreferent J\u00fcrgen Enninger. Die pr\u00e4mierten Arbeiten h\u00e4tten diesen Auftrag \u201eeindrucksvoll angenommen. Und mittels architektonischer Qualit\u00e4t, \u00fcber Nachhaltigkeit und Nutzenden-Freundlichkeit miteinander verbunden\u201c. Die Entw\u00fcrfe seien eine gute Grundlage, \u201eum das Spickelbad als modernes und attraktives Bad neu zu gestalten\u201c.<\/p>\n<p>Die Pr\u00e4mierung der f\u00fcnf Entw\u00fcrfe ist ein wichtiger Schritt f\u00fcr die Realisierung des Ersatz-Neubaus. Im Rahmen eines Vergabeverfahrens unter Ber\u00fccksichtigung der Empfehlungen des Preisgerichts wird aus den f\u00fcnf Entw\u00fcrfen einer ausgew\u00e4hlt, der dann nach Abschluss eines Gesamtplanungsvertrags umgesetzt werden soll. Die eingereichten Visualisierungen sind Entw\u00fcrfe und m\u00fcssen nicht detailgetreu so umgesetzt werden. Daher ist geplant, im ersten Quartal 2026 den ausgew\u00e4hlten Generalplaner f\u00fcr eine detaillierte Planung zu beauftragen. Nach Abschluss der Planungs- und Genehmigungsphasen ist f\u00fcr 2028 der Abriss des bestehenden Spickelbades sowie der Baustart vorgesehen. Die Er\u00f6ffnung des neuen Spickelbades ist f\u00fcr 2030 geplant.<\/p>\n<p style=\"text-align:right;\">AZ<\/p>\n","protected":false},"excerpt":{"rendered":"Nachdem zuletzt die vorgestellten Pl\u00e4ne f\u00fcr ein wettkampftaugliches Hallenbad in Augsburg stark kritisiert wurden, scheint es nun an&hellip;\n","protected":false},"author":2,"featured_media":630503,"comment_status":"","ping_status":"","sticky":false,"template":"","format":"standard","meta":{"footnotes":""},"categories":[1846],"tags":[680,772,3364,29,548,663,3934,30,13,14,15,12],"class_list":{"0":"post-630502","1":"post","2":"type-post","3":"status-publish","4":"format-standard","5":"has-post-thumbnail","7":"category-augsburg","8":"tag-augsburg","9":"tag-bayern","10":"tag-de","11":"tag-deutschland","12":"tag-eu","13":"tag-europa","14":"tag-europe","15":"tag-germany","16":"tag-headlines","17":"tag-nachrichten","18":"tag-news","19":"tag-schlagzeilen"},"share_on_mastodon":{"url":"https:\/\/pubeurope.com\/@de\/115679802425660934","error":""},"_links":{"self":[{"href":"https:\/\/www.europesays.com\/de\/wp-json\/wp\/v2\/posts\/630502","targetHints":{"allow":["GET"]}}],"collection":[{"href":"https:\/\/www.europesays.com\/de\/wp-json\/wp\/v2\/posts"}],"about":[{"href":"https:\/\/www.europesays.com\/de\/wp-json\/wp\/v2\/types\/post"}],"author":[{"embeddable":true,"href":"https:\/\/www.europesays.com\/de\/wp-json\/wp\/v2\/users\/2"}],"replies":[{"embeddable":true,"href":"https:\/\/www.europesays.com\/de\/wp-json\/wp\/v2\/comments?post=630502"}],"version-history":[{"count":0,"href":"https:\/\/www.europesays.com\/de\/wp-json\/wp\/v2\/posts\/630502\/revisions"}],"wp:featuredmedia":[{"embeddable":true,"href":"https:\/\/www.europesays.com\/de\/wp-json\/wp\/v2\/media\/630503"}],"wp:attachment":[{"href":"https:\/\/www.europesays.com\/de\/wp-json\/wp\/v2\/media?parent=630502"}],"wp:term":[{"taxonomy":"category","embeddable":true,"href":"https:\/\/www.europesays.com\/de\/wp-json\/wp\/v2\/categories?post=630502"},{"taxonomy":"post_tag","embeddable":true,"href":"https:\/\/www.europesays.com\/de\/wp-json\/wp\/v2\/tags?post=630502"}],"curies":[{"name":"wp","href":"https:\/\/api.w.org\/{rel}","templated":true}]}}