{"id":630517,"date":"2025-12-07T19:02:11","date_gmt":"2025-12-07T19:02:11","guid":{"rendered":"https:\/\/www.europesays.com\/de\/630517\/"},"modified":"2025-12-07T19:02:11","modified_gmt":"2025-12-07T19:02:11","slug":"rga-top-themen-7-dezember-2025","status":"publish","type":"post","link":"https:\/\/www.europesays.com\/de\/630517\/","title":{"rendered":"RGA Top-Themen &#8211; 7. Dezember 2025"},"content":{"rendered":"<p class=\"Textstyled__Text-sc-1cqv9mi-0 cLyiiX\">Guten Abend, liebe Leserinnen und Leser,<\/p>\n<p>Weiterlesen nach der Anzeige<\/p>\n<p>Weiterlesen nach der Anzeige<\/p>\n<p class=\"Textstyled__Text-sc-1cqv9mi-0 cLyiiX\">nicht nur war am Sonntag Nikolaustag \u2013 heute ist auch der 2. Advent. Und so d\u00fcrfen weihnachtliche Aktionen nat\u00fcrlich in Remscheid nicht fehlen. Waren Sie auch schon weihnachtlich unterwegs? <a href=\"https:\/\/www.rga.de\/lokales\/remscheid\/weihnachtliche-klaenge-vom-rathausturm-ziehen-remscheider-in-ihren-bann-5EVVBQXCSBDBXM4ZIY4N3DFO4E.html\" target=\"_blank\" rel=\"noopener\" title=\"https:\/\/www.rga.de\/lokales\/remscheid\/weihnachtliche-klaenge-vom-rathausturm-ziehen-remscheider-in-ihren-bann-5EVVBQXCSBDBXM4ZIY4N3DFO4E.html\" data-vars-event-category=\"intext_link\" data-vars-event-action=\"click\" data-vars-event-label=\"https:\/\/www.rga.de\/lokales\/remscheid\/weihnachtliche-klaenge-vom-rathausturm-ziehen-remscheider-in-ihren-bann-5EVVBQXCSBDBXM4ZIY4N3DFO4E.html\">Am Nikolaustag lauschten die Besucher des Weihnachtstreffs den Kl\u00e4ngen der Turmbl\u00e4ser<\/a>. <\/p>\n<p class=\"Textstyled__Text-sc-1cqv9mi-0 cLyiiX\">Beim <a href=\"https:\/\/www.rga.de\/lokales\/remscheid\/remscheid-hastener-weihnachtstreff-begeistert-mit-tradition-und-neuheiten-6SI5KEY6UNGM5D5VBMKUILXACE.html\" target=\"_blank\" rel=\"noopener\" title=\"https:\/\/www.rga.de\/lokales\/remscheid\/remscheid-hastener-weihnachtstreff-begeistert-mit-tradition-und-neuheiten-6SI5KEY6UNGM5D5VBMKUILXACE.html\" data-vars-event-category=\"intext_link\" data-vars-event-action=\"click\" data-vars-event-label=\"https:\/\/www.rga.de\/lokales\/remscheid\/remscheid-hastener-weihnachtstreff-begeistert-mit-tradition-und-neuheiten-6SI5KEY6UNGM5D5VBMKUILXACE.html\">Hastener Weihnachtstreff wurden alle Freunde von Selbstgemachtem f\u00fcndig<\/a>. Die Kleinen durften sich im Schmieden ausprobieren, w\u00e4hrend die Gro\u00dfen an den verschiedenen St\u00e4nden entlangbummeln und allerhand Kreatives entdecken konnten. <\/p>\n<p class=\"Textstyled__Text-sc-1cqv9mi-0 cLyiiX\">Hand auf\u2018s Herz! Googlen Sie auch manchmal Ihre Symptome, wenn Sie krank sind? Dr. Uwe Donner ist Hausarzt in L\u00fcttringhausen. <a href=\"https:\/\/www.rga.de\/lokales\/remscheid\/kleine-schmerzen-werden-gegoogelt-und-schon-steht-der-verdacht-auf-etwas-ernstes-im-raum-WZRM2WKAWNEYTJOXYNR4JEB4ZE.html\" target=\"_blank\" rel=\"noopener\" title=\"https:\/\/www.rga.de\/lokales\/remscheid\/kleine-schmerzen-werden-gegoogelt-und-schon-steht-der-verdacht-auf-etwas-ernstes-im-raum-WZRM2WKAWNEYTJOXYNR4JEB4ZE.html\" data-vars-event-category=\"intext_link\" data-vars-event-action=\"click\" data-vars-event-label=\"https:\/\/www.rga.de\/lokales\/remscheid\/kleine-schmerzen-werden-gegoogelt-und-schon-steht-der-verdacht-auf-etwas-ernstes-im-raum-WZRM2WKAWNEYTJOXYNR4JEB4ZE.html\">Im Gespr\u00e4ch mit meinem Kollegen Axel Richter erkl\u00e4rt er, warum wir verlernt haben, uns selbst zu helfen<\/a>, warum aus seiner Sicht die Wartezimmer voll sind \u2013 und warum er Lockerungen bei den Krankschreibungen f\u00fcr grundverkehrt h\u00e4lt.<\/p>\n<p>Weiterlesen nach der Anzeige<\/p>\n<p>Weiterlesen nach der Anzeige<\/p>\n<p class=\"Textstyled__Text-sc-1cqv9mi-0 cLyiiX\">Ich w\u00fcnsche Ihnen einen sch\u00f6nen Abend und einen sch\u00f6nen 2. Advent.<\/p>\n<p class=\"Textstyled__Text-sc-1cqv9mi-0 cLyiiX\">Ihre <a href=\"https:\/\/www.rga.de\/autoren\/alexandra-dulinski\/\" target=\"_blank\" rel=\"noopener\" title=\"https:\/\/www.rga.de\/autoren\/alexandra-dulinski\/\" data-vars-event-category=\"intext_link\" data-vars-event-action=\"click\" data-vars-event-label=\"https:\/\/www.rga.de\/autoren\/alexandra-dulinski\/\">Alexandra Dulinski<\/a><\/p>\n<p>Dar\u00fcber redet Remscheid<\/p>\n<p>Weiterlesen nach der Anzeige<\/p>\n<p>Weiterlesen nach der Anzeige<\/p>\n<p>Das sollte man wissen<\/p>\n<p>Weiterlesen nach der Anzeige<\/p>\n<p>Weiterlesen nach der Anzeige<\/p>\n<p>Dar\u00fcber redet die Sport-SzeneUnd das ist au\u00dferdem lesenswert<\/p>\n<p>Weiterlesen nach der Anzeige<\/p>\n<p>Weiterlesen nach der Anzeige<\/p>\n<p class=\"Textstyled__Text-sc-1cqv9mi-0 cLyiiX\">Gefallen Ihnen die Top-News aus Remscheid? Dann empfehlen Sie gern Freunden und Bekannten unseren kostenlosen t\u00e4glichen Newsletter. Er erscheint t\u00e4glich gegen 18 Uhr. <a href=\"https:\/\/www.rga.de\/newsletter\/\" target=\"_blank\" rel=\"noopener\" data-vars-event-category=\"intext_link\" data-vars-event-action=\"click\" data-vars-event-label=\"https:\/\/www.rga.de\/newsletter\/\">Hier k\u00f6nnen Freunde \u201eRGA Top-Themen\u201c abonnieren<\/a>.<\/p>\n<p>Weiterlesen nach der Anzeige<\/p>\n<p>Weiterlesen nach der Anzeige<\/p>\n<p class=\"Textstyled__Text-sc-1cqv9mi-0 cLyiiX\">Folgen Sie uns auf unseren Social Media-Kan\u00e4len: Schauen Sie doch mal auf <a href=\"https:\/\/www.instagram.com\/rgaremscheid\" rel=\"noopener noreferrer\" title=\"https:\/\/www.instagram.com\/rgaremscheid\" data-vars-event-category=\"intext_link\" data-vars-event-action=\"click\" data-vars-event-label=\"https:\/\/www.instagram.com\/rgaremscheid\" target=\"_blank\">Instagram<\/a> und <a href=\"https:\/\/www.facebook.com\/RemscheiderGA\/\" rel=\"noopener noreferrer\" title=\"https:\/\/www.facebook.com\/RemscheiderGA\/\" data-vars-event-category=\"intext_link\" data-vars-event-action=\"click\" data-vars-event-label=\"https:\/\/www.facebook.com\/RemscheiderGA\/\" target=\"_blank\">Facebook<\/a> vorbei!<\/p>\n<p class=\"Editorialstyled__Editorial-sc-1bfvh9l-0 cSmjnJ\">RGA<\/p>\n<p><script async src=\"\/\/www.instagram.com\/embed.js\"><\/script><\/p>\n","protected":false},"excerpt":{"rendered":"Guten Abend, liebe Leserinnen und Leser, Weiterlesen nach der Anzeige Weiterlesen nach der Anzeige nicht nur war am&hellip;\n","protected":false},"author":2,"featured_media":290961,"comment_status":"","ping_status":"","sticky":false,"template":"","format":"standard","meta":{"footnotes":""},"categories":[1840],"tags":[3364,29,30,1209,4418],"class_list":{"0":"post-630517","1":"post","2":"type-post","3":"status-publish","4":"format-standard","5":"has-post-thumbnail","7":"category-wuppertal","8":"tag-de","9":"tag-deutschland","10":"tag-germany","11":"tag-nordrhein-westfalen","12":"tag-wuppertal"},"share_on_mastodon":{"url":"https:\/\/pubeurope.com\/@de\/115679837837827438","error":""},"_links":{"self":[{"href":"https:\/\/www.europesays.com\/de\/wp-json\/wp\/v2\/posts\/630517","targetHints":{"allow":["GET"]}}],"collection":[{"href":"https:\/\/www.europesays.com\/de\/wp-json\/wp\/v2\/posts"}],"about":[{"href":"https:\/\/www.europesays.com\/de\/wp-json\/wp\/v2\/types\/post"}],"author":[{"embeddable":true,"href":"https:\/\/www.europesays.com\/de\/wp-json\/wp\/v2\/users\/2"}],"replies":[{"embeddable":true,"href":"https:\/\/www.europesays.com\/de\/wp-json\/wp\/v2\/comments?post=630517"}],"version-history":[{"count":0,"href":"https:\/\/www.europesays.com\/de\/wp-json\/wp\/v2\/posts\/630517\/revisions"}],"wp:featuredmedia":[{"embeddable":true,"href":"https:\/\/www.europesays.com\/de\/wp-json\/wp\/v2\/media\/290961"}],"wp:attachment":[{"href":"https:\/\/www.europesays.com\/de\/wp-json\/wp\/v2\/media?parent=630517"}],"wp:term":[{"taxonomy":"category","embeddable":true,"href":"https:\/\/www.europesays.com\/de\/wp-json\/wp\/v2\/categories?post=630517"},{"taxonomy":"post_tag","embeddable":true,"href":"https:\/\/www.europesays.com\/de\/wp-json\/wp\/v2\/tags?post=630517"}],"curies":[{"name":"wp","href":"https:\/\/api.w.org\/{rel}","templated":true}]}}