{"id":630659,"date":"2025-12-07T20:27:11","date_gmt":"2025-12-07T20:27:11","guid":{"rendered":"https:\/\/www.europesays.com\/de\/630659\/"},"modified":"2025-12-07T20:27:11","modified_gmt":"2025-12-07T20:27:11","slug":"st-top-themen-7-dezember-2025","status":"publish","type":"post","link":"https:\/\/www.europesays.com\/de\/630659\/","title":{"rendered":"ST Top-Themen &#8211; 7. Dezember 2025"},"content":{"rendered":"<p class=\"Textstyled__Text-sc-1cqv9mi-0 cLyiiX\">Guten Abend, liebe Leserinnen und Leser,<\/p>\n<p>Weiterlesen nach der Anzeige<\/p>\n<p>Weiterlesen nach der Anzeige<\/p>\n<p class=\"Textstyled__Text-sc-1cqv9mi-0 cLyiiX\">so schmuddelig das Wetter am Samstag und Sonntag auch war, die Solingerinnen und Solinger trotzten den \u00e4u\u00dferen Bedingungen. Denn an vielen Stellen der Klingenstadt lockten Advents- und Weihnachtsm\u00e4rkte die Menschen an.<\/p>\n<p class=\"Textstyled__Text-sc-1cqv9mi-0 cLyiiX\">In Aufderh\u00f6he ist es der <a href=\"https:\/\/www.solinger-tageblatt.de\/lokales\/solingen\/aufderhoeher-weihnachtsmarkt-in-solingen-ein-verzaubertes-weihnachtsdorf-mit-herz-und-handgemachtem-Z5KBXVQBFZDSZNWE6Z4T5QK5LA.html\" target=\"_self\" rel=\"noopener\" title=\"https:\/\/www.solinger-tageblatt.de\/lokales\/solingen\/aufderhoeher-weihnachtsmarkt-in-solingen-ein-verzaubertes-weihnachtsdorf-mit-herz-und-handgemachtem-Z5KBXVQBFZDSZNWE6Z4T5QK5LA.html\" data-vars-event-category=\"intext_link\" data-vars-event-action=\"click\" data-vars-event-label=\"https:\/\/www.solinger-tageblatt.de\/lokales\/solingen\/aufderhoeher-weihnachtsmarkt-in-solingen-ein-verzaubertes-weihnachtsdorf-mit-herz-und-handgemachtem-Z5KBXVQBFZDSZNWE6Z4T5QK5LA.html\">Park von Bethanien,<\/a> der seit vielen Jahren Atmosph\u00e4re bietet. Warum das alles mit sehr viel ehrenamtlichem Engagement zusammenh\u00e4ngt, das hat sich Isabell M\u00fcller angeschaut. Christian Beier hat dazu auch <a href=\"https:\/\/www.solinger-tageblatt.de\/lokales\/solingen\/die-fotos-dokumentieren-wie-ehrenamtliche-und-profis-den-aufderhoher-weihnachtsmarkt-zum-erlebnis-machen-633EJG3WSJF75HEHFPHAIRXBWY.html\" target=\"_self\" rel=\"noopener\" title=\"https:\/\/www.solinger-tageblatt.de\/lokales\/solingen\/die-fotos-dokumentieren-wie-ehrenamtliche-und-profis-den-aufderhoher-weihnachtsmarkt-zum-erlebnis-machen-633EJG3WSJF75HEHFPHAIRXBWY.html\" data-vars-event-category=\"intext_link\" data-vars-event-action=\"click\" data-vars-event-label=\"https:\/\/www.solinger-tageblatt.de\/lokales\/solingen\/die-fotos-dokumentieren-wie-ehrenamtliche-und-profis-den-aufderhoher-weihnachtsmarkt-zum-erlebnis-machen-633EJG3WSJF75HEHFPHAIRXBWY.html\">viele Fotos vom Weihnachtsmarkt<\/a> gemacht.<\/p>\n<p class=\"Textstyled__Text-sc-1cqv9mi-0 cLyiiX\">Ist das schon zehn Jahre her? Ja, am 7. Dezember 2015 wusste in der RTL-Show \u201eWer wird Million\u00e4r?\u201c der Solinger Leon Windscheid, <a href=\"https:\/\/www.solinger-tageblatt.de\/lokales\/solingen\/leon-windscheid-ueber-den-moment-der-sein-leben-fuer-immer-veraenderte-NCSTH7TEM5EN5HLCLRQ6KIBBZM.html\" target=\"_self\" rel=\"noopener\" title=\"https:\/\/www.solinger-tageblatt.de\/lokales\/solingen\/leon-windscheid-ueber-den-moment-der-sein-leben-fuer-immer-veraenderte-NCSTH7TEM5EN5HLCLRQ6KIBBZM.html\" data-vars-event-category=\"intext_link\" data-vars-event-action=\"click\" data-vars-event-label=\"https:\/\/www.solinger-tageblatt.de\/lokales\/solingen\/leon-windscheid-ueber-den-moment-der-sein-leben-fuer-immer-veraenderte-NCSTH7TEM5EN5HLCLRQ6KIBBZM.html\">aus wie vielen Steinen der Rubik-Zauberw\u00fcrfel<\/a> gebaut ist. Der Gewinn war eine Million Euro. Wie er zus\u00e4tzlich zu 150 Euro Fahrtkostenerstattung kam und wieso er vor der Show noch mit den Eltern bei H&amp;M war, das hat er alles Kollegin <a href=\"https:\/\/www.solinger-tageblatt.de\/autoren\/kathrin-schueller\" rel=\"noopener\" data-vars-event-category=\"intext_link\" data-vars-event-action=\"click\" data-vars-event-label=\"https:\/\/www.solinger-tageblatt.de\/autoren\/kathrin-schueller\" target=\"_blank\">Kathrin Sch\u00fcller<\/a> erz\u00e4hlt. Sie erfuhr auch, warum Windscheid immer noch gerne und oft in Solingen ist.<\/p>\n<p>Weiterlesen nach der Anzeige<\/p>\n<p>Weiterlesen nach der Anzeige<\/p>\n<p class=\"Textstyled__Text-sc-1cqv9mi-0 cLyiiX\">Stimmen folgende Aussagen aus der Wirtschaft und Teilen der Politik eigentlich? \u201eWir arbeiten zu wenig, sind zu oft krank \u2013 und Fachpersonal fehlt auch noch.&#8220; \u201eNein\u201c, sagt Yanick Guth. Er ist der neue Vorsitzende des DGB-Stadtverbands Solingen. Mit ihm sprach <a href=\"https:\/\/www.solinger-tageblatt.de\/autoren\/timo-lemmer\" rel=\"noopener\" data-vars-event-category=\"intext_link\" data-vars-event-action=\"click\" data-vars-event-label=\"https:\/\/www.solinger-tageblatt.de\/autoren\/timo-lemmer\" target=\"_blank\">Timo Lemmer<\/a> \u00fcber <a href=\"https:\/\/www.solinger-tageblatt.de\/lokales\/solingen\/dgb-chef-in-solingen-glaubt-jemand-es-wird-besser-wenn-wir-mehr-arbeiten-HGXXD6RVMRHRZOL5CMW5LANSTA.html\" target=\"_self\" rel=\"noopener\" title=\"https:\/\/www.solinger-tageblatt.de\/lokales\/solingen\/dgb-chef-in-solingen-glaubt-jemand-es-wird-besser-wenn-wir-mehr-arbeiten-HGXXD6RVMRHRZOL5CMW5LANSTA.html\" data-vars-event-category=\"intext_link\" data-vars-event-action=\"click\" data-vars-event-label=\"https:\/\/www.solinger-tageblatt.de\/lokales\/solingen\/dgb-chef-in-solingen-glaubt-jemand-es-wird-besser-wenn-wir-mehr-arbeiten-HGXXD6RVMRHRZOL5CMW5LANSTA.html\">die Wirtschaftslage und die Bedeutung des DGB<\/a>.<\/p>\n<p class=\"Textstyled__Text-sc-1cqv9mi-0 cLyiiX\">Ihr <a href=\"https:\/\/www.solinger-tageblatt.de\/autoren\/philipp-mueller\" rel=\"noopener\" data-vars-event-category=\"intext_link\" data-vars-event-action=\"click\" data-vars-event-label=\"https:\/\/www.solinger-tageblatt.de\/autoren\/philipp-mueller\" target=\"_blank\">Philipp M\u00fcller<\/a><\/p>\n<p>Dar\u00fcber redet SolingenDas sollte man wissen<\/p>\n<p>Weiterlesen nach der Anzeige<\/p>\n<p>Weiterlesen nach der Anzeige<\/p>\n<p>Das ist wichtig in Deutschland und der Welt<\/p>\n<p>Weiterlesen nach der Anzeige<\/p>\n<p>Weiterlesen nach der Anzeige<\/p>\n<p>Und dar\u00fcber redet die Sport-SzeneErz\u00e4hlen Sie Freunden und Kollegen vom neuen ST!<\/p>\n<p class=\"Textstyled__Text-sc-1cqv9mi-0 cLyiiX\">Gefallen Ihnen die Top-News aus Solingen? Dann empfehlen Sie gern Freunden und Bekannten unseren kostenlosen t\u00e4glichen Newsletter. Er erscheint t\u00e4glich um 18 Uhr. <a href=\"https:\/\/www.solinger-tageblatt.de\/newsletter\/st-die-woche\" rel=\"noopener noreferrer\" title=\"https:\/\/www.solinger-tageblatt.de\/newsletter\/st-die-woche\" data-vars-event-category=\"intext_link\" data-vars-event-action=\"click\" data-vars-event-label=\"https:\/\/www.solinger-tageblatt.de\/newsletter\/st-die-woche\" target=\"_blank\">Hier k\u00f6nnen Freunde \u201eST Top-Themen\u201c abonnieren.<\/a><\/p>\n<p>Weiterlesen nach der Anzeige<\/p>\n<p>Weiterlesen nach der Anzeige<\/p>\n<p class=\"Textstyled__Text-sc-1cqv9mi-0 cLyiiX\">Folgen Sie uns auf unseren Social Media-Kan\u00e4len: Schauen Sie doch mal auf unseren Kan\u00e4len auf <a href=\"https:\/\/www.instagram.com\/solingertageblatt\" target=\"_blank\" rel=\"noopener noreferrer\" title=\"https:\/\/www.instagram.com\/solingertageblatt\" data-vars-event-category=\"intext_link\" data-vars-event-action=\"click\" data-vars-event-label=\"https:\/\/www.instagram.com\/solingertageblatt\">Instagram<\/a> und <a href=\"https:\/\/www.facebook.com\/sgtageblatt\" target=\"_blank\" rel=\"noopener noreferrer\" title=\"https:\/\/www.facebook.com\/sgtageblatt\" data-vars-event-category=\"intext_link\" data-vars-event-action=\"click\" data-vars-event-label=\"https:\/\/www.facebook.com\/sgtageblatt\">Facebook<\/a> vorbei!<\/p>\n<p class=\"Editorialstyled__Editorial-sc-1bfvh9l-0 cSmjnJ\">ST<\/p>\n<p><script async src=\"\/\/www.instagram.com\/embed.js\"><\/script><\/p>\n","protected":false},"excerpt":{"rendered":"Guten Abend, liebe Leserinnen und Leser, Weiterlesen nach der Anzeige Weiterlesen nach der Anzeige so schmuddelig das Wetter&hellip;\n","protected":false},"author":2,"featured_media":296653,"comment_status":"","ping_status":"","sticky":false,"template":"","format":"standard","meta":{"footnotes":""},"categories":[1840],"tags":[3364,29,30,1209,4418],"class_list":{"0":"post-630659","1":"post","2":"type-post","3":"status-publish","4":"format-standard","5":"has-post-thumbnail","7":"category-wuppertal","8":"tag-de","9":"tag-deutschland","10":"tag-germany","11":"tag-nordrhein-westfalen","12":"tag-wuppertal"},"share_on_mastodon":{"url":"https:\/\/pubeurope.com\/@de\/115680172092980391","error":""},"_links":{"self":[{"href":"https:\/\/www.europesays.com\/de\/wp-json\/wp\/v2\/posts\/630659","targetHints":{"allow":["GET"]}}],"collection":[{"href":"https:\/\/www.europesays.com\/de\/wp-json\/wp\/v2\/posts"}],"about":[{"href":"https:\/\/www.europesays.com\/de\/wp-json\/wp\/v2\/types\/post"}],"author":[{"embeddable":true,"href":"https:\/\/www.europesays.com\/de\/wp-json\/wp\/v2\/users\/2"}],"replies":[{"embeddable":true,"href":"https:\/\/www.europesays.com\/de\/wp-json\/wp\/v2\/comments?post=630659"}],"version-history":[{"count":0,"href":"https:\/\/www.europesays.com\/de\/wp-json\/wp\/v2\/posts\/630659\/revisions"}],"wp:featuredmedia":[{"embeddable":true,"href":"https:\/\/www.europesays.com\/de\/wp-json\/wp\/v2\/media\/296653"}],"wp:attachment":[{"href":"https:\/\/www.europesays.com\/de\/wp-json\/wp\/v2\/media?parent=630659"}],"wp:term":[{"taxonomy":"category","embeddable":true,"href":"https:\/\/www.europesays.com\/de\/wp-json\/wp\/v2\/categories?post=630659"},{"taxonomy":"post_tag","embeddable":true,"href":"https:\/\/www.europesays.com\/de\/wp-json\/wp\/v2\/tags?post=630659"}],"curies":[{"name":"wp","href":"https:\/\/api.w.org\/{rel}","templated":true}]}}