{"id":630915,"date":"2025-12-07T23:06:14","date_gmt":"2025-12-07T23:06:14","guid":{"rendered":"https:\/\/www.europesays.com\/de\/630915\/"},"modified":"2025-12-07T23:06:14","modified_gmt":"2025-12-07T23:06:14","slug":"viersen-weihnachtsgebimmel-2025","status":"publish","type":"post","link":"https:\/\/www.europesays.com\/de\/630915\/","title":{"rendered":"Viersen: Weihnachtsgebimmel 2025"},"content":{"rendered":"<p class=\"text_ohne_einzug richtext text-em-55 !leading-serif mx-6 desktop:mx-0\"> \u201eVorsicht an der Bahnsteigkante\u201c, der Ausruf kommt von Manfred Pomorin, kaum dass die Bimmelbahn in der Viersener Fu\u00dfg\u00e4ngerzone gestoppt hat. Im Schaffner-Outfit mit Anzug und wei\u00dfer Jacke, die Kelle mit dem gr\u00fcnen und roten Aufdruck in der Hand, die Schaffner-M\u00fctze auf dem Kopf und die Trillerpfeife um den Hals h\u00e4ngend steht er neben der Lok. Die Augen blitzen hinter seiner roten Brille lachend auf. Die Kelle schwenkend geht er an den voll besetzten Waggons vorbei, aus denen kleine Besucher steigen, denen die Begeisterung \u00fcber die Fahrt in der Bimmelbahn, die hinter ihnen liegt, anzusehen ist.<\/p>\n<p class=\"richtext text-em-55 !leading-serif mx-6 desktop:mx-0\">All das kann nur eines hei\u00dfen: In <a href=\"https:\/\/rp-online.de\/thema\/viersen\/\" target=\"_blank\" rel=\"noopener\">Viersen<\/a> ist das Weihnachtsgebimmel los. Es fand am Samstag, 6. Dezember statt. Traditionell wurde es auch diesmal vom Citymanagement organisiert.<\/p>\n<p class=\"richtext text-em-55 !leading-serif mx-6 desktop:mx-0\">\u201eEinsteigen bitte. Kinder zuerst, wenn noch Pl\u00e4tze frei sind, d\u00fcrfen auch die Erwachsenen mitfahren\u201c, erinnert er die n\u00e4chsten Fahrg\u00e4ste, die schon dicht gedr\u00e4ngt darauf warten, dass die Bahnpl\u00e4tze freigemacht werden. In K\u00fcrze sind die niedlichen Waggons der Bimmelbahn wieder voll besetzt. Eine letzte Kontrolle, ob alle Ketten an den Einstiegen vorgelegt sind, und Pomorin l\u00e4sst die Trillerpfeife ert\u00f6nen, das Zeichen f\u00fcr den Start. Im Schritttempo setzt sich das B\u00e4hnchen in Richtung Sparkassenvorplatz in Bewegung. Kinder winken aus den rot-wei\u00dfen Waggons heraus und freuen sich, wenn die Passanten in der Fu\u00dfg\u00e4ngerzone zur\u00fcckwinken.<\/p>\n<p class=\"richtext text-em-55 !leading-serif mx-6 desktop:mx-0\">Nicht nur die Bimmelbahn sorgte am Samstag f\u00fcr Unterhaltung: Die Fu\u00dfg\u00e4ngerzone zwischen dem Caf\u00e9 Extrablatt und Sparkassenvorplatz lockte mit weihnachtlich geschm\u00fcckten B\u00fcdchen, in denen die unterschiedlichsten Waren angeboten wurden. Vereine stellten sich beim Verkauf von weihnachtlichen Produkten vor. Beim Verein Sonnenschein bleiben die Passanten gleich reihenweise stehen. Der Interchor des Vereins unter Leitung von Viktor Rollmann gibt am Vereinsstand eine musikalische und t\u00e4nzerische Einlage. Eine perfekte Einleitung, um mit den B\u00fcrgern ins Gespr\u00e4ch zu kommen. W\u00e4hrend sich die Kinder am Stand schminken lie\u00dfen, stellte die Vereinsvorsitzende Elena Rollmann das von Sonnenschein zusammengestellte Kochbuch vor.<\/p>\n<p class=\"richtext text-em-55 !leading-serif mx-6 desktop:mx-0\">Am Stand vom Forum Eine Welt lockte nicht nur das Fair Trade Quiz. Das Team hatte passend zu der Aktion Schutzengel-Schokolade und Engelskost\u00fcme mitgebracht. Wer wollte, konnte sich in einen Engel verwandeln und ein Foto machen. Beim Kindertheater \u201eHonk und Hanna\u201c war lautes Lachen zu h\u00f6ren. Schauspielerin Mareike Lenz und ihr Pl\u00fcschhund Honk zogen die Kinder mit ihren Geschichten in den Bann. Auf den B\u00e4nken und den gro\u00dfen Sitzw\u00fcrfeln machten es sich die jungen Zuschauer bequem und lie\u00dfen sich verzaubern. Bei den Pfadfindern, Stamm Remigius, loderte hingegen das Feuer in einer Feuerschale. Stockbrotbacken war angesagt. Besucher unterschiedlichen Alters hielten die mit Teig umwickelten Holzst\u00e4be in die Flammen. W\u00e4hrend die ersten ihr Stockbrot schon probieren konnten, warteten andere sehns\u00fcchtig darauf, dass der Teig in der Hitze gar wird.<\/p>\n<p class=\"richtext text-em-55 !leading-serif mx-6 desktop:mx-0\">Ob beim Stand der Stadt Viersen, wo Kinder Mini-Zuckerhutfichten mit selbst kreierten Weihnachtsschmuck schm\u00fcckten oder beim F\u00f6rderverein Ene-Mene-Miste, der kleine Figuren aus Resin zur Verf\u00fcgung stellte, die bemalt werden konnten \u2013 gerade die jungen Besucher hatten die Gelegenheit kreativ zu sein.<\/p>\n<p class=\"richtext text-em-55 !leading-serif mx-6 desktop:mx-0\">Auf sie wartete aber noch eine ganz andere \u00dcberraschung: der Nikolaus. W\u00e4hrend auf der B\u00fchne auf dem Sparkassenvorplatz das Blasorchester der Kreismusikschule spielte, tauchte auf einmal der Mann mit dem wei\u00dfen Rauschebart auf. Mit Gaben in Form von Weckm\u00e4nnchen, Fair-Trade-Schokoladennikol\u00e4usen und \u00c4pfeln sorgte er bei den Kindern f\u00fcr leuchtende Augen. Aber nicht nur die St\u00e4nde und das Programm vom Weihnachtsgebimmel begeisterten. Auf dem Remigiusplatz gr\u00fc\u00dfte die Winterweihnacht mit gem\u00fctlichen, \u00fcberdachten Sitzgelegenheiten. W\u00e4hrend sich die Pyramide mit Weihnachtsmann, Elch, Schneemann und Posaunenspieler samt der eine Etage h\u00f6her stehenden Kerze drehte, schmeckten Gl\u00fchwein und Bratwurst bestens.<\/p>\n","protected":false},"excerpt":{"rendered":"\u201eVorsicht an der Bahnsteigkante\u201c, der Ausruf kommt von Manfred Pomorin, kaum dass die Bimmelbahn in der Viersener Fu\u00dfg\u00e4ngerzone&hellip;\n","protected":false},"author":2,"featured_media":630916,"comment_status":"","ping_status":"","sticky":false,"template":"","format":"standard","meta":{"footnotes":""},"categories":[1849],"tags":[6151,29119,148933,3364,29,548,663,3934,3195,30,13,148935,41292,4455,14,15,1209,28948,148934,12,18183,97935,146229],"class_list":{"0":"post-630915","1":"post","2":"type-post","3":"status-publish","4":"format-standard","5":"has-post-thumbnail","7":"category-moenchengladbach","8":"tag-besucher","9":"tag-besucherinnen","10":"tag-bimmelbahn","11":"tag-de","12":"tag-deutschland","13":"tag-eu","14":"tag-europa","15":"tag-europe","16":"tag-fussgaengerzone","17":"tag-germany","18":"tag-headlines","19":"tag-kelle","20":"tag-lockte","21":"tag-moenchengladbach","22":"tag-nachrichten","23":"tag-news","24":"tag-nordrhein-westfalen","25":"tag-roten","26":"tag-schaffner","27":"tag-schlagzeilen","28":"tag-viersen","29":"tag-waggons","30":"tag-weihnachtsgebimmel"},"share_on_mastodon":{"url":"https:\/\/pubeurope.com\/@de\/115680797339677946","error":""},"_links":{"self":[{"href":"https:\/\/www.europesays.com\/de\/wp-json\/wp\/v2\/posts\/630915","targetHints":{"allow":["GET"]}}],"collection":[{"href":"https:\/\/www.europesays.com\/de\/wp-json\/wp\/v2\/posts"}],"about":[{"href":"https:\/\/www.europesays.com\/de\/wp-json\/wp\/v2\/types\/post"}],"author":[{"embeddable":true,"href":"https:\/\/www.europesays.com\/de\/wp-json\/wp\/v2\/users\/2"}],"replies":[{"embeddable":true,"href":"https:\/\/www.europesays.com\/de\/wp-json\/wp\/v2\/comments?post=630915"}],"version-history":[{"count":0,"href":"https:\/\/www.europesays.com\/de\/wp-json\/wp\/v2\/posts\/630915\/revisions"}],"wp:featuredmedia":[{"embeddable":true,"href":"https:\/\/www.europesays.com\/de\/wp-json\/wp\/v2\/media\/630916"}],"wp:attachment":[{"href":"https:\/\/www.europesays.com\/de\/wp-json\/wp\/v2\/media?parent=630915"}],"wp:term":[{"taxonomy":"category","embeddable":true,"href":"https:\/\/www.europesays.com\/de\/wp-json\/wp\/v2\/categories?post=630915"},{"taxonomy":"post_tag","embeddable":true,"href":"https:\/\/www.europesays.com\/de\/wp-json\/wp\/v2\/tags?post=630915"}],"curies":[{"name":"wp","href":"https:\/\/api.w.org\/{rel}","templated":true}]}}