{"id":630921,"date":"2025-12-07T23:09:22","date_gmt":"2025-12-07T23:09:22","guid":{"rendered":"https:\/\/www.europesays.com\/de\/630921\/"},"modified":"2025-12-07T23:09:22","modified_gmt":"2025-12-07T23:09:22","slug":"fc-augsburg-gewinnt-gegen-leverkusen-und-setzt-auf-schlotterbeck-als-kapitaen","status":"publish","type":"post","link":"https:\/\/www.europesays.com\/de\/630921\/","title":{"rendered":"FC Augsburg gewinnt gegen Leverkusen und setzt auf Schlotterbeck als Kapit\u00e4n"},"content":{"rendered":"<p class=\"mb-6 text-xs md:text-m lg:text-l font-serif group-[.font-sans]:font-sans \">\n    Als Keven Schlotterbeck den <a href=\"https:\/\/www.augsburger-allgemeine.de\/sport\/fc-augsburg\/2-0-gegen-leverkusen-der-fc-augsburg-landet-einen-befreiungsschlag-112930369\" target=\"_self\" class=\"underline \" rel=\"noopener\">2:0-Erfolg gegen Bayer Leverkusen<\/a> einordnete, wirkte er erleichtert. \u201eHeute hatten wir auch ein bisschen das Gl\u00fcck des T\u00fcchtigen. Trotzdem war es ein verdienter Erfolg\u201c, betonte der Abwehrspieler des FC Augsburg im Bauch der Arena. Turbulente Tage lagen hinter seinen Mitspielern und ihm. <a href=\"https:\/\/www.augsburger-allgemeine.de\/personen\/aa-sandro-wagner\" target=\"_self\" class=\"underline \" rel=\"noopener\">Sandro Wagner<\/a> musste als Trainer gehen, Manuel Baum hat \u00fcbergangsweise \u00fcbernommen. Und Schlotterbeck? Der war pl\u00f6tzlich zum Kapit\u00e4n bef\u00f6rdert worden.\n  <\/p>\n<p class=\"mb-6 text-xs md:text-m lg:text-l font-serif group-[.font-sans]:font-sans \">\n    In seiner Analyse bewegte sich der Spieler wiederholt in der Vergangenheit. Erz\u00e4hlte dar\u00fcber, was den FCA fr\u00fcher stark gemacht h\u00e4tte. Kompakt, aggressiv, mit klarem Plan und ohne Schn\u00f6rkel \u2013 so hatte der FCA die Spitzenmannschaft besiegt. \u201eWir haben wirklich ein gutes Spiel gemacht\u201c, sagte Schlotterbeck. Man habe gesehen, was das Team in der vergangenen Spielzeit ausgezeichnet habe, erkl\u00e4rte der Innenverteidiger: \u201eEinen guten Mix zu finden.\u201c Gemeint war eine Mischung aus defensiver Stabilit\u00e4t, Intensit\u00e4t und der Bereitschaft, den Nebenmann zu unterst\u00fctzen. F\u00fcr Schlotterbeck war es ein Sieg, der sich nicht selbstverst\u00e4ndlich anf\u00fchlte. Schon gar nicht vor dem Hintergrund der vergangenen Wochen. \u201e\u00dcber die letzten Wochen war es nicht ganz einfach, weil wir sehr viel gefressen haben\u201c, sagte er offen. Gegentore, Kritik, Unruhe \u2013 all das hat der Mannschaft zugesetzt.\n  <\/p>\n<p>            FCA-\u00dcbergangstrainer Manuel Baum setzt auf Bew\u00e4hrtes<\/p>\n<p class=\"mb-6 text-xs md:text-m lg:text-l font-serif group-[.font-sans]:font-sans \">\n    Dass sich der FCA wieder seiner eigenen Identit\u00e4t n\u00e4herte, f\u00fchrte Schlotterbeck auf eine R\u00fcckkehr zu bekannten Mustern zur\u00fcck: \u201eVielleicht war es heute ein bisschen einfacher, weil wir Grundprinzipien hatten, die wir schon letztes Jahr hatten, die wir schon kennen.\u201c Nach dem radikalen, gescheiterten Neuanfang unter Wagner <a href=\"https:\/\/www.augsburger-allgemeine.de\/sport\/fc-augsburg\/fc-augsburg-so-hat-baum-den-umschwung-mit-dem-fca-geschafft-112930379\" target=\"_self\" class=\"underline \" rel=\"noopener\">griff \u00dcbergangstrainer Manuel Baum bewusst auf Bew\u00e4hrtes zur\u00fcck<\/a>. Schlotterbeck vermied es, kritische Worte \u00fcber Wagners System zu verlieren, lie\u00df aber zwischen den Zeilen anklingen, dass der einfachere Ansatz der bessere sein kann. Ob Wagner teils zu \u201everkopft\u201c an die Sache heranging, wurde Schlotterbeck gefragt. Seine diplomatische Antwort: \u201eF\u00fcr den einen oder anderen war es, glaube ich, ein bisschen viel. Ich kenne es schon jahrelang, ich hatte sehr viel Videoschulung unter Christian Streich (ehemaliger Trainer des SC Freiburg, d. R.). Also f\u00fcr mich war das kein Problem.\u201c\n  <\/p>\n<p class=\"mb-6 text-xs md:text-m lg:text-l font-serif group-[.font-sans]:font-sans \">\n    Am Montag war <a href=\"https:\/\/www.augsburger-allgemeine.de\/sport\/fc-augsburg\/fc-augsburg-reagiert-auf-wagner-entlassung-mit-rueckkehr-von-manuel-baum-112915594\" target=\"_self\" class=\"underline \" rel=\"noopener\">die Mannschaft von Wagners Entlassung informiert worden<\/a>. Von Teilen des Teams hatte sich der 38-J\u00e4hrige pers\u00f6nlich verabschiedet. Die Mannschaft h\u00e4tte das nicht kalt gelassen. \u201eEs ist und bleibt immer eine Niederlage, wenn ein Trainer entlassen wird\u201c, betonte Schlotterbeck. \u201eAber das ist der Fu\u00dfball, er ist sehr schnelllebig. Wir wollten alle, dass es anders l\u00e4uft.\u201c Von Schuldzuweisungen hielt er sich fern, hob stattdessen die Reaktion hervor, die im Sieg gegen Leverkusen geendet hatte. \u201eJetzt muss man dranbleiben, das Kapitel abhaken und Neues anfangen.\u201c Der Fu\u00dfball sei nun mal schnelllebig, so Schlotterbeck.\n  <\/p>\n<p>            Keven Schlotterbeck erstmals in einem Pflichtspiel Kapit\u00e4n des FC Augsburg<\/p>\n<p class=\"mb-6 text-xs md:text-m lg:text-l font-serif group-[.font-sans]:font-sans \">\n    Gegen Leverkusen trug er erstmals in einem Pflichtspiel die Kapit\u00e4nsbinde des FCA. Schlotterbeck hatte die Markierung am Arm von Torh\u00fcter Finn Dahmen \u00fcbernommen. \u00dcberrascht sei er gewesen, als Baum ihm dies am Freitag mitgeteilt habe, berichtete der Spieler. Mit seinem typischen Schmunzeln im Gesicht erg\u00e4nzte Schlotterbeck: \u201eAber ich glaube, f\u00fcr das erste Mal habe ich es gar nicht so schlecht gemacht.\u201c Baum begr\u00fcndete seine Entscheidung nach dem Spiel so: \u201eSo eine Position hinten, mit mehr \u00dcberblick, schadet nie. Und er gibt der Mannschaft Energie und kann das eine oder andere Wort mit dem Schiedsrichter wechseln.\u201c Schlotterbeck bringt die Qualit\u00e4ten eines F\u00fchrungsspielers mit. Ist ein kluger, reflektierter Zeitgenosse, zugleich bodenst\u00e4ndig und direkt. \u00dcber sich selbst sagte er: \u201eIch wei\u00df, dass ich ein kommunikativer Mensch bin. Und das werde ich auch immer sein.\u201c\n  <\/p>\n<p class=\"mb-6 text-xs md:text-m lg:text-l font-serif group-[.font-sans]:font-sans \">\n    Auf dem Rasen zeigte sich seine Bedeutung nicht nur in der Organisation der Defensive und dem verbalen Austausch, sondern auch in entscheidenden Momenten des Spiels. <a href=\"https:\/\/www.augsburger-allgemeine.de\/sport\/fc-augsburg\/fc-augsburg-ueberzeugt-gegen-leverkusen-einzelkritik-mit-bestnoten-fuer-giannoulis-und-kade-112922469\" target=\"_self\" class=\"underline \" rel=\"noopener\">Vor dem 1:0 spielte er den \u00f6ffnenden Pass in die Schnittstelle<\/a> der Leverkusener Hintermannschaft. \u201eDas war mit das Entscheidende, dass einfach zwei-, dreimal diese L\u00fccke aufgegangen ist\u201c, erkl\u00e4rte Schlotterbeck. \u201eUnd wenn man den Ball dann spielt, dann sollte er auch ankommen. Das ist er Gott sei Dank.\u201c\n  <\/p>\n<ul data-module-id=\"DragDropModule\" class=\"flex flex-wrap justify-start group-[.no-bookmarks]:hidden\">\n<li class=\"mb-3 mr-3\">\n    Johannes Graf<\/p>\n<p>      Icon Haken im Kreis gesetzt<\/p>\n<p>      Icon Plus im Kreis<\/p>\n<\/li>\n<li class=\"mb-3 mr-3\">\n    Keven Schlotterbeck<\/p>\n<p>      Icon Haken im Kreis gesetzt<\/p>\n<p>      Icon Plus im Kreis<\/p>\n<\/li>\n<li class=\"mb-3 mr-3\">\n    FC Augsburg<\/p>\n<p>      Icon Haken im Kreis gesetzt<\/p>\n<p>      Icon Plus im Kreis<\/p>\n<\/li>\n<\/ul>\n","protected":false},"excerpt":{"rendered":"Als Keven Schlotterbeck den 2:0-Erfolg gegen Bayer Leverkusen einordnete, wirkte er erleichtert. \u201eHeute hatten wir auch ein bisschen&hellip;\n","protected":false},"author":2,"featured_media":630922,"comment_status":"","ping_status":"","sticky":false,"template":"","format":"standard","meta":{"footnotes":""},"categories":[1846],"tags":[680,2367,772,87421,3364,29,548,663,3934,483,17196,30,13,87499,2375,92758,14,15,2697,15179,298,12],"class_list":{"0":"post-630921","1":"post","2":"type-post","3":"status-publish","4":"format-standard","5":"has-post-thumbnail","7":"category-augsburg","8":"tag-augsburg","9":"tag-bayer-04-leverkusen","10":"tag-bayern","11":"tag-christian-streich","12":"tag-de","13":"tag-deutschland","14":"tag-eu","15":"tag-europa","16":"tag-europe","17":"tag-fc-augsburg","18":"tag-finn-dahmen","19":"tag-germany","20":"tag-headlines","21":"tag-keven-schlotterbeck","22":"tag-leverkusen","23":"tag-manuel-baum","24":"tag-nachrichten","25":"tag-news","26":"tag-pflichtspiel","27":"tag-sandro-wagner","28":"tag-sc-freiburg","29":"tag-schlagzeilen"},"share_on_mastodon":{"url":"https:\/\/pubeurope.com\/@de\/115680809236991911","error":""},"_links":{"self":[{"href":"https:\/\/www.europesays.com\/de\/wp-json\/wp\/v2\/posts\/630921","targetHints":{"allow":["GET"]}}],"collection":[{"href":"https:\/\/www.europesays.com\/de\/wp-json\/wp\/v2\/posts"}],"about":[{"href":"https:\/\/www.europesays.com\/de\/wp-json\/wp\/v2\/types\/post"}],"author":[{"embeddable":true,"href":"https:\/\/www.europesays.com\/de\/wp-json\/wp\/v2\/users\/2"}],"replies":[{"embeddable":true,"href":"https:\/\/www.europesays.com\/de\/wp-json\/wp\/v2\/comments?post=630921"}],"version-history":[{"count":0,"href":"https:\/\/www.europesays.com\/de\/wp-json\/wp\/v2\/posts\/630921\/revisions"}],"wp:featuredmedia":[{"embeddable":true,"href":"https:\/\/www.europesays.com\/de\/wp-json\/wp\/v2\/media\/630922"}],"wp:attachment":[{"href":"https:\/\/www.europesays.com\/de\/wp-json\/wp\/v2\/media?parent=630921"}],"wp:term":[{"taxonomy":"category","embeddable":true,"href":"https:\/\/www.europesays.com\/de\/wp-json\/wp\/v2\/categories?post=630921"},{"taxonomy":"post_tag","embeddable":true,"href":"https:\/\/www.europesays.com\/de\/wp-json\/wp\/v2\/tags?post=630921"}],"curies":[{"name":"wp","href":"https:\/\/api.w.org\/{rel}","templated":true}]}}