{"id":630994,"date":"2025-12-07T23:54:34","date_gmt":"2025-12-07T23:54:34","guid":{"rendered":"https:\/\/www.europesays.com\/de\/630994\/"},"modified":"2025-12-07T23:54:34","modified_gmt":"2025-12-07T23:54:34","slug":"duesseldorf-stadtmitte-mercedesfahrer-bei-unfall-mit-strassenbahn-schwer-verletzt-ddorf-aktuell","status":"publish","type":"post","link":"https:\/\/www.europesays.com\/de\/630994\/","title":{"rendered":"D\u00fcsseldorf Stadtmitte: Mercedesfahrer bei Unfall mit Stra\u00dfenbahn schwer verletzt &#8211; Ddorf-Aktuell"},"content":{"rendered":"<p>Ein 43-j\u00e4hriger Mann aus M\u00f6nchengladbach wollte am Samstagnachmittag (6.12.) um 16:15 Uhr mit seinem Mercedes auf der Bahnstra\u00dfe Richtung K\u00f6 fahren und musste dabei die Berliner Allee kreuzen. Dort kam es aufgrund stockenden Verkehrs zu Staus, so dass mehrere Fahrzeuge zur\u00fccksetzen mussten, um den bei gr\u00fcn in die Kreuzung eingefahrenden Mercedes passieren zu lassen. W\u00e4hrenddessen sprang vermutlich die Ampel f\u00fcr die Stra\u00dfenbahn, die von der Steinstra\u00dfe Richtung Graf-Adolg-Stra\u00dfe fuhr, ebenfalls auf Gr\u00fcn, weshalb diese in den Kreuzungsbereich einfuhr. Der 29-j\u00e4hrige Stra\u00dfenbahnfahrer konnte nicht mehr rechtzeitig bremsen und stie\u00df mit dem Mercedes zusammen.<\/p>\n<p>Der M\u00f6nchengladbacher wurde durch den Aufprall in seinem Fahrzeug eingeklemmt und musste durch die Feuerwehr befreit werden. Die Einsatzkr\u00e4fte entfernten dazu die vordere und hintere Fahrzeugt\u00fcr. Danach wurde der 43-J\u00e4hrige mit schweren Verletzungen in ein Krankenhaus gebracht. Weitere Unfallbeteiligte kamen nicht zu Schaden. Der stark besch\u00e4digte Mercedes wurde abgeschleppt.<\/p>\n<p>W\u00e4hrend der Unfallaufnahme kam es f\u00fcr rund 90 Minuten zu erheblichen Verkehrsbeeintr\u00e4chtigungen, da die Kreuzung sowohl f\u00fcr den Stra\u00dfenbahnverkehr wie auch f\u00fcr den Fahrzeugverkehr gesperrt wurde.<\/p>\n","protected":false},"excerpt":{"rendered":"Ein 43-j\u00e4hriger Mann aus M\u00f6nchengladbach wollte am Samstagnachmittag (6.12.) um 16:15 Uhr mit seinem Mercedes auf der Bahnstra\u00dfe&hellip;\n","protected":false},"author":2,"featured_media":630995,"comment_status":"","ping_status":"","sticky":false,"template":"","format":"standard","meta":{"footnotes":""},"categories":[1831],"tags":[3364,29,3405,30,1209],"class_list":{"0":"post-630994","1":"post","2":"type-post","3":"status-publish","4":"format-standard","5":"has-post-thumbnail","7":"category-duesseldorf","8":"tag-de","9":"tag-deutschland","10":"tag-duesseldorf","11":"tag-germany","12":"tag-nordrhein-westfalen"},"share_on_mastodon":{"url":"https:\/\/pubeurope.com\/@de\/115680986245203460","error":""},"_links":{"self":[{"href":"https:\/\/www.europesays.com\/de\/wp-json\/wp\/v2\/posts\/630994","targetHints":{"allow":["GET"]}}],"collection":[{"href":"https:\/\/www.europesays.com\/de\/wp-json\/wp\/v2\/posts"}],"about":[{"href":"https:\/\/www.europesays.com\/de\/wp-json\/wp\/v2\/types\/post"}],"author":[{"embeddable":true,"href":"https:\/\/www.europesays.com\/de\/wp-json\/wp\/v2\/users\/2"}],"replies":[{"embeddable":true,"href":"https:\/\/www.europesays.com\/de\/wp-json\/wp\/v2\/comments?post=630994"}],"version-history":[{"count":0,"href":"https:\/\/www.europesays.com\/de\/wp-json\/wp\/v2\/posts\/630994\/revisions"}],"wp:featuredmedia":[{"embeddable":true,"href":"https:\/\/www.europesays.com\/de\/wp-json\/wp\/v2\/media\/630995"}],"wp:attachment":[{"href":"https:\/\/www.europesays.com\/de\/wp-json\/wp\/v2\/media?parent=630994"}],"wp:term":[{"taxonomy":"category","embeddable":true,"href":"https:\/\/www.europesays.com\/de\/wp-json\/wp\/v2\/categories?post=630994"},{"taxonomy":"post_tag","embeddable":true,"href":"https:\/\/www.europesays.com\/de\/wp-json\/wp\/v2\/tags?post=630994"}],"curies":[{"name":"wp","href":"https:\/\/api.w.org\/{rel}","templated":true}]}}