{"id":631662,"date":"2025-12-08T06:59:33","date_gmt":"2025-12-08T06:59:33","guid":{"rendered":"https:\/\/www.europesays.com\/de\/631662\/"},"modified":"2025-12-08T06:59:33","modified_gmt":"2025-12-08T06:59:33","slug":"nuernberg-und-fuerth-trennen-sich-22","status":"publish","type":"post","link":"https:\/\/www.europesays.com\/de\/631662\/","title":{"rendered":"N\u00fcrnberg und F\u00fcrth trennen sich 2:2"},"content":{"rendered":"<p>Frankenderby in N\u00fcrnberg <\/p>\n<p>N\u00fcrnberg und F\u00fcrth trennen sich im Derby 2:2<\/p>\n<p>07.12.2025 &#8211; 15:54 UhrLesedauer: 1 Min.<\/p>\n<p><a href=\"#focus-0\" class=\"transition-colors duration-200 block text-current relative\" data-sctrack=\"FocusGalleryImage.Reference\"><img fetchpriority=\"high\" data-testid=\"Opener.Image\" style=\"--lqipURL:url('https:\/\/images.t-online.de\/2025\/12\/nVWDOda5YR9g\/0x75:800x450\/fit-in\/150x0\/filters:blur(25)\/image.jpg')\"   loading=\"eager\" src=\"https:\/\/www.europesays.com\/de\/wp-content\/uploads\/2025\/12\/1765177173_731_image.jpg\" alt=\"urn:newsml:dpa.com:20090101:251207-935-1005050\" title=\"urn:newsml:dpa.com:20090101:251207-935-1005050\" width=\"800\" height=\"450\" class=\"bg-[url:var(--lqipURL)] bg-cover bg-center flex h-full w-full max-w-full\" decoding=\"async\"\/><img style=\"--width:32;--height:32\" loading=\"lazy\" src=\"https:\/\/nuernberg.t-online.de\/s\/paper\/_next\/static\/media\/zoom-in.f7dae02f.svg\" alt=\"Vergr\u00f6\u00dfern des Bildes\" title=\"Vergr\u00f6\u00dfern des Bildes\" class=\"block h-[calc(var(--height)_\/_16_*_1rem)] w-[calc(var(--width)_\/_16_*_1rem)] max-w-none absolute bottom-8 right-8 rounded-4 bg-snow p-8\" decoding=\"async\"\/><\/a><\/p>\n<p>Luka Lochoshvili jubelt: N\u00fcrnberg f\u00fchrt, doch F\u00fcrth erzwingt spannendes Unentschieden im Derby. (Quelle: Daniel Karmann)<\/p>\n<p class=\"font-bold text-18 leading-17\">Im Max-Morlock-Stadion hat N\u00fcrnberg gegen F\u00fcrth ein Unentschieden erreicht. Trotz F\u00fchrung konnte N\u00fcrnberg den Sieg nicht sichern.<\/p>\n<p class=\"text-18 leading-17\">Im Frankenderby hat der <a class=\"transition-colors duration-200 cursor-pointer text-inherit no-underline text-salemsfur md:hover:text-magenta md:hover:border-magenta md:focus:text-magenta border-current border-b border-solid break-words\" href=\"https:\/\/www.t-online.de\/themen\/1-fc-nuernberg\/\" data-sctrack=\"BodyAnchor\" target=\"_blank\" rel=\"noopener\">1. FC N\u00fcrnberg<\/a> gegen die SpVgg Greuther F\u00fcrth im Max-Morlock-Stadion ein 2:2-Unentschieden erzielt. Trotz zweimaliger F\u00fchrung gelang es den N\u00fcrnbergern nicht, das Spiel f\u00fcr sich zu entscheiden. Vor 47.150 Zuschauern erzielte Aaron Keller den entscheidenden Ausgleich f\u00fcr F\u00fcrth. FCN-Torwart Jan Reichert verhinderte mit starken Paraden eine Niederlage.<\/p>\n<p class=\"text-18 leading-17\">Das Spiel war von hoher Emotionalit\u00e4t gepr\u00e4gt, was sich in einer eindrucksvollen Choreographie der N\u00fcrnberger Fans und einer Rudelbildung auf dem Spielfeld zeigte. Heiko Vogel, der neue Coach von F\u00fcrth, sicherte bei seiner Premiere einen wichtigen Punkt f\u00fcr die Moral seiner Mannschaft. Nach der Pause sorgten Luka Lotschoschwili und Mohamed Ali Zoma f\u00fcr die N\u00fcrnberger F\u00fchrung, doch Felix Klaus und Aaron Keller glichen jeweils aus.<\/p>\n<p class=\"text-18 leading-17\">Vogel stellte bei F\u00fcrth taktisch um und setzte auf eine Viererkette, was sich im Spielverlauf als effektiv erwies. Trotz der Bem\u00fchungen von Kloses Team, das Spiel zu gewinnen, blieb F\u00fcrth bis zum Schluss gef\u00e4hrlich und h\u00e4tte beinahe den Siegtreffer erzielt.<\/p>\n","protected":false},"excerpt":{"rendered":"Frankenderby in N\u00fcrnberg N\u00fcrnberg und F\u00fcrth trennen sich im Derby 2:2 07.12.2025 &#8211; 15:54 UhrLesedauer: 1 Min. Luka&hellip;\n","protected":false},"author":2,"featured_media":631663,"comment_status":"","ping_status":"","sticky":false,"template":"","format":"standard","meta":{"footnotes":""},"categories":[1837],"tags":[783,722,17161,148953,772,3364,29,148768,4347,30,148952,16934,3783,8306],"class_list":{"0":"post-631662","1":"post","2":"type-post","3":"status-publish","4":"format-standard","5":"has-post-thumbnail","7":"category-nuernberg","8":"tag-1-fc-nuernberg","9":"tag-722","10":"tag-17161","11":"tag-aaron-keller","12":"tag-bayern","13":"tag-de","14":"tag-deutschland","15":"tag-frankenderby","16":"tag-fuerth","17":"tag-germany","18":"tag-heiko-vogel","19":"tag-jan-reichert","20":"tag-nuernberg","21":"tag-spvgg-greuther-fuerth"},"share_on_mastodon":{"url":"https:\/\/pubeurope.com\/@de\/115682658764152519","error":""},"_links":{"self":[{"href":"https:\/\/www.europesays.com\/de\/wp-json\/wp\/v2\/posts\/631662","targetHints":{"allow":["GET"]}}],"collection":[{"href":"https:\/\/www.europesays.com\/de\/wp-json\/wp\/v2\/posts"}],"about":[{"href":"https:\/\/www.europesays.com\/de\/wp-json\/wp\/v2\/types\/post"}],"author":[{"embeddable":true,"href":"https:\/\/www.europesays.com\/de\/wp-json\/wp\/v2\/users\/2"}],"replies":[{"embeddable":true,"href":"https:\/\/www.europesays.com\/de\/wp-json\/wp\/v2\/comments?post=631662"}],"version-history":[{"count":0,"href":"https:\/\/www.europesays.com\/de\/wp-json\/wp\/v2\/posts\/631662\/revisions"}],"wp:featuredmedia":[{"embeddable":true,"href":"https:\/\/www.europesays.com\/de\/wp-json\/wp\/v2\/media\/631663"}],"wp:attachment":[{"href":"https:\/\/www.europesays.com\/de\/wp-json\/wp\/v2\/media?parent=631662"}],"wp:term":[{"taxonomy":"category","embeddable":true,"href":"https:\/\/www.europesays.com\/de\/wp-json\/wp\/v2\/categories?post=631662"},{"taxonomy":"post_tag","embeddable":true,"href":"https:\/\/www.europesays.com\/de\/wp-json\/wp\/v2\/tags?post=631662"}],"curies":[{"name":"wp","href":"https:\/\/api.w.org\/{rel}","templated":true}]}}