{"id":632108,"date":"2025-12-08T11:29:28","date_gmt":"2025-12-08T11:29:28","guid":{"rendered":"https:\/\/www.europesays.com\/de\/632108\/"},"modified":"2025-12-08T11:29:28","modified_gmt":"2025-12-08T11:29:28","slug":"duesseldorf-artwalk-loest-nacht-der-museen-ab","status":"publish","type":"post","link":"https:\/\/www.europesays.com\/de\/632108\/","title":{"rendered":"D\u00fcsseldorf: &#8222;Artwalk&#8220; l\u00f6st Nacht der Museen ab"},"content":{"rendered":"<p data-p-count=\"1\">Die Landeshauptstadt bringt 2026 ein neues Kultur-Highlight an den Start: Am 13. und 14. Juni 2026 feiert das \u201eArtwalk\u201c-Festival seine Premiere. Das Event l\u00f6st das bekannte Format der <a href=\"https:\/\/www.tonight.de\/events\/nacht-der-museen-in-duesseldorf-programm-highlights-locations-termin-eintritt-parken-alle-infos_187419.html\" target=\"_blank\" rel=\"noopener\">Nacht der Museen<\/a> ab und erweitert es zu einem zweit\u00e4gigen Spektakel, das mehr als 50 Kulturorte in der ganzen Stadt einbezieht.<\/p>\n<p>Zwei Tage Kultur: Museen bei Nacht, B\u00fchnen am Tag<\/p>\n<p data-p-count=\"2\">Das \u201eArtwalk\u201c-Festival versteht sich als buntes Kulturwochenende f\u00fcr Jung und Alt, Kulturfans und Kulturbanausen. Initiiert wurde es von der Landeshauptstadt und in Zusammenarbeit mit D.Live, <a href=\"https:\/\/www.tonight.de\/duesseldorf\" data-internallinksmanager029f6b8e52c=\"44\" title=\"D\u00fcsseldorf News\" target=\"_blank\" rel=\"noopener\">D\u00fcsseldorf<\/a> Marketing und Visit D\u00fcsseldorf durchgef\u00fchrt.<\/p>\n<p data-p-count=\"3\">Was euch geboten wird? Kurz und knapp gesagt zwei Tage &#8211; und 50 Orte. Am Samstag, den 13. Juni (16 bis 0 Uhr), stehen die Museen, Ausstellungsr\u00e4ume und Kulturorte im Fokus. Besucher k\u00f6nnen den Kunstpalast, das <a href=\"https:\/\/www.tonight.de\/nrw\" data-internallinksmanager029f6b8e52c=\"49\" title=\"NRW\" target=\"_blank\" rel=\"noopener\">NRW<\/a>-Forum, die Kunstsammlung NRW, den Aquazoo und viele weitere H\u00e4user erkunden.<\/p>\n<p>Schon gelesen?<\/p>\n<p data-p-count=\"4\">Der zweite Tag, am Sonntag, den 14. Juni (12 bis 17 Uhr), geh\u00f6rt den B\u00fchnen. Die Deutsche Oper am Rhein, das Ballett, die Tonhalle und das Schauspielhaus \u00f6ffnen ihre T\u00fcren und bieten Theater, Tanz, Musik und Blicke hinter die Kulissen. Auch im Stadtraum werden Performances und Musik von Bands wie der Clara-Schumann-Musikschule stattfinden.<\/p>\n<p data-p-count=\"5\"><strong>Jetzt schon wissen, was im n\u00e4chsten Jahr los ist:<a href=\"https:\/\/www.tonight.de\/events\/termine-events-duesseldorf-die-wichtigsten-veranstaltungen-japan-tag-rheinkirmes-hochzeitsmesse_137326.html\" target=\"_blank\" rel=\"noopener\"> Das Event-Jahr 2026 in D\u00fcsseldorf \u2013 eure Highlights und Termine im \u00dcberblick<\/a><\/strong><\/p>\n<p><img loading=\"lazy\" decoding=\"async\" aria-describedby=\"caption-attachment-423198\" class=\"wp-image-423198 size-large\" src=\"https:\/\/www.europesays.com\/de\/wp-content\/uploads\/2025\/12\/251205artwalkfestival1-940x627.jpg\" alt=\"\" width=\"940\" height=\"627\" data-wp-pid=\"423198\"\/><\/p>\n<p id=\"caption-attachment-423198\" class=\"wp-caption-text\">Im Rahmen einer Pressekonferenz stellten (v. r.) D.Live-Chef Michael Brill, Wilfried Schulz, Generalintendant des Schauspielhauses, Oberb\u00fcrgermeister Dr. Stephan Keller, Miriam Koch, die Beigeordnete f\u00fcr Kultur und Integration, sowie Thorben Meier, Gesch\u00e4ftsf\u00fchrer D\u00fcsseldorf Marketing, das neue Artwalk Festival vor.<br \/>Foto: Landeshauptstadt D\u00fcsseldorf\/Claus Langer<\/p>\n<p data-p-count=\"6\">Oberb\u00fcrgermeister Dr. Stephan Keller ist \u00fcberzeugt: \u201eMit dem \u201aArtwalk\u2018-Festival setzen wir ein klares Zeichen: D\u00fcsseldorf st\u00e4rkt und feiert seine kulturelle Identit\u00e4t und Vielfalt \u2013 sichtbar, lebendig und offen f\u00fcr alle. Ich bin \u00fcberzeugt, dass das \u201aArtwalk\u2018 Festival-zu einem neuen Highlight im D\u00fcsseldorfer Kulturkalender wird.\u201c<\/p>\n<p>Erlebnisroute durch die Stadt<\/p>\n<p>                <a href=\"https:\/\/www.tonight.de\/fotogalerie\/duesseldorf-nacht-der-museen-2025-die-schoensten-fotos-und-augenblicke-in-bilder-galerie\" target=\"_blank\" rel=\"noopener\"><\/p>\n<p>                        <img decoding=\"async\" src=\"https:\/\/www.europesays.com\/de\/wp-content\/uploads\/2025\/12\/duesseldorf-nacht-der-museen-2025-17-940x626.jpg\" alt=\"Bildergalerie: D\u00fcsseldorfer Nacht der Museen 2025: Die sch\u00f6nsten Schnappsch\u00fcsse\" loading=\"lazy\" width=\"940\" height=\"626\"\/><\/p>\n<p>                <\/a><\/p>\n<p>                            <img decoding=\"async\" loading=\"lazy\" width=\"940\" height=\"626\" src=\"https:\/\/www.europesays.com\/de\/wp-content\/uploads\/2025\/12\/duesseldorf-nacht-der-museen-2025-17.jpg\" alt=\"\" itemprop=\"contentUrl\"\/><\/p>\n<p>                            Impressionen der Nacht der Museen 2025.<br \/>\nFoto: Landeshauptstadt D\u00fcsseldorf \/ Melanie Zanin<\/p>\n<p>                            Foto: Tonight<\/p>\n<p>                            <img decoding=\"async\" loading=\"lazy\" width=\"940\" height=\"627\" src=\"https:\/\/www.europesays.com\/de\/wp-content\/uploads\/2025\/12\/duesseldorf-nacht-der-museen-2025-ben-aaa17.jpg\" alt=\"\" itemprop=\"contentUrl\"\/><\/p>\n<p>                            So sch\u00f6n war die Nacht der Museen 2025 in D\u00fcsseldorf.<br \/>\nFoto: Tonight \/ Ben Liebsch<\/p>\n<p>                            Foto: Tonight<\/p>\n<p>                            <img decoding=\"async\" loading=\"lazy\" width=\"940\" height=\"627\" src=\"https:\/\/www.europesays.com\/de\/wp-content\/uploads\/2025\/12\/duesseldorf-nacht-der-museen-2025-ben-aaaaa2.jpg\" alt=\"\" itemprop=\"contentUrl\"\/><\/p>\n<p>                            So sch\u00f6n war die Nacht der Museen 2025 in D\u00fcsseldorf.<br \/>\nFoto: Tonight \/ Ben Liebsch<\/p>\n<p>                            Foto: Tonight<\/p>\n<p>                            <img decoding=\"async\" loading=\"lazy\" width=\"940\" height=\"627\" src=\"https:\/\/www.europesays.com\/de\/wp-content\/uploads\/2025\/12\/duesseldorf-nacht-der-museen-2025-ben-a35.jpg\" alt=\"\" itemprop=\"contentUrl\"\/><\/p>\n<p>                            So sch\u00f6n war die Nacht der Museen 2025 in D\u00fcsseldorf.<br \/>\nFoto: Tonight \/ Ben Liebsch<\/p>\n<p>                            Foto: Tonight<\/p>\n<p>                            <img decoding=\"async\" loading=\"lazy\" width=\"940\" height=\"627\" src=\"https:\/\/www.europesays.com\/de\/wp-content\/uploads\/2025\/12\/duesseldorf-nacht-der-museen-2025-ben-aaa3.jpg\" alt=\"\" itemprop=\"contentUrl\"\/><\/p>\n<p>                            So sch\u00f6n war die Nacht der Museen 2025 in D\u00fcsseldorf.<br \/>\nFoto: Tonight \/ Ben Liebsch<\/p>\n<p>                            Foto: Tonight<\/p>\n<p>                            <img decoding=\"async\" loading=\"lazy\" width=\"940\" height=\"627\" src=\"https:\/\/www.europesays.com\/de\/wp-content\/uploads\/2025\/12\/duesseldorf-nacht-der-museen-2025-ben-aa37.jpg\" alt=\"\" itemprop=\"contentUrl\"\/><\/p>\n<p>                            So sch\u00f6n war die Nacht der Museen 2025 in D\u00fcsseldorf.<br \/>\nFoto: Tonight \/ Ben Liebsch<\/p>\n<p>                            Foto: Tonight<\/p>\n<p>                            <img decoding=\"async\" loading=\"lazy\" width=\"940\" height=\"627\" src=\"https:\/\/www.europesays.com\/de\/wp-content\/uploads\/2025\/12\/duesseldorf-nacht-der-museen-2025-ben-aa21.jpg\" alt=\"\" itemprop=\"contentUrl\"\/><\/p>\n<p>                            So sch\u00f6n war die Nacht der Museen 2025 in D\u00fcsseldorf.<br \/>\nFoto: Tonight \/ Ben Liebsch<\/p>\n<p>                            Foto: Tonight<\/p>\n<p>                            <img decoding=\"async\" loading=\"lazy\" width=\"940\" height=\"529\" src=\"https:\/\/www.europesays.com\/de\/wp-content\/uploads\/2025\/12\/duesseldorf-nacht-der-museen-rheinturm-illumination-2025-aaaa6.jpg\" alt=\"D\u00fcsseldorf Nacht der Museen 2025\" itemprop=\"contentUrl\"\/><\/p>\n<p>                            Zur Nacht der Museen 2025 zeigte sich D\u00fcsseldorf von seiner sch\u00f6nsten Seite.<br \/>\nFoto: Tonight \/ Heiko Borchers<\/p>\n<p>                            Foto: Tonight<\/p>\n<p>                            <img decoding=\"async\" loading=\"lazy\" width=\"940\" height=\"627\" src=\"https:\/\/www.europesays.com\/de\/wp-content\/uploads\/2025\/12\/duesseldorf-nacht-der-museen-2025-ben-aa20.jpg\" alt=\"\" itemprop=\"contentUrl\"\/><\/p>\n<p>                            So sch\u00f6n war die Nacht der Museen 2025 in D\u00fcsseldorf.<br \/>\nFoto: Tonight \/ Ben Liebsch<\/p>\n<p>                            Foto: Tonight<\/p>\n<p>                            <img decoding=\"async\" loading=\"lazy\" width=\"940\" height=\"655\" src=\"https:\/\/www.europesays.com\/de\/wp-content\/uploads\/2025\/12\/duesseldorf-nacht-der-museen-2025-1.jpg\" alt=\"\" itemprop=\"contentUrl\"\/><\/p>\n<p>                            Impressionen der Nacht der Museen 2025.<br \/>\nFoto: Landeshauptstadt D\u00fcsseldorf \/ Melanie Zanin<\/p>\n<p>                            Foto: Tonight<\/p>\n<p>                            <img decoding=\"async\" loading=\"lazy\" width=\"940\" height=\"626\" src=\"https:\/\/www.europesays.com\/de\/wp-content\/uploads\/2025\/12\/duesseldorf-nacht-der-museen-2025-8.jpg\" alt=\"\" itemprop=\"contentUrl\"\/><\/p>\n<p>                            Impressionen der Nacht der Museen 2025.<br \/>\nFoto: Landeshauptstadt D\u00fcsseldorf \/ Melanie Zanin<\/p>\n<p>                            Foto: Tonight<\/p>\n<p>                            <img decoding=\"async\" loading=\"lazy\" width=\"940\" height=\"627\" src=\"https:\/\/www.europesays.com\/de\/wp-content\/uploads\/2025\/12\/duesseldorf-nacht-der-museen-2025-ben-127.jpg\" alt=\"\" itemprop=\"contentUrl\"\/><\/p>\n<p>                            So sch\u00f6n war die Nacht der Museen 2025 in D\u00fcsseldorf.<br \/>\nFoto: Tonight \/ Ben Liebsch<\/p>\n<p>                            Foto: Tonight<\/p>\n<p>                            <img decoding=\"async\" loading=\"lazy\" width=\"940\" height=\"627\" src=\"https:\/\/www.europesays.com\/de\/wp-content\/uploads\/2025\/12\/duesseldorf-nacht-der-museen-2025-ben-122.jpg\" alt=\"\" itemprop=\"contentUrl\"\/><\/p>\n<p>                            So sch\u00f6n war die Nacht der Museen 2025 in D\u00fcsseldorf.<br \/>\nFoto: Tonight \/ Ben Liebsch<\/p>\n<p>                            Foto: Tonight<\/p>\n<p>                            <img decoding=\"async\" loading=\"lazy\" width=\"940\" height=\"627\" src=\"https:\/\/www.europesays.com\/de\/wp-content\/uploads\/2025\/12\/duesseldorf-nacht-der-museen-2025-ben-126.jpg\" alt=\"\" itemprop=\"contentUrl\"\/><\/p>\n<p>                            So sch\u00f6n war die Nacht der Museen 2025 in D\u00fcsseldorf.<br \/>\nFoto: Tonight \/ Ben Liebsch<\/p>\n<p>                            Foto: Tonight<\/p>\n<p>                            <img decoding=\"async\" loading=\"lazy\" width=\"940\" height=\"627\" src=\"https:\/\/www.europesays.com\/de\/wp-content\/uploads\/2025\/12\/duesseldorf-nacht-der-museen-2025-ben-88.jpg\" alt=\"\" itemprop=\"contentUrl\"\/><\/p>\n<p>                            So sch\u00f6n war die Nacht der Museen 2025 in D\u00fcsseldorf.<br \/>\nFoto: Tonight \/ Ben Liebsch<\/p>\n<p>                            Foto: Tonight<\/p>\n<p>                            <img decoding=\"async\" loading=\"lazy\" width=\"940\" height=\"627\" src=\"https:\/\/www.europesays.com\/de\/wp-content\/uploads\/2025\/12\/duesseldorf-nacht-der-museen-2025-ben-81.jpg\" alt=\"\" itemprop=\"contentUrl\"\/><\/p>\n<p>                            So sch\u00f6n war die Nacht der Museen 2025 in D\u00fcsseldorf.<br \/>\nFoto: Tonight \/ Ben Liebsch<\/p>\n<p>                            Foto: Tonight<\/p>\n<p>                            <img decoding=\"async\" loading=\"lazy\" width=\"940\" height=\"627\" src=\"https:\/\/www.europesays.com\/de\/wp-content\/uploads\/2025\/12\/duesseldorf-nacht-der-museen-2025-ben-80.jpg\" alt=\"\" itemprop=\"contentUrl\"\/><\/p>\n<p>                            So sch\u00f6n war die Nacht der Museen 2025 in D\u00fcsseldorf.<br \/>\nFoto: Tonight \/ Ben Liebsch<\/p>\n<p>                            Foto: Tonight<\/p>\n<p>                            <img decoding=\"async\" loading=\"lazy\" width=\"940\" height=\"626\" src=\"https:\/\/www.europesays.com\/de\/wp-content\/uploads\/2025\/12\/duesseldorf-nacht-der-museen-2025-5.jpg\" alt=\"\" itemprop=\"contentUrl\"\/><\/p>\n<p>                            Impressionen der Nacht der Museen 2025.<br \/>\nFoto: Landeshauptstadt D\u00fcsseldorf \/ Melanie Zanin<\/p>\n<p>                            Foto: Tonight<\/p>\n<p>                            <img decoding=\"async\" loading=\"lazy\" width=\"940\" height=\"632\" src=\"https:\/\/www.europesays.com\/de\/wp-content\/uploads\/2025\/12\/duesseldorf-nacht-der-museen-2025-14.jpg\" alt=\"\" itemprop=\"contentUrl\"\/><\/p>\n<p>                            Impressionen der Nacht der Museen 2025.<br \/>\nFoto: Landeshauptstadt D\u00fcsseldorf \/ Melanie Zanin<\/p>\n<p>                            Foto: Tonight<\/p>\n<p>                            <img decoding=\"async\" loading=\"lazy\" width=\"940\" height=\"626\" src=\"https:\/\/www.europesays.com\/de\/wp-content\/uploads\/2025\/12\/duesseldorf-nacht-der-museen-2025-13.jpg\" alt=\"\" itemprop=\"contentUrl\"\/><\/p>\n<p>                            Impressionen der Nacht der Museen 2025.<br \/>\nFoto: Landeshauptstadt D\u00fcsseldorf \/ Melanie Zanin<\/p>\n<p>                            Foto: Tonight<\/p>\n<p>                            <img decoding=\"async\" loading=\"lazy\" width=\"940\" height=\"626\" src=\"https:\/\/www.europesays.com\/de\/wp-content\/uploads\/2025\/12\/duesseldorf-nacht-der-museen-2025-12.jpg\" alt=\"\" itemprop=\"contentUrl\"\/><\/p>\n<p>                            Impressionen der Nacht der Museen 2025.<br \/>\nFoto: Landeshauptstadt D\u00fcsseldorf \/ Melanie Zanin<\/p>\n<p>                            Foto: Tonight<\/p>\n<p>                            <img decoding=\"async\" loading=\"lazy\" width=\"940\" height=\"627\" src=\"https:\/\/www.europesays.com\/de\/wp-content\/uploads\/2025\/12\/duesseldorf-nacht-der-museen-2025-ben-54.jpg\" alt=\"\" itemprop=\"contentUrl\"\/><\/p>\n<p>                            So sch\u00f6n war die Nacht der Museen 2025 in D\u00fcsseldorf.<br \/>\nFoto: Tonight \/ Ben Liebsch<\/p>\n<p>                            Foto: Tonight<\/p>\n<p>                            <img decoding=\"async\" loading=\"lazy\" width=\"940\" height=\"632\" src=\"https:\/\/www.europesays.com\/de\/wp-content\/uploads\/2025\/12\/duesseldorf-nacht-der-museen-2025-6.jpg\" alt=\"\" itemprop=\"contentUrl\"\/><\/p>\n<p>                            Impressionen der Nacht der Museen 2025.<br \/>\nFoto: Landeshauptstadt D\u00fcsseldorf \/ Melanie Zanin<\/p>\n<p>                            Foto: Tonight<\/p>\n<p>                            <img decoding=\"async\" loading=\"lazy\" width=\"940\" height=\"627\" src=\"https:\/\/www.europesays.com\/de\/wp-content\/uploads\/2025\/12\/duesseldorf-nacht-der-museen-2025-ben-51.jpg\" alt=\"\" itemprop=\"contentUrl\"\/><\/p>\n<p>                            So sch\u00f6n war die Nacht der Museen 2025 in D\u00fcsseldorf.<br \/>\nFoto: Tonight \/ Ben Liebsch<\/p>\n<p>                            Foto: Tonight<\/p>\n<p>                            <img decoding=\"async\" loading=\"lazy\" width=\"940\" height=\"626\" src=\"https:\/\/www.europesays.com\/de\/wp-content\/uploads\/2025\/12\/duesseldorf-nacht-der-museen-2025-10.jpg\" alt=\"\" itemprop=\"contentUrl\"\/><\/p>\n<p>                            Impressionen der Nacht der Museen 2025.<br \/>\nFoto: Landeshauptstadt D\u00fcsseldorf \/ Melanie Zanin<\/p>\n<p>                            Foto: Tonight<\/p>\n<p>                            <img decoding=\"async\" loading=\"lazy\" width=\"940\" height=\"626\" src=\"https:\/\/www.europesays.com\/de\/wp-content\/uploads\/2025\/12\/duesseldorf-nacht-der-museen-2025-4.jpg\" alt=\"\" itemprop=\"contentUrl\"\/><\/p>\n<p>                            Impressionen der Nacht der Museen 2025.<br \/>\nFoto: Landeshauptstadt D\u00fcsseldorf \/ Melanie Zanin<\/p>\n<p>                            Foto: Tonight<\/p>\n<p>                            <img decoding=\"async\" loading=\"lazy\" width=\"940\" height=\"626\" src=\"https:\/\/www.europesays.com\/de\/wp-content\/uploads\/2025\/12\/duesseldorf-nacht-der-museen-2025-2.jpg\" alt=\"\" itemprop=\"contentUrl\"\/><\/p>\n<p>                            Impressionen der Nacht der Museen 2025.<br \/>\nFoto: Landeshauptstadt D\u00fcsseldorf \/ Melanie Zanin<\/p>\n<p>                            Foto: Tonight<\/p>\n<p>                            <img decoding=\"async\" loading=\"lazy\" width=\"940\" height=\"627\" src=\"https:\/\/www.europesays.com\/de\/wp-content\/uploads\/2025\/12\/duesseldorf-nacht-der-museen-2025-ben-37.jpg\" alt=\"\" itemprop=\"contentUrl\"\/><\/p>\n<p>                            So sch\u00f6n war die Nacht der Museen 2025 in D\u00fcsseldorf.<br \/>\nFoto: Tonight \/ Ben Liebsch<\/p>\n<p>                            Foto: Tonight<\/p>\n<p>                            <img decoding=\"async\" loading=\"lazy\" width=\"940\" height=\"627\" src=\"https:\/\/www.europesays.com\/de\/wp-content\/uploads\/2025\/12\/duesseldorf-nacht-der-museen-2025-ben-36.jpg\" alt=\"\" itemprop=\"contentUrl\"\/><\/p>\n<p>                            So sch\u00f6n war die Nacht der Museen 2025 in D\u00fcsseldorf.<br \/>\nFoto: Tonight \/ Ben Liebsch<\/p>\n<p>                            Foto: Tonight<\/p>\n<p>                            <img decoding=\"async\" loading=\"lazy\" width=\"940\" height=\"627\" src=\"https:\/\/www.europesays.com\/de\/wp-content\/uploads\/2025\/12\/duesseldorf-nacht-der-museen-2025-ben-34.jpg\" alt=\"\" itemprop=\"contentUrl\"\/><\/p>\n<p>                            So sch\u00f6n war die Nacht der Museen 2025 in D\u00fcsseldorf.<br \/>\nFoto: Tonight \/ Ben Liebsch<\/p>\n<p>                            Foto: Tonight<\/p>\n<p>                            <img decoding=\"async\" loading=\"lazy\" width=\"940\" height=\"627\" src=\"https:\/\/www.europesays.com\/de\/wp-content\/uploads\/2025\/12\/duesseldorf-nacht-der-museen-2025-ben-33.jpg\" alt=\"\" itemprop=\"contentUrl\"\/><\/p>\n<p>                            So sch\u00f6n war die Nacht der Museen 2025 in D\u00fcsseldorf.<br \/>\nFoto: Tonight \/ Ben Liebsch<\/p>\n<p>                            Foto: Tonight<\/p>\n<p>                            <img decoding=\"async\" loading=\"lazy\" width=\"940\" height=\"626\" src=\"https:\/\/www.europesays.com\/de\/wp-content\/uploads\/2025\/12\/duesseldorf-nacht-der-museen-2025-7.jpg\" alt=\"\" itemprop=\"contentUrl\"\/><\/p>\n<p>                            Impressionen der Nacht der Museen 2025.<br \/>\nFoto: Landeshauptstadt D\u00fcsseldorf \/ Melanie Zanin<\/p>\n<p>                            Foto: Tonight<\/p>\n<p>                            <img decoding=\"async\" loading=\"lazy\" width=\"940\" height=\"626\" src=\"https:\/\/www.europesays.com\/de\/wp-content\/uploads\/2025\/12\/duesseldorf-nacht-der-museen-2025-9.jpg\" alt=\"\" itemprop=\"contentUrl\"\/><\/p>\n<p>                            Impressionen der Nacht der Museen 2025.<br \/>\nFoto: Landeshauptstadt D\u00fcsseldorf \/ Melanie Zanin<\/p>\n<p>                            Foto: Tonight<\/p>\n<p>                            <img decoding=\"async\" loading=\"lazy\" width=\"940\" height=\"626\" src=\"https:\/\/www.europesays.com\/de\/wp-content\/uploads\/2025\/12\/duesseldorf-nacht-der-museen-2025-18.jpg\" alt=\"\" itemprop=\"contentUrl\"\/><\/p>\n<p>                            Impressionen der Nacht der Museen 2025.<br \/>\nFoto: Landeshauptstadt D\u00fcsseldorf \/ Melanie Zanin<\/p>\n<p>                            Foto: Tonight<\/p>\n<p>                            <img decoding=\"async\" loading=\"lazy\" width=\"940\" height=\"627\" src=\"https:\/\/www.europesays.com\/de\/wp-content\/uploads\/2025\/12\/duesseldorf-nacht-der-museen-2025-ben-32.jpg\" alt=\"\" itemprop=\"contentUrl\"\/><\/p>\n<p>                            So sch\u00f6n war die Nacht der Museen 2025 in D\u00fcsseldorf.<br \/>\nFoto: Tonight \/ Ben Liebsch<\/p>\n<p>                            Foto: Tonight<\/p>\n<p>                            <img decoding=\"async\" loading=\"lazy\" width=\"940\" height=\"626\" src=\"https:\/\/www.europesays.com\/de\/wp-content\/uploads\/2025\/12\/duesseldorf-nacht-der-museen-2025-15.jpg\" alt=\"\" itemprop=\"contentUrl\"\/><\/p>\n<p>                            Impressionen der Nacht der Museen 2025.<br \/>\nFoto: Landeshauptstadt D\u00fcsseldorf \/ Melanie Zanin<\/p>\n<p>                            Foto: Tonight<\/p>\n<p>                            <img decoding=\"async\" loading=\"lazy\" width=\"940\" height=\"626\" src=\"https:\/\/www.europesays.com\/de\/wp-content\/uploads\/2025\/12\/duesseldorf-nacht-der-museen-2025-11.jpg\" alt=\"\" itemprop=\"contentUrl\"\/><\/p>\n<p>                            Impressionen der Nacht der Museen 2025.<br \/>\nFoto: Landeshauptstadt D\u00fcsseldorf \/ Melanie Zanin<\/p>\n<p>                            Foto: Tonight<\/p>\n<p>                            <img decoding=\"async\" loading=\"lazy\" width=\"940\" height=\"627\" src=\"https:\/\/www.europesays.com\/de\/wp-content\/uploads\/2025\/12\/duesseldorf-nacht-der-museen-2025-ben-30.jpg\" alt=\"\" itemprop=\"contentUrl\"\/><\/p>\n<p>                            So sch\u00f6n war die Nacht der Museen 2025 in D\u00fcsseldorf.<br \/>\nFoto: Tonight \/ Ben Liebsch<\/p>\n<p>                            Foto: Tonight<\/p>\n<p>                            <img decoding=\"async\" loading=\"lazy\" width=\"940\" height=\"627\" src=\"https:\/\/www.europesays.com\/de\/wp-content\/uploads\/2025\/12\/duesseldorf-nacht-der-museen-2025-ben-29.jpg\" alt=\"\" itemprop=\"contentUrl\"\/><\/p>\n<p>                            So sch\u00f6n war die Nacht der Museen 2025 in D\u00fcsseldorf.<br \/>\nFoto: Tonight \/ Ben Liebsch<\/p>\n<p>                            Foto: Tonight<\/p>\n<p>                            <img decoding=\"async\" loading=\"lazy\" width=\"940\" height=\"627\" src=\"https:\/\/www.europesays.com\/de\/wp-content\/uploads\/2025\/12\/duesseldorf-nacht-der-museen-2025-ben-28.jpg\" alt=\"\" itemprop=\"contentUrl\"\/><\/p>\n<p>                            So sch\u00f6n war die Nacht der Museen 2025 in D\u00fcsseldorf.<br \/>\nFoto: Tonight \/ Ben Liebsch<\/p>\n<p>                            Foto: Tonight<\/p>\n<p>                            <img decoding=\"async\" loading=\"lazy\" width=\"940\" height=\"627\" src=\"https:\/\/www.europesays.com\/de\/wp-content\/uploads\/2025\/12\/duesseldorf-nacht-der-museen-2025-ben-25.jpg\" alt=\"\" itemprop=\"contentUrl\"\/><\/p>\n<p>                            So sch\u00f6n war die Nacht der Museen 2025 in D\u00fcsseldorf.<br \/>\nFoto: Tonight \/ Ben Liebsch<\/p>\n<p>                            Foto: Tonight<\/p>\n<p>                            <img decoding=\"async\" loading=\"lazy\" width=\"940\" height=\"627\" src=\"https:\/\/www.europesays.com\/de\/wp-content\/uploads\/2025\/12\/duesseldorf-nacht-der-museen-2025-ben-24.jpg\" alt=\"\" itemprop=\"contentUrl\"\/><\/p>\n<p>                            So sch\u00f6n war die Nacht der Museen 2025 in D\u00fcsseldorf.<br \/>\nFoto: Tonight \/ Ben Liebsch<\/p>\n<p>                            Foto: Tonight<\/p>\n<p>                            <img decoding=\"async\" loading=\"lazy\" width=\"940\" height=\"626\" src=\"https:\/\/www.europesays.com\/de\/wp-content\/uploads\/2025\/12\/duesseldorf-nacht-der-museen-2025-16.jpg\" alt=\"\" itemprop=\"contentUrl\"\/><\/p>\n<p>                            Impressionen der Nacht der Museen 2025.<br \/>\nFoto: Landeshauptstadt D\u00fcsseldorf \/ Melanie Zanin<\/p>\n<p>                            Foto: Tonight<\/p>\n<p>                            <img decoding=\"async\" loading=\"lazy\" width=\"940\" height=\"627\" src=\"https:\/\/www.europesays.com\/de\/wp-content\/uploads\/2025\/12\/duesseldorf-nacht-der-museen-2025-ben-23.jpg\" alt=\"\" itemprop=\"contentUrl\"\/><\/p>\n<p>                            So sch\u00f6n war die Nacht der Museen 2025 in D\u00fcsseldorf.<br \/>\nFoto: Tonight \/ Ben Liebsch<\/p>\n<p>                            Foto: Tonight<\/p>\n<p>                            <img decoding=\"async\" loading=\"lazy\" width=\"940\" height=\"627\" src=\"https:\/\/www.europesays.com\/de\/wp-content\/uploads\/2025\/12\/duesseldorf-nacht-der-museen-2025-ben-22.jpg\" alt=\"\" itemprop=\"contentUrl\"\/><\/p>\n<p>                            So sch\u00f6n war die Nacht der Museen 2025 in D\u00fcsseldorf.<br \/>\nFoto: Tonight \/ Ben Liebsch<\/p>\n<p>                            Foto: Tonight<\/p>\n<p>                            <img decoding=\"async\" loading=\"lazy\" width=\"940\" height=\"627\" src=\"https:\/\/www.europesays.com\/de\/wp-content\/uploads\/2025\/12\/duesseldorf-nacht-der-museen-2025-ben-16.jpg\" alt=\"\" itemprop=\"contentUrl\"\/><\/p>\n<p>                            So sch\u00f6n war die Nacht der Museen 2025 in D\u00fcsseldorf.<br \/>\nFoto: Tonight \/ Ben Liebsch<\/p>\n<p>                            Foto: Tonight<\/p>\n<p>                            <img decoding=\"async\" loading=\"lazy\" width=\"940\" height=\"627\" src=\"https:\/\/www.europesays.com\/de\/wp-content\/uploads\/2025\/12\/duesseldorf-nacht-der-museen-2025-ben-15.jpg\" alt=\"\" itemprop=\"contentUrl\"\/><\/p>\n<p>                            So sch\u00f6n war die Nacht der Museen 2025 in D\u00fcsseldorf.<br \/>\nFoto: Tonight \/ Ben Liebsch<\/p>\n<p>                            Foto: Tonight<\/p>\n<p>                            <img decoding=\"async\" loading=\"lazy\" width=\"940\" height=\"626\" src=\"https:\/\/www.europesays.com\/de\/wp-content\/uploads\/2025\/12\/duesseldorf-nacht-der-museen-2025-3.jpg\" alt=\"\" itemprop=\"contentUrl\"\/><\/p>\n<p>                            Impressionen der Nacht der Museen 2025.<br \/>\nFoto: Landeshauptstadt D\u00fcsseldorf \/ Melanie Zanin<\/p>\n<p>                            Foto: Tonight<\/p>\n<p>                            <img decoding=\"async\" loading=\"lazy\" width=\"940\" height=\"627\" src=\"https:\/\/www.europesays.com\/de\/wp-content\/uploads\/2025\/12\/duesseldorf-nacht-der-museen-2025-ben-14.jpg\" alt=\"\" itemprop=\"contentUrl\"\/><\/p>\n<p>                            So sch\u00f6n war die Nacht der Museen 2025 in D\u00fcsseldorf.<br \/>\nFoto: Tonight \/ Ben Liebsch<\/p>\n<p>                            Foto: Tonight<\/p>\n<p>                            <img decoding=\"async\" loading=\"lazy\" width=\"940\" height=\"627\" src=\"https:\/\/www.europesays.com\/de\/wp-content\/uploads\/2025\/12\/duesseldorf-nacht-der-museen-2025-ben-13.jpg\" alt=\"\" itemprop=\"contentUrl\"\/><\/p>\n<p>                            So sch\u00f6n war die Nacht der Museen 2025 in D\u00fcsseldorf.<br \/>\nFoto: Tonight \/ Ben Liebsch<\/p>\n<p>                            Foto: Tonight<\/p>\n<p>                            <img decoding=\"async\" loading=\"lazy\" width=\"940\" height=\"627\" src=\"https:\/\/www.europesays.com\/de\/wp-content\/uploads\/2025\/12\/duesseldorf-nacht-der-museen-2025-ben-12.jpg\" alt=\"\" itemprop=\"contentUrl\"\/><\/p>\n<p>                            So sch\u00f6n war die Nacht der Museen 2025 in D\u00fcsseldorf.<br \/>\nFoto: Tonight \/ Ben Liebsch<\/p>\n<p>                            Foto: Tonight<\/p>\n<p>                            <img decoding=\"async\" loading=\"lazy\" width=\"940\" height=\"627\" src=\"https:\/\/www.europesays.com\/de\/wp-content\/uploads\/2025\/12\/duesseldorf-nacht-der-museen-2025-ben-11.jpg\" alt=\"\" itemprop=\"contentUrl\"\/><\/p>\n<p>                            So sch\u00f6n war die Nacht der Museen 2025 in D\u00fcsseldorf.<br \/>\nFoto: Tonight \/ Ben Liebsch<\/p>\n<p>                            Foto: Tonight<\/p>\n<p>                            <img decoding=\"async\" loading=\"lazy\" width=\"940\" height=\"627\" src=\"https:\/\/www.europesays.com\/de\/wp-content\/uploads\/2025\/12\/duesseldorf-nacht-der-museen-2025-ben-9.jpg\" alt=\"\" itemprop=\"contentUrl\"\/><\/p>\n<p>                            So sch\u00f6n war die Nacht der Museen 2025 in D\u00fcsseldorf.<br \/>\nFoto: Tonight \/ Ben Liebsch<\/p>\n<p>                            Foto: Tonight<\/p>\n<p>                            <img decoding=\"async\" loading=\"lazy\" width=\"940\" height=\"627\" src=\"https:\/\/www.europesays.com\/de\/wp-content\/uploads\/2025\/12\/duesseldorf-nacht-der-museen-2025-ben-8.jpg\" alt=\"\" itemprop=\"contentUrl\"\/><\/p>\n<p>                            So sch\u00f6n war die Nacht der Museen 2025 in D\u00fcsseldorf.<br \/>\nFoto: Tonight \/ Ben Liebsch<\/p>\n<p>                            Foto: Tonight<\/p>\n<p>                            <img decoding=\"async\" loading=\"lazy\" width=\"940\" height=\"627\" src=\"https:\/\/www.europesays.com\/de\/wp-content\/uploads\/2025\/12\/duesseldorf-nacht-der-museen-2025-ben-6.jpg\" alt=\"\" itemprop=\"contentUrl\"\/><\/p>\n<p>                            So sch\u00f6n war die Nacht der Museen 2025 in D\u00fcsseldorf.<br \/>\nFoto: Tonight \/ Ben Liebsch<\/p>\n<p>                            Foto: Tonight<\/p>\n<p>                            <img decoding=\"async\" loading=\"lazy\" width=\"940\" height=\"627\" src=\"https:\/\/www.europesays.com\/de\/wp-content\/uploads\/2025\/12\/duesseldorf-nacht-der-museen-2025-ben-5.jpg\" alt=\"\" itemprop=\"contentUrl\"\/><\/p>\n<p>                            So sch\u00f6n war die Nacht der Museen 2025 in D\u00fcsseldorf.<br \/>\nFoto: Tonight \/ Ben Liebsch<\/p>\n<p>                            Foto: Tonight<\/p>\n<p data-p-count=\"7\">Das neue Konzept bindet auch den \u00f6ffentlichen Raum stark ein. D.Live-Chef Michael Brill hob hervor, dass durch kuratierte Walks, Lichtinszenierungen und Performances zentrale Orte wie Ehrenhof, Hofgarten und die \u201eStra\u00dfe der Romantik\u201c zu einem zusammenh\u00e4ngenden Festivalerlebnis werden. Ein Kombiticket mit \u00d6PNV-Nutzung (VRR-Tarifgebiet B) sorgt f\u00fcr optimale Erreichbarkeit.<\/p>\n<p>Ticket-Verkauf startet sofort<\/p>\n<p data-p-count=\"8\">Tickets stehen schon jetzt im Vorverkauf unter artwalkfestival.de und in der Touristeninformation von Visit D\u00fcsseldorf bereit: Regul\u00e4r f\u00fcr 25 Euro, erm\u00e4\u00dfigt f\u00fcr 20 bzw. 15 Euro. Kinder bis einschlie\u00dflich 12 Jahre und Inhaber der Art-Card haben freien Eintritt.<\/p>\n","protected":false},"excerpt":{"rendered":"Die Landeshauptstadt bringt 2026 ein neues Kultur-Highlight an den Start: Am 13. und 14. Juni 2026 feiert das&hellip;\n","protected":false},"author":2,"featured_media":632109,"comment_status":"","ping_status":"","sticky":false,"template":"","format":"standard","meta":{"footnotes":""},"categories":[1831],"tags":[3364,29,3405,13862,30,1209],"class_list":{"0":"post-632108","1":"post","2":"type-post","3":"status-publish","4":"format-standard","5":"has-post-thumbnail","7":"category-duesseldorf","8":"tag-de","9":"tag-deutschland","10":"tag-duesseldorf","11":"tag-event-tipps","12":"tag-germany","13":"tag-nordrhein-westfalen"},"share_on_mastodon":{"url":"https:\/\/pubeurope.com\/@de\/115683723706202949","error":""},"_links":{"self":[{"href":"https:\/\/www.europesays.com\/de\/wp-json\/wp\/v2\/posts\/632108","targetHints":{"allow":["GET"]}}],"collection":[{"href":"https:\/\/www.europesays.com\/de\/wp-json\/wp\/v2\/posts"}],"about":[{"href":"https:\/\/www.europesays.com\/de\/wp-json\/wp\/v2\/types\/post"}],"author":[{"embeddable":true,"href":"https:\/\/www.europesays.com\/de\/wp-json\/wp\/v2\/users\/2"}],"replies":[{"embeddable":true,"href":"https:\/\/www.europesays.com\/de\/wp-json\/wp\/v2\/comments?post=632108"}],"version-history":[{"count":0,"href":"https:\/\/www.europesays.com\/de\/wp-json\/wp\/v2\/posts\/632108\/revisions"}],"wp:featuredmedia":[{"embeddable":true,"href":"https:\/\/www.europesays.com\/de\/wp-json\/wp\/v2\/media\/632109"}],"wp:attachment":[{"href":"https:\/\/www.europesays.com\/de\/wp-json\/wp\/v2\/media?parent=632108"}],"wp:term":[{"taxonomy":"category","embeddable":true,"href":"https:\/\/www.europesays.com\/de\/wp-json\/wp\/v2\/categories?post=632108"},{"taxonomy":"post_tag","embeddable":true,"href":"https:\/\/www.europesays.com\/de\/wp-json\/wp\/v2\/tags?post=632108"}],"curies":[{"name":"wp","href":"https:\/\/api.w.org\/{rel}","templated":true}]}}