{"id":632117,"date":"2025-12-08T11:34:26","date_gmt":"2025-12-08T11:34:26","guid":{"rendered":"https:\/\/www.europesays.com\/de\/632117\/"},"modified":"2025-12-08T11:34:26","modified_gmt":"2025-12-08T11:34:26","slug":"ein-zirkus-von-weltklasse-die-jubilaeumsausgabe-verzaubert-koeln","status":"publish","type":"post","link":"https:\/\/www.europesays.com\/de\/632117\/","title":{"rendered":"Ein Zirkus von Weltklasse: Die Jubil\u00e4umsausgabe verzaubert K\u00f6ln"},"content":{"rendered":"<p class=\"dm-paragraph my-8 dm-article-content-width\" index=\"0\" should-collapse-on-mobile=\"true\" has-padding=\"\" data-v-586984a4=\"\">Smitt exklusiv zu EXPRESS: \u201eIch suche nicht einfach die besten Artisten; sie m\u00fcssen offen sein f\u00fcr etwas Gr\u00f6\u00dferes als ihre eigene Nummer. Nur dann kann ein magisches Gesamtkunstwerk entstehen.\u201c<\/p>\n<p><a href=\"https:\/\/koelner-weihnachtscircus.de\/\" rel=\"nofollow noopener\" target=\"_blank\" data-content-swbutton=\"\" class=\"call-to-action dm-inContentButton\" data-v-2537a4b0=\"\">Jetzt Tickets sichern \u2794<\/a><\/p>\n<p class=\"dm-paragraph my-8 dm-article-content-width\" index=\"2\" should-collapse-on-mobile=\"true\" has-padding=\"\" data-v-586984a4=\"\">Ein beeindruckendes Beispiel ist die Zusammenarbeit zwischen einem ukrainischen Kraftakrobaten \u2013 der wie eine menschliche Fahne waagerecht an einer freischwebenden Stange h\u00e4ngt \u2013 und einer chinesischen Artistin, die gemeinsam eine poetische Tanznummer zeigen. Ihre \u201eRomanze\u201c wirkt, als w\u00fcrden sie seit Jahren gemeinsam auftreten, obwohl sie sich erst vor Kurzem kennengelernt haben. Genau solche Verbindungen sp\u00fcrt Smitt \u2013 und das Publikum f\u00fchlt die Besonderheit dieses Moments.<\/p>\n<p class=\"dm-paragraph my-8 dm-article-content-width\" index=\"3\" should-collapse-on-mobile=\"true\" has-padding=\"\" data-v-586984a4=\"\">Auch in K\u00f6ln ist Fraser Hooper \u2013 seit Jahren ein Star auf der S\u00fcdhalbkugel \u2013 ein absoluter Volltreffer. Die Wahl, ihn als Clown f\u00fcr die Jubil\u00e4umsshow zu besetzen wird vom beigesterten Publikum euphorisch gefeiert, jedes Mal, wenn er die Manege betritt, brandet Jubel auf.<\/p>\n<p><a href=\"https:\/\/koelner-weihnachtscircus.de\/\" rel=\"nofollow noopener\" target=\"_blank\" data-content-swbutton=\"\" class=\"call-to-action dm-inContentButton\" data-v-2537a4b0=\"\">Jetzt Tickets sichern \u2794<\/a><\/p>\n<p class=\"dm-paragraph my-8 dm-article-content-width\" index=\"5\" should-collapse-on-mobile=\"true\" has-padding=\"\" data-v-586984a4=\"\">Seine wortlose, warmherzige und punktgenaue Komik steht in der Tradition von Gr\u00f6\u00dfen wie Charlie Chaplin und Oleg Popov. Hooper improvisiert auf h\u00f6chstem Niveau und macht das Publikum selbst zum Mittelpunkt der Show. Seine Szenen spr\u00fchen vor Liebe, Freude und Menschlichkeit \u2013 und sorgen f\u00fcr herzerw\u00e4rmendes Gel\u00e4chter.<\/p>\n<p class=\"dm-paragraph my-8 dm-article-content-width\" index=\"6\" should-collapse-on-mobile=\"true\" has-padding=\"\" data-v-586984a4=\"\">Auch die Crystal Ladies verdienen besondere Erw\u00e4hnung. Das Zwillingsduo geh\u00f6rt zur Weltspitze der Antipodenkunst \u2013 einer Disziplin, bei der sie mit H\u00e4nden und F\u00fc\u00dfen Objekte balancieren und wirbeln lassen. Ihre Darbietung, geschm\u00fcckt mit tausenden Kristallen, ist zugleich kraftvoll und elegant \u2013 ein buchst\u00e4blich funkelnder H\u00f6hepunkt.<\/p>\n<p class=\"dm-paragraph my-8 dm-article-content-width\" index=\"8\" should-collapse-on-mobile=\"true\" has-padding=\"\" data-v-586984a4=\"\">Das Sch\u00f6nste an dieser Jubil\u00e4umsausgabe ist jedoch, wie Alles nahtlos ineinandergreift: Musik, Licht, Tanz und Akrobatik verschmelzen zu einem stimmigen Gesamterlebnis. Das ist die Handschrift der im Zirkus geborenen und gro\u00df gewordenen Katja Smitt: Menschen etwas erleben zu lassen, wovon sie nicht wussten, dass sie es f\u00fchlen k\u00f6nnen.<\/p>\n<p><a href=\"https:\/\/koelner-weihnachtscircus.de\/\" rel=\"nofollow noopener\" target=\"_blank\" data-content-swbutton=\"\" class=\"call-to-action dm-inContentButton\" data-v-2537a4b0=\"\">Jetzt Tickets sichern \u2794<\/a><\/p>\n<p class=\"dm-paragraph my-8 dm-article-content-width\" index=\"10\" should-collapse-on-mobile=\"true\" has-padding=\"\" data-v-586984a4=\"\">Nach zehn Jahren ist der K\u00f6lner Weihnachtscircus zu einer Tradition geworden, auf welche die Stadt stolz sein darf. Diese Jubil\u00e4umsausgabe beweist eindrucksvoll, dass K\u00f6ln um eine Attraktion von echter Weltklasse reicher ist.<\/p>\n<p class=\"dm-paragraph my-8 dm-article-content-width\" index=\"12\" should-collapse-on-mobile=\"true\" has-padding=\"\" data-v-586984a4=\"\">Noch bis zum 04. Januar haben Sie die M\u00f6glichkeit, die Jubil\u00e4umsausgabe des K\u00f6lner Weihnachtscircus zu erleben. Sichern Sie sich jetzt Ihre Tickets!<\/p>\n<p><img decoding=\"async\" width=\"4000\" height=\"2250\" alt=\"Bild vom Palastzeltstadt des K\u00f6lner Weihnachtscircus an der Zoobr\u00fccke von oben\" loading=\"lazy\" onerror=\"this.setAttribute('data-error', 1)\" class=\"current-image dm-figure__image dm-figure__image--undefined undefined\" data-nuxt-pic=\"\" src=\"https:\/\/www.europesays.com\/de\/wp-content\/uploads\/2025\/12\/a309d272-1dab-4f8c-a127-f201ac32958f.jpeg\"  \/><\/p>\n<p class=\"dm-figure__subline\" data-v-b90b7bba=\"\">Das Palastzeltstadt des K\u00f6lner Weihnachtscircus an der Zoobr\u00fccke<\/p>\n<p class=\"dm-figure__copyright\" data-v-b90b7bba=\"\">Copyright: blickausloeser<\/p>\n<p class=\"dm-paragraph my-8 dm-article-content-width\" index=\"14\" should-collapse-on-mobile=\"true\" has-padding=\"\" data-v-586984a4=\"\">Tickets und weitere Informationen unter<b> www.koelner-weihnachtscircus.de<\/b><\/p>\n","protected":false},"excerpt":{"rendered":"Smitt exklusiv zu EXPRESS: \u201eIch suche nicht einfach die besten Artisten; sie m\u00fcssen offen sein f\u00fcr etwas Gr\u00f6\u00dferes&hellip;\n","protected":false},"author":2,"featured_media":632118,"comment_status":"","ping_status":"","sticky":false,"template":"","format":"standard","meta":{"footnotes":""},"categories":[1828],"tags":[29,30,1420,1209],"class_list":{"0":"post-632117","1":"post","2":"type-post","3":"status-publish","4":"format-standard","5":"has-post-thumbnail","7":"category-koeln","8":"tag-deutschland","9":"tag-germany","10":"tag-koeln","11":"tag-nordrhein-westfalen"},"share_on_mastodon":{"url":"https:\/\/pubeurope.com\/@de\/115683739699481052","error":""},"_links":{"self":[{"href":"https:\/\/www.europesays.com\/de\/wp-json\/wp\/v2\/posts\/632117","targetHints":{"allow":["GET"]}}],"collection":[{"href":"https:\/\/www.europesays.com\/de\/wp-json\/wp\/v2\/posts"}],"about":[{"href":"https:\/\/www.europesays.com\/de\/wp-json\/wp\/v2\/types\/post"}],"author":[{"embeddable":true,"href":"https:\/\/www.europesays.com\/de\/wp-json\/wp\/v2\/users\/2"}],"replies":[{"embeddable":true,"href":"https:\/\/www.europesays.com\/de\/wp-json\/wp\/v2\/comments?post=632117"}],"version-history":[{"count":0,"href":"https:\/\/www.europesays.com\/de\/wp-json\/wp\/v2\/posts\/632117\/revisions"}],"wp:featuredmedia":[{"embeddable":true,"href":"https:\/\/www.europesays.com\/de\/wp-json\/wp\/v2\/media\/632118"}],"wp:attachment":[{"href":"https:\/\/www.europesays.com\/de\/wp-json\/wp\/v2\/media?parent=632117"}],"wp:term":[{"taxonomy":"category","embeddable":true,"href":"https:\/\/www.europesays.com\/de\/wp-json\/wp\/v2\/categories?post=632117"},{"taxonomy":"post_tag","embeddable":true,"href":"https:\/\/www.europesays.com\/de\/wp-json\/wp\/v2\/tags?post=632117"}],"curies":[{"name":"wp","href":"https:\/\/api.w.org\/{rel}","templated":true}]}}