{"id":632123,"date":"2025-12-08T11:37:15","date_gmt":"2025-12-08T11:37:15","guid":{"rendered":"https:\/\/www.europesays.com\/de\/632123\/"},"modified":"2025-12-08T11:37:15","modified_gmt":"2025-12-08T11:37:15","slug":"muenchen-eberl-zapft-ungewoehnliche-quelle-an-sporting-ist-gut","status":"publish","type":"post","link":"https:\/\/www.europesays.com\/de\/632123\/","title":{"rendered":"M\u00fcnchen | Eberl zapft ungew\u00f6hnliche Quelle an: \u00abSporting ist gut\u00bb"},"content":{"rendered":"<p>M\u00fcnchen (dpa) &#8211; Bei seinen intensiven Recherchen \u00fcber Sporting Lissabon zapfte Max Eberl auch eine ungew\u00f6hnliche Quelle an. Der Sportvorstand des FC Bayern nutzte die Gelegenheit, um sich nach der pr\u00e4chtigen M\u00fcnchner 5:0-Generalprobe beim VfB Stuttgart bei Schiedsrichter Tobias Stieler einen Form-Check \u00fcber Portugals Fu\u00dfball-Meister einzuholen.\u00a0<\/p>\n<p>\u00abSporting ist gut\u00bb, lautet sp\u00e4testens seitdem Eberls Einsch\u00e4tzung des Champions-League-Gegners am fr\u00fchen Dienstagabend (18.45 Uhr\/DAZN) in der Allianz Arena. \u00abIch habe ehrlicherweise mit dem Schiedsrichter dar\u00fcber gesprochen, weil der Herr Stieler Sporting gegen Br\u00fcgge gepfiffen hat\u00bb, verriet Eberl, als er zur Einordnung des Gegners befragt wurde. Was er vom direkt beteiligten Augenzeugen Stieler angesichts des 3:0-Heimsieges der Portugiesen erfuhr, \u00fcberraschte Bayerns Sportchef aber nicht wirklich.\u00a0<\/p>\n<p>\u00abEr hat schon gesagt, dass das eine sehr, sehr gute Truppe ist\u00bb, sagte Eberl. \u00abDas h\u00e4tte ich jetzt nicht gebraucht. Aber es ist noch mal die Best\u00e4tigung dessen, was man so f\u00fchlt\u00bb, meinte Bayerns Sportvorstand. Und das Gef\u00fchl sei, \u00abdass Sporting einfach eine sehr gute Mannschaft hat\u00bb.\u00a0<\/p>\n<p>\u00abImmer Vollgas\u00bb<\/p>\n<p>Gut ja. Aber auch gut genug, um zum Stolperstein f\u00fcr die Bayern zu werden, die es sich mal eben in Stuttgart erlauben k\u00f6nnen, etliche Topspieler wie Drei-Tore-Joker Harry Kane ganz oder teilweise f\u00fcr die Champions League zu schonen? Der Engl\u00e4nder wird gegen Sporting wie Torwart Manuel Neuer, Jonathan Tah oder Serge Gnabry wieder in der Startelf erwartet &#8211; frisch und hungrig.\u00a0<\/p>\n<p>\u00abImmer Vollgas\u00bb &#8211; dieses Motto kann Trainer Vincent Kompany dank einer planvollen Rotation auch im Jahresendspurt konsequent fortf\u00fchren. Noch drei Partien stehen 2025 im Spielplan. Und die wichtigste ist die Sporting-Aufgabe.\u00a0<\/p>\n<p>In der Bundesliga werden die M\u00fcnchner &#8211; unabh\u00e4ngig vom Ausgang der ausstehenden zwei Partien gegen Mainz und in Heidenheim &#8211; als Erster in die kurze Winterpause gehen. Auch im DFB-Pokal \u00fcberwintern sie; f\u00fcrs Viertelfinale bekamen sie am Sonntagabend ein Heimspiel gegen RB Leipzig zugelost.\u00a0<\/p>\n<p>In Europas K\u00f6nigsklasse aber geht es noch darum, am sechsten Vorrunden-Spieltag mit dem f\u00fcnften Sieg einen vorentscheidenden Schritt zum direkten Einzug in das Achtelfinale zu machen. Eine zus\u00e4tzliche Playoff-Runde im Februar soll &#8211; im Gegensatz zur vergangenen Saison &#8211; unbedingt vermieden werden.<\/p>\n<p>Top 8 ganz nahe kommen<\/p>\n<p>\u00abWenn wir gewinnen, bringt uns das nahe der direkten Top-8-Qualifikation. Das ist unser Ziel\u00bb, sagte Torj\u00e4ger Kane. Kompanys Hochrechnung f\u00fcr eine sichere Achtelfinal-Teilnahme lauteten von Anfang an 18 Punkte. Bei der Premiere des neuen Vorrunden-Formates reichten in der vergangenen Spielzeit sogar 16.<\/p>\n<p>Kane m\u00f6chte sich jede Rechnerei ersparen. \u00abDrei Spiele haben wir noch, das Ziel ist, alle drei zu gewinnen\u00bb, sagte der Engl\u00e4nder zum machbaren Programm mit den Heimspielen gegen Sporting und Royale Union St. Gilloise aus Belgien sowie dem Abschluss-Trip in die Niederlande zur PSV Eindhoven.\u00a0<\/p>\n<p>Das positive Urteil von Schiri Stieler \u00fcber Sporting spiegelt sich auch in der Tabelle wider. Das spielstarke Team von Trainer Rui Borges mit Offensivk\u00f6nnern wie Pedro Goncalves, Trincao oder Luis Su\u00e1rez ist Achter und hat nur zwei Punkte weniger als die Bayern. Diese m\u00fcssen wie schon beim 1:3 gegen Arsenal noch einmal ohne Luis D\u00edaz auskommen, dessen Rot-Sperre aus dem Spiel bei Paris Saint-Germain inzwischen aber von drei auf zwei Partien reduziert wurde.<\/p>\n<p>Schreibt Karl weiter Geschichte?<\/p>\n<p>Das Fehlen des Kolumbianers schafft Platz in der Offensive. F\u00fcr Lennart Karl? Der Jungstar h\u00e4tte bei einem Einsatz die Chance, weiter Geschichte in Europas K\u00f6nigsklasse zu schreiben. Der 17-J\u00e4hrige traf beim 4:0 gegen Br\u00fcgge und auch vor zwei Wochen beim 1:3 in London gegen Arsenal. Jetzt k\u00f6nnte Karl zum j\u00fcngsten Akteur werden, der in drei aufeinanderfolgenden Partien trifft.<\/p>\n","protected":false},"excerpt":{"rendered":"M\u00fcnchen (dpa) &#8211; Bei seinen intensiven Recherchen \u00fcber Sporting Lissabon zapfte Max Eberl auch eine ungew\u00f6hnliche Quelle an.&hellip;\n","protected":false},"author":2,"featured_media":632124,"comment_status":"","ping_status":"","sticky":false,"template":"","format":"standard","meta":{"footnotes":""},"categories":[1827],"tags":[772,468,29,458,347,30,1268,7118,76367],"class_list":{"0":"post-632123","1":"post","2":"type-post","3":"status-publish","4":"format-standard","5":"has-post-thumbnail","7":"category-muenchen","8":"tag-bayern","9":"tag-champions-league","10":"tag-deutschland","11":"tag-fc-bayern-muenchen","12":"tag-fussball","13":"tag-germany","14":"tag-muenchen","15":"tag-portugal","16":"tag-sporting-lissabon"},"share_on_mastodon":{"url":"https:\/\/pubeurope.com\/@de\/115683750330493253","error":""},"_links":{"self":[{"href":"https:\/\/www.europesays.com\/de\/wp-json\/wp\/v2\/posts\/632123","targetHints":{"allow":["GET"]}}],"collection":[{"href":"https:\/\/www.europesays.com\/de\/wp-json\/wp\/v2\/posts"}],"about":[{"href":"https:\/\/www.europesays.com\/de\/wp-json\/wp\/v2\/types\/post"}],"author":[{"embeddable":true,"href":"https:\/\/www.europesays.com\/de\/wp-json\/wp\/v2\/users\/2"}],"replies":[{"embeddable":true,"href":"https:\/\/www.europesays.com\/de\/wp-json\/wp\/v2\/comments?post=632123"}],"version-history":[{"count":0,"href":"https:\/\/www.europesays.com\/de\/wp-json\/wp\/v2\/posts\/632123\/revisions"}],"wp:featuredmedia":[{"embeddable":true,"href":"https:\/\/www.europesays.com\/de\/wp-json\/wp\/v2\/media\/632124"}],"wp:attachment":[{"href":"https:\/\/www.europesays.com\/de\/wp-json\/wp\/v2\/media?parent=632123"}],"wp:term":[{"taxonomy":"category","embeddable":true,"href":"https:\/\/www.europesays.com\/de\/wp-json\/wp\/v2\/categories?post=632123"},{"taxonomy":"post_tag","embeddable":true,"href":"https:\/\/www.europesays.com\/de\/wp-json\/wp\/v2\/tags?post=632123"}],"curies":[{"name":"wp","href":"https:\/\/api.w.org\/{rel}","templated":true}]}}