{"id":632193,"date":"2025-12-08T12:19:12","date_gmt":"2025-12-08T12:19:12","guid":{"rendered":"https:\/\/www.europesays.com\/de\/632193\/"},"modified":"2025-12-08T12:19:12","modified_gmt":"2025-12-08T12:19:12","slug":"ihk-praesident-henner-pasch-zeigt-sich-persoenlich","status":"publish","type":"post","link":"https:\/\/www.europesays.com\/de\/632193\/","title":{"rendered":"IHK-Pr\u00e4sident Henner Pasch zeigt sich pers\u00f6nlich"},"content":{"rendered":"<p class=\"text_ohne_einzug richtext text-em-55 !leading-serif mx-6 desktop:mx-0\">Am Freitagabend konnten die Cronenberger in der Gespr\u00e4chsreihe \u201ePortrait\u201c, die von Martin Fleu\u00df und Martin Probach im Gemeindehaus in Cronenberg-K\u00fcllenhahn organisiert wird, Henner Pasch, den Pr\u00e4sidenten der Bergischen Industrie- und Handelskammer Wuppertal-Solingen-Remscheid (Bergische IHK) sowohl als leidenschaftlichen Verfechter von wirtschaftlichen Interessen als auch als eine zutiefst leidenschaftliche und selbstironische Pers\u00f6nlichkeit kennenlernen.<\/p>\n","protected":false},"excerpt":{"rendered":"Am Freitagabend konnten die Cronenberger in der Gespr\u00e4chsreihe \u201ePortrait\u201c, die von Martin Fleu\u00df und Martin Probach im Gemeindehaus&hellip;\n","protected":false},"author":2,"featured_media":632194,"comment_status":"","ping_status":"","sticky":false,"template":"","format":"standard","meta":{"footnotes":""},"categories":[1840],"tags":[3364,29,149274,30,149275,43235,5665,30854,2562,20926,1209,40384,34598,149273,7223,4418],"class_list":{"0":"post-632193","1":"post","2":"type-post","3":"status-publish","4":"format-standard","5":"has-post-thumbnail","7":"category-wuppertal","8":"tag-de","9":"tag-deutschland","10":"tag-fleuss","11":"tag-germany","12":"tag-gespraechsreihe","13":"tag-henner","14":"tag-ihk","15":"tag-interessen","16":"tag-interessenvertretung","17":"tag-martin","18":"tag-nordrhein-westfalen","19":"tag-pasch","20":"tag-portrait","21":"tag-probach","22":"tag-solingen","23":"tag-wuppertal"},"share_on_mastodon":{"url":"https:\/\/pubeurope.com\/@de\/115683915482779235","error":""},"_links":{"self":[{"href":"https:\/\/www.europesays.com\/de\/wp-json\/wp\/v2\/posts\/632193","targetHints":{"allow":["GET"]}}],"collection":[{"href":"https:\/\/www.europesays.com\/de\/wp-json\/wp\/v2\/posts"}],"about":[{"href":"https:\/\/www.europesays.com\/de\/wp-json\/wp\/v2\/types\/post"}],"author":[{"embeddable":true,"href":"https:\/\/www.europesays.com\/de\/wp-json\/wp\/v2\/users\/2"}],"replies":[{"embeddable":true,"href":"https:\/\/www.europesays.com\/de\/wp-json\/wp\/v2\/comments?post=632193"}],"version-history":[{"count":0,"href":"https:\/\/www.europesays.com\/de\/wp-json\/wp\/v2\/posts\/632193\/revisions"}],"wp:featuredmedia":[{"embeddable":true,"href":"https:\/\/www.europesays.com\/de\/wp-json\/wp\/v2\/media\/632194"}],"wp:attachment":[{"href":"https:\/\/www.europesays.com\/de\/wp-json\/wp\/v2\/media?parent=632193"}],"wp:term":[{"taxonomy":"category","embeddable":true,"href":"https:\/\/www.europesays.com\/de\/wp-json\/wp\/v2\/categories?post=632193"},{"taxonomy":"post_tag","embeddable":true,"href":"https:\/\/www.europesays.com\/de\/wp-json\/wp\/v2\/tags?post=632193"}],"curies":[{"name":"wp","href":"https:\/\/api.w.org\/{rel}","templated":true}]}}