{"id":632383,"date":"2025-12-08T14:14:12","date_gmt":"2025-12-08T14:14:12","guid":{"rendered":"https:\/\/www.europesays.com\/de\/632383\/"},"modified":"2025-12-08T14:14:12","modified_gmt":"2025-12-08T14:14:12","slug":"nordderby-ist-gewinn-fuer-die-bundesliga","status":"publish","type":"post","link":"https:\/\/www.europesays.com\/de\/632383\/","title":{"rendered":"Nordderby ist Gewinn f\u00fcr die Bundesliga"},"content":{"rendered":"<p class=\"font-bold text-18 leading-17\">Viele Emotionen und ein sp\u00e4tes Siegtor: Der HSV gewinnt ein mitrei\u00dfendes Spiel gegen Werder Bremen. Das Nordderby hat der Bundesliga sp\u00fcrbar gefehlt.<\/p>\n<p class=\"text-18 leading-17\">Kampf, Tore, Leidenschaft, Drama, Emotionen und zwei Fanlager, die alles geben: Das 109. Bundesliga-Nordderby hat genau das geboten, was ein gutes Fu\u00dfballspiel ausmacht. Es hat diese Geschichten geschrieben, die nur der Fu\u00dfball hervorbringt. Auch neutrale Zuschauer kamen voll auf ihre Kosten. Das Nordderby ist zur\u00fcck auf der gro\u00dfen B\u00fchne \u2013 ein Geschenk f\u00fcr die Bundesliga und ein Beleg daf\u00fcr, was Fu\u00dfball emotional bewegen kann.<\/p>\n<p class=\"text-18 leading-17\">Wie viel dieses Duell den Hamburgern bedeutet, zeigte sich bereits lange vor dem Anpfiff: 5.000 Fans empfingen ihren <a class=\"transition-colors duration-200 cursor-pointer text-inherit no-underline text-salemsfur md:hover:text-magenta md:hover:border-magenta md:focus:text-magenta border-current border-b border-solid break-words\" href=\"https:\/\/www.t-online.de\/themen\/hsv\/\" data-sctrack=\"BodyAnchor\" rel=\"nofollow noopener\" target=\"_blank\">HSV<\/a> am Volksparkstadion. Die Mannschaft stieg aus dem Bus, lief die letzten Meter durch ein Spalier aus Ges\u00e4ngen, Fahnen und Bengalos \u2013 ein erster G\u00e4nsehautmoment, vom Trainerteam gemeinsam mit der Fanszene als \u00dcberraschung vorbereitet.<\/p>\n<p class=\"text-18 leading-17\">Aber auch Werder meldete sich fr\u00fch stimmungsvoll in der Stadt. Bereits am Vormittag sammelten sich unz\u00e4hlige Bremer Fans an den Landungsbr\u00fccken. MIttags zogen mehr als 2.000 Werder-Unterst\u00fctzer vom S-Bahnhof Othmarschen aus zum Stadion, sangen sich lautstark ein und machten klar, dass sie unbedingt als Derbysieger zur\u00fcckfahren wollten.<\/p>\n<p class=\"text-18 leading-17\">Das Geschehen auf dem Rasen stand dem leidenschaftlichen Drumherum in nichts nach. Die Partie war mitrei\u00dfend, intensiv und reich an besonderen Momenten. Luka Vu\u0161kovi\u0107 erzielte einen spektakul\u00e4ren Hackentreffer \u2013 mit dem R\u00fccken zum Tor stehend und mit &#8222;Tor des Jahres&#8220;-Potenzial. Yussuf Poulsen traf kurz nach seiner Einwechslung zum 3:2, sein erstes Tor \u00fcberhaupt f\u00fcr den HSV.<\/p>\n","protected":false},"excerpt":{"rendered":"Viele Emotionen und ein sp\u00e4tes Siegtor: Der HSV gewinnt ein mitrei\u00dfendes Spiel gegen Werder Bremen. Das Nordderby hat&hellip;\n","protected":false},"author":2,"featured_media":632384,"comment_status":"","ping_status":"","sticky":false,"template":"","format":"standard","meta":{"footnotes":"","_share_on_mastodon":"0"},"categories":[1824],"tags":[3175,2420,12756,3364,29,149315,485,30,692,3150,5075,40828,440,16678,2365,8841],"class_list":["post-632383","post","type-post","status-publish","format-standard","has-post-thumbnail","category-bremen","tag-3175","tag-bremen","tag-daniel-heuer","tag-de","tag-deutschland","tag-dino-hermann","tag-fussball-bundesliga","tag-germany","tag-hamburg","tag-hamburger-sv","tag-hsv","tag-nicolai-remberg","tag-norddeutschland","tag-othmarschen","tag-sv-werder-bremen","tag-yussuf-poulsen"],"share_on_mastodon":{"url":"https:\/\/pubeurope.com\/@de\/115684367683725291","error":""},"_links":{"self":[{"href":"https:\/\/www.europesays.com\/de\/wp-json\/wp\/v2\/posts\/632383","targetHints":{"allow":["GET"]}}],"collection":[{"href":"https:\/\/www.europesays.com\/de\/wp-json\/wp\/v2\/posts"}],"about":[{"href":"https:\/\/www.europesays.com\/de\/wp-json\/wp\/v2\/types\/post"}],"author":[{"embeddable":true,"href":"https:\/\/www.europesays.com\/de\/wp-json\/wp\/v2\/users\/2"}],"replies":[{"embeddable":true,"href":"https:\/\/www.europesays.com\/de\/wp-json\/wp\/v2\/comments?post=632383"}],"version-history":[{"count":0,"href":"https:\/\/www.europesays.com\/de\/wp-json\/wp\/v2\/posts\/632383\/revisions"}],"wp:featuredmedia":[{"embeddable":true,"href":"https:\/\/www.europesays.com\/de\/wp-json\/wp\/v2\/media\/632384"}],"wp:attachment":[{"href":"https:\/\/www.europesays.com\/de\/wp-json\/wp\/v2\/media?parent=632383"}],"wp:term":[{"taxonomy":"category","embeddable":true,"href":"https:\/\/www.europesays.com\/de\/wp-json\/wp\/v2\/categories?post=632383"},{"taxonomy":"post_tag","embeddable":true,"href":"https:\/\/www.europesays.com\/de\/wp-json\/wp\/v2\/tags?post=632383"}],"curies":[{"name":"wp","href":"https:\/\/api.w.org\/{rel}","templated":true}]}}