{"id":632975,"date":"2025-12-08T19:55:24","date_gmt":"2025-12-08T19:55:24","guid":{"rendered":"https:\/\/www.europesays.com\/de\/632975\/"},"modified":"2025-12-08T19:55:24","modified_gmt":"2025-12-08T19:55:24","slug":"was-machen-guenther-und-hindrich-auf-dem-freiberger-christmarkt","status":"publish","type":"post","link":"https:\/\/www.europesays.com\/de\/632975\/","title":{"rendered":"Was machen G\u00fcnther und Hindrich auf dem Freiberger Christmarkt?"},"content":{"rendered":"<p class=\"bold\">\n\t\t\t\t\t\t\t\t\t\tMit ihren grellen Jacken und schrulligen H\u00fcten fallen die beiden unter den anderen Marktbesuchern auf.\t\t\t\t<\/p>\n<p>\t\t\t\t Am Montagabend standen zwei ungew\u00f6hnliche Gestalten auf dem Freiberger Christmarkt am Handbrotstand von Steffen Parchmann. Mit Schirmm\u00fctze und Fliegerbrille gr\u00fc\u00dfen G\u00fcnther und Hindrich die G\u00e4ste am Stand in heftigem s\u00e4chsisch. Eigentlich hei\u00dfen die beiden Dresdner Johannes K\u00fcrschner und Franz M\u00fcller. Seit ihrem Studium in Mittweida sind&#8230;<\/p>\n<p>\t\t<img decoding=\"async\" class=\"fp-plus-logo\" src=\"https:\/\/www.freiepresse.de\/img\/fpplus.svg\" alt=\"Freie Presse plus Logo\"\/><\/p>\n<p>Registrieren und testen.<\/p>\n<p>Jetzt mit Ihrer Registrierung 1 Monat gratis testen und alle Beitr\u00e4ge lesen.<\/p>\n<p>Schon Abonnent? Melden Sie sich mit ihren Zugangsdaten an.<\/p>\n","protected":false},"excerpt":{"rendered":"Mit ihren grellen Jacken und schrulligen H\u00fcten fallen die beiden unter den anderen Marktbesuchern auf. Am Montagabend standen&hellip;\n","protected":false},"author":2,"featured_media":632976,"comment_status":"","ping_status":"","sticky":false,"template":"","format":"standard","meta":{"footnotes":""},"categories":[1835],"tags":[3364,29,2386,30,7504,859],"class_list":{"0":"post-632975","1":"post","2":"type-post","3":"status-publish","4":"format-standard","5":"has-post-thumbnail","7":"category-dresden","8":"tag-de","9":"tag-deutschland","10":"tag-dresden","11":"tag-germany","12":"tag-museen-theater-buehne-ausstellungen","13":"tag-sachsen"},"share_on_mastodon":{"url":"https:\/\/pubeurope.com\/@de\/115685708665000317","error":""},"_links":{"self":[{"href":"https:\/\/www.europesays.com\/de\/wp-json\/wp\/v2\/posts\/632975","targetHints":{"allow":["GET"]}}],"collection":[{"href":"https:\/\/www.europesays.com\/de\/wp-json\/wp\/v2\/posts"}],"about":[{"href":"https:\/\/www.europesays.com\/de\/wp-json\/wp\/v2\/types\/post"}],"author":[{"embeddable":true,"href":"https:\/\/www.europesays.com\/de\/wp-json\/wp\/v2\/users\/2"}],"replies":[{"embeddable":true,"href":"https:\/\/www.europesays.com\/de\/wp-json\/wp\/v2\/comments?post=632975"}],"version-history":[{"count":0,"href":"https:\/\/www.europesays.com\/de\/wp-json\/wp\/v2\/posts\/632975\/revisions"}],"wp:featuredmedia":[{"embeddable":true,"href":"https:\/\/www.europesays.com\/de\/wp-json\/wp\/v2\/media\/632976"}],"wp:attachment":[{"href":"https:\/\/www.europesays.com\/de\/wp-json\/wp\/v2\/media?parent=632975"}],"wp:term":[{"taxonomy":"category","embeddable":true,"href":"https:\/\/www.europesays.com\/de\/wp-json\/wp\/v2\/categories?post=632975"},{"taxonomy":"post_tag","embeddable":true,"href":"https:\/\/www.europesays.com\/de\/wp-json\/wp\/v2\/tags?post=632975"}],"curies":[{"name":"wp","href":"https:\/\/api.w.org\/{rel}","templated":true}]}}