{"id":633220,"date":"2025-12-08T22:26:13","date_gmt":"2025-12-08T22:26:13","guid":{"rendered":"https:\/\/www.europesays.com\/de\/633220\/"},"modified":"2025-12-08T22:26:13","modified_gmt":"2025-12-08T22:26:13","slug":"fc-vergangenheit-augsburg-soll-favorit-fuer-wagner-nachfolge-haben","status":"publish","type":"post","link":"https:\/\/www.europesays.com\/de\/633220\/","title":{"rendered":"FC-Vergangenheit: Augsburg soll Favorit f\u00fcr Wagner-Nachfolge haben"},"content":{"rendered":"<p class=\"dm-paragraph my-8 dm-article-content-width\" index=\"0\" should-collapse-on-mobile=\"true\" has-padding=\"\" data-v-586984a4=\"\">Der FC Augsburg ist nach der Entlassung von Sandro Wagner auf der Suche nach einem neuen Cheftrainer. \u00dcbergangsweise hat Manuel Baum den Posten \u00fcbernommen, dessen Engagement soll nach aktuellem Stand aber nur bis zur Winterpause andauern.<\/p>\n<p class=\"dm-paragraph my-8 dm-article-content-width\" index=\"1\" should-collapse-on-mobile=\"true\" has-padding=\"\" data-v-586984a4=\"\">Wie <a href=\"https:\/\/www.sport1.de\/news\/fussball\/bundesliga\/2025\/12\/der-fc-augsburg-hat-jetzt-den-nachsten-prominenten-coach-im-auge\" target=\"_blank\" rel=\"nofollow noopener\">\u201eSport1\u201c<\/a> jetzt berichtet, soll ein ehemaliger <a href=\"https:\/\/www.express.de\/themen\/fussball-bundesliga\" target=\"_blank\" rel=\"noopener\">Bundesliga<\/a>-Trainer der gro\u00dfe Favorit auf die Wagner-Nachfolge sein. Demnach ist Ralph Hasenh\u00fcttl der Wunschkandidat der FCA-Verantwortlichen.<\/p>\n<p>Auch Interimstrainer Baum mit Chancen?<\/p>\n<p class=\"dm-paragraph my-8 dm-article-content-width\" index=\"3\" should-collapse-on-mobile=\"true\" has-padding=\"\" data-v-586984a4=\"\">Sportdirektor Benjamin Weber treibt eine Verpflichtung des 58-J\u00e4hrigen, der als Profi auch zwei Jahre f\u00fcr den <a target=\"_blank\" href=\"https:\/\/www.express.de\/sport\/fussball\/1-fc-koeln\" rel=\"noopener\">1. FC K\u00f6ln<\/a> gespielt hatte, demnach aktuell voran.<\/p>\n<p class=\"dm-paragraph my-8 dm-article-content-width\" index=\"4\" should-collapse-on-mobile=\"true\" has-padding=\"\" data-v-586984a4=\"\">Der \u00f6sterreichische \u00dcbungsleiter stand zuletzt beim VfL Wolfsburg unter Vertrag, Anfang Mai dieses Jahres musste er zwei Spieltage vor Schluss aber gehen.<\/p>\n<p class=\"dm-paragraph my-8 dm-article-content-width\" index=\"5\" should-collapse-on-mobile=\"true\" has-padding=\"\" data-v-586984a4=\"\"><b>Hasenh\u00fcttls Parallele zu Ex-FCA-Coach Wagner: Beide starteten ihre Trainerkarrieren bei der SpVgg Unterhaching. Danach ging es f\u00fcr den \u00d6sterreicher zum VfR Aalen, den FC Ingolstadt f\u00fchrte er dann in die Bundesliga, bevor er sich bei <a href=\"https:\/\/www.express.de\/themen\/rb-leipzig\" target=\"_blank\" rel=\"noopener\">RB Leipzig<\/a> und dem FC Southampton in England probierte.<\/b><\/p>\n<p class=\"dm-paragraph my-8 dm-article-content-width\" index=\"6\" should-collapse-on-mobile=\"true\" has-padding=\"\" data-v-586984a4=\"\">In der Fuggerstadt gibt es aber auch noch eine andere \u00dcberlegung! Auch Interimstrainer Baum, der mit FCA am Samstag \u00fcberraschend mit 2:0 gegen Bayer Leverkusen gewann, darf sich Hoffnungen machen.<\/p>\n<p class=\"dm-paragraph my-8 dm-article-content-width\" index=\"8\" should-collapse-on-mobile=\"true\" has-padding=\"\" data-v-586984a4=\"\">Da der 46-J\u00e4hrige beim Augsburger Publikum sehr beliebt ist, werden ihm ebenfalls Chancen auf den Cheftrainerposten einger\u00e4umt. Daf\u00fcr m\u00fcsste sich Baum allerdings erst bereit erkl\u00e4ren, den Job \u00fcber die Winterpause hinaus fortf\u00fchren zu wollen.<\/p>\n<p class=\"dm-paragraph my-8 dm-article-content-width\" index=\"9\" should-collapse-on-mobile=\"true\" has-padding=\"\" data-v-586984a4=\"\">Gesch\u00e4ftsf\u00fchrer Michael Str\u00f6ll erkl\u00e4rte dazu am Sonntag im Sport1-\u201e<a href=\"https:\/\/www.express.de\/themen\/doppelpass\" target=\"_blank\" rel=\"noopener\">Doppelpass<\/a>\u201c, der Plan sei \u201esehr, sehr eindeutig: dass er es bis Weihnachten macht.\u201c Ein Hintert\u00fcrchen f\u00fcr Baum h\u00e4lt sich der Verein damit unter Umst\u00e4nden also weiterhin offen. (red)<\/p>\n<p class=\"dm-paragraph my-8 dm-article-content-width\" index=\"10\" should-collapse-on-mobile=\"true\" has-padding=\"\" data-v-586984a4=\"\">Dieser Inhalt wurde mit <a target=\"_blank\" href=\"https:\/\/www.express.de\/redaktion\/unsere-redaktionellen-richtlinien-fuer-den-umgang-mit-ki-597701\" rel=\"noopener\">Hilfe von KI<\/a> erstellt.<\/p>\n","protected":false},"excerpt":{"rendered":"Der FC Augsburg ist nach der Entlassung von Sandro Wagner auf der Suche nach einem neuen Cheftrainer. \u00dcbergangsweise&hellip;\n","protected":false},"author":2,"featured_media":633221,"comment_status":"","ping_status":"","sticky":false,"template":"","format":"standard","meta":{"footnotes":""},"categories":[1846],"tags":[680,772,3364,29,548,663,3934,30,13,14,15,12],"class_list":{"0":"post-633220","1":"post","2":"type-post","3":"status-publish","4":"format-standard","5":"has-post-thumbnail","7":"category-augsburg","8":"tag-augsburg","9":"tag-bayern","10":"tag-de","11":"tag-deutschland","12":"tag-eu","13":"tag-europa","14":"tag-europe","15":"tag-germany","16":"tag-headlines","17":"tag-nachrichten","18":"tag-news","19":"tag-schlagzeilen"},"share_on_mastodon":{"url":"https:\/\/pubeurope.com\/@de\/115686302576613795","error":""},"_links":{"self":[{"href":"https:\/\/www.europesays.com\/de\/wp-json\/wp\/v2\/posts\/633220","targetHints":{"allow":["GET"]}}],"collection":[{"href":"https:\/\/www.europesays.com\/de\/wp-json\/wp\/v2\/posts"}],"about":[{"href":"https:\/\/www.europesays.com\/de\/wp-json\/wp\/v2\/types\/post"}],"author":[{"embeddable":true,"href":"https:\/\/www.europesays.com\/de\/wp-json\/wp\/v2\/users\/2"}],"replies":[{"embeddable":true,"href":"https:\/\/www.europesays.com\/de\/wp-json\/wp\/v2\/comments?post=633220"}],"version-history":[{"count":0,"href":"https:\/\/www.europesays.com\/de\/wp-json\/wp\/v2\/posts\/633220\/revisions"}],"wp:featuredmedia":[{"embeddable":true,"href":"https:\/\/www.europesays.com\/de\/wp-json\/wp\/v2\/media\/633221"}],"wp:attachment":[{"href":"https:\/\/www.europesays.com\/de\/wp-json\/wp\/v2\/media?parent=633220"}],"wp:term":[{"taxonomy":"category","embeddable":true,"href":"https:\/\/www.europesays.com\/de\/wp-json\/wp\/v2\/categories?post=633220"},{"taxonomy":"post_tag","embeddable":true,"href":"https:\/\/www.europesays.com\/de\/wp-json\/wp\/v2\/tags?post=633220"}],"curies":[{"name":"wp","href":"https:\/\/api.w.org\/{rel}","templated":true}]}}