{"id":633927,"date":"2025-12-09T05:56:12","date_gmt":"2025-12-09T05:56:12","guid":{"rendered":"https:\/\/www.europesays.com\/de\/633927\/"},"modified":"2025-12-09T05:56:12","modified_gmt":"2025-12-09T05:56:12","slug":"borussia-moenchengladbach-moritz-nicolas-uebertrumpft-die-dfb-torhueter-sport","status":"publish","type":"post","link":"https:\/\/www.europesays.com\/de\/633927\/","title":{"rendered":"Borussia M\u00f6nchengladbach: Moritz Nicolas \u00fcbertrumpft die DFB-Torh\u00fcter | Sport"},"content":{"rendered":"<p>Gladbach liegt in der 5-Spiele-Tabelle der Bundesliga punktgleich mit Spitzenreiter Bayern auf Platz 2 <a href=\"https:\/\/www.bild.de\/sport\/fussball\/borussia-moenchengladbach-gladbach-ploetzlich-bayer-jaeger-nr-1-693590d6c0de97910a89cffc\" class=\"text-link\" target=\"_blank\" rel=\"noopener\">(BILD berichtete).<\/a><\/p>\n<p><b>Auch ein Verdienst von Borussias Nummer 1 Moritz Nicolas (28) \u2013 der kassierte in diesen f\u00fcnf Partien nur einen einzigen Treffer, hielt seine Kiste ansonsten sauber.<\/b><\/p>\n<p>Schiri kurz verwirrt: DFB-Star behindert M\u00fcnzwurf<a class=\"anchor video-teaser__anchor\" href=\"https:\/\/www.bild.de\/sport\/fussball\/schiri-kurz-verwirrt-dfb-star-behindert-muenzwurf-6936ee2bc3b4893a9e2b2300\" target=\"_blank\" rel=\"noopener\"><img decoding=\"async\" width=\"992\" height=\"558\" alt=\"\" src=\"https:\/\/www.europesays.com\/de\/wp-content\/uploads\/2025\/12\/b675917c0b16ccb5263348b6e1faeee7-landscape,63d8f9b8\"   class=\"landscape teaser__image\" loading=\"lazy\"\/><\/a><\/p>\n<p>Quelle: BILD\/DFL08.12.2025<\/p>\n<p><b>Und dieses Gegentor war auch noch ein Elfmeter in der Nachspielzeit beim 3:1-Derbysieg \u00fcber den 1. FC K\u00f6ln \u2026<\/b><\/p>\n<p>00-Nicolas mit nur einem Gegentor in diesen f\u00fcnf Partien der mit Abstand beste Keeper der Bundesliga \u2013 Leipzigs Peter Gulacsi (35) musste in diesem Zeitraum als zweitbester Torh\u00fcter immerhin viermal hinter sich greifen.<\/p>\n<p><b>Und noch ein weiterer Punkt spricht daf\u00fcr, dass Bundestrainer Julian Nagelsmann (38) Nicolas mal n\u00e4her beobachten sollte. Der DFB-Coach hatte zuletzt mit Oliver Baumann (35), Alexander N\u00fcbel (29), Finn Dahmen (27) und Noah Atubolu (23) gleich vier Torh\u00fcter nominiert \u2013 doch die \u00fcbertrumpft der Gladbach-Keeper auch in Sachen \u201eWei\u00dfe Weste\u201c.<\/b><\/p>\n<p>Mehr zum Thema<\/p>\n<p><b>Nicolas ist in der <\/b><a href=\"https:\/\/www.bild.de\/sport\/fussball\/bundesliga\/bundesliga-startseite-52368768.bild.html\" class=\"text-link\" target=\"_blank\" rel=\"noopener\"><b>Bundesliga <\/b><\/a><b>n\u00e4mlich momentan der Torwart mit den meisten \u201eZu-Null-Spielen\u201c: Sechsmal in 13 Spielen blieb er ohne Gegentor.<\/b><\/p>\n<p>Nur der Schweizer Gregor Kobel (BVB) und der Ungar Gulasci (jeweils 7) sind da noch besser. Die DFB-Keeper N\u00fcbel, Atubolu (jeweils viermal) sowie Baumann und Dahmen (jeweils nur zweimal) hielten ihre Kiste dagegen noch nicht so oft sauber. <b>Und kassierten in den letzten f\u00fcnf Partien deutlich mehr Treffer: Baumann 6, Dahmen 7, Atubolu 9 \u2013 und N\u00fcbel sogar 15!<\/b><\/p>\n<p><b>Fakt \u2013 den Traum vom Nationalteam hat der <\/b><a href=\"https:\/\/www.bild.de\/sport\/fussball\/borussia-moenchengladbach\/startseite-borussia-moenchengladbach-31074418.bild.html\" class=\"text-link\" target=\"_blank\" rel=\"noopener\"><b>Gladbach<\/b><\/a><b>-Torh\u00fcter zumindest noch nicht aufgegeben!<\/b><\/p>\n<p>Nicolas zuletzt im BILD-Interview auf die Frage, warum sein Name beim DFB bisher nicht f\u00e4llt: \u201eIch bin kein Fan davon, sich selbst ins Schaufenster zu stellen. Ich finde, man sollte sich auf seine eigene Leistung fokussieren \u2013 das ist der beste Weg. <b>Aber klar ist, dass nat\u00fcrlich jeder pers\u00f6nliche Ziele hat. F\u00fcr sein Land zu spielen, ist die gr\u00f6\u00dfte Ehre, die man haben kann.\u201c<\/b><\/p>\n","protected":false},"excerpt":{"rendered":"Gladbach liegt in der 5-Spiele-Tabelle der Bundesliga punktgleich mit Spitzenreiter Bayern auf Platz 2 (BILD berichtete). Auch ein&hellip;\n","protected":false},"author":2,"featured_media":633928,"comment_status":"","ping_status":"","sticky":false,"template":"","format":"standard","meta":{"footnotes":""},"categories":[1849],"tags":[68201,106109,815,149615,3364,1260,29,481,538,548,663,3934,30,13,4455,14,24705,15,40420,1209,22811,12,819,60287,45],"class_list":{"0":"post-633927","1":"post","2":"type-post","3":"status-publish","4":"format-standard","5":"has-post-thumbnail","7":"category-moenchengladbach","8":"tag-atubolu-noah","9":"tag-baumann-oliver","10":"tag-borussia-moenchengladbach","11":"tag-dahmen-finn","12":"tag-de","13":"tag-deutsche-nationalmannschaft","14":"tag-deutschland","15":"tag-dfb","16":"tag-erste-bundesliga","17":"tag-eu","18":"tag-europa","19":"tag-europe","20":"tag-germany","21":"tag-headlines","22":"tag-moenchengladbach","23":"tag-nachrichten","24":"tag-nagelsmann-julian","25":"tag-news","26":"tag-nicolas-moritz","27":"tag-nordrhein-westfalen","28":"tag-nuebel-alexander","29":"tag-schlagzeilen","30":"tag-sport-leuchtturm-essen","31":"tag-ter-stegen-marc-andre","32":"tag-texttospeech"},"share_on_mastodon":{"url":"https:\/\/pubeurope.com\/@de\/115688072071596915","error":""},"_links":{"self":[{"href":"https:\/\/www.europesays.com\/de\/wp-json\/wp\/v2\/posts\/633927","targetHints":{"allow":["GET"]}}],"collection":[{"href":"https:\/\/www.europesays.com\/de\/wp-json\/wp\/v2\/posts"}],"about":[{"href":"https:\/\/www.europesays.com\/de\/wp-json\/wp\/v2\/types\/post"}],"author":[{"embeddable":true,"href":"https:\/\/www.europesays.com\/de\/wp-json\/wp\/v2\/users\/2"}],"replies":[{"embeddable":true,"href":"https:\/\/www.europesays.com\/de\/wp-json\/wp\/v2\/comments?post=633927"}],"version-history":[{"count":0,"href":"https:\/\/www.europesays.com\/de\/wp-json\/wp\/v2\/posts\/633927\/revisions"}],"wp:featuredmedia":[{"embeddable":true,"href":"https:\/\/www.europesays.com\/de\/wp-json\/wp\/v2\/media\/633928"}],"wp:attachment":[{"href":"https:\/\/www.europesays.com\/de\/wp-json\/wp\/v2\/media?parent=633927"}],"wp:term":[{"taxonomy":"category","embeddable":true,"href":"https:\/\/www.europesays.com\/de\/wp-json\/wp\/v2\/categories?post=633927"},{"taxonomy":"post_tag","embeddable":true,"href":"https:\/\/www.europesays.com\/de\/wp-json\/wp\/v2\/tags?post=633927"}],"curies":[{"name":"wp","href":"https:\/\/api.w.org\/{rel}","templated":true}]}}