{"id":634143,"date":"2025-12-09T08:08:15","date_gmt":"2025-12-09T08:08:15","guid":{"rendered":"https:\/\/www.europesays.com\/de\/634143\/"},"modified":"2025-12-09T08:08:15","modified_gmt":"2025-12-09T08:08:15","slug":"stadt-errichtet-beheiztes-zelt-fuer-obdachlose-menschen","status":"publish","type":"post","link":"https:\/\/www.europesays.com\/de\/634143\/","title":{"rendered":"Stadt errichtet beheiztes Zelt f\u00fcr obdachlose Menschen"},"content":{"rendered":"<p>Winterhilfe am Hauptbahnhof <\/p>\n<p>D\u00fcsseldorf errichtet beheiztes Zelt f\u00fcr obdachlose Menschen<\/p>\n<p>09.12.2025 &#8211; 08:47 UhrLesedauer: 1 Min.<\/p>\n<p><a href=\"#focus-0\" class=\"transition-colors duration-200 block text-current relative\" data-sctrack=\"FocusGalleryImage.Reference\"><img fetchpriority=\"high\" data-testid=\"Opener.Image\" style=\"--lqipURL:url('https:\/\/images.t-online.de\/2025\/12\/asDj32jzdGq5\/0x209:4000x2250\/fit-in\/150x0\/filters:blur(25)\/image.jpg')\"   loading=\"eager\" src=\"https:\/\/www.europesays.com\/de\/wp-content\/uploads\/2025\/12\/1765267695_64_image.jpg\" alt=\"D\u00fcsseldorf - Der K\u00e4lteeinbruch ist lebensgef\u00e4hrlich f\u00fcr obdachlose\/wohnungslose Menschen - Gespr\u00e4ch mit betroffenen\" title=\"D\u00fcsseldorf - Der K\u00e4lteeinbruch ist lebensgef\u00e4hrlich f\u00fcr obdachlose\/wohnungslose Menschen - Gespr\u00e4ch mit betroffenen\" width=\"4000\" height=\"2250\" class=\"bg-[url:var(--lqipURL)] bg-cover bg-center flex h-full w-full max-w-full\" decoding=\"async\"\/><img style=\"--width:32;--height:32\" loading=\"lazy\" src=\"https:\/\/duesseldorf.t-online.de\/s\/paper\/_next\/static\/media\/zoom-in.f7dae02f.svg\" alt=\"Vergr\u00f6\u00dfern des Bildes\" title=\"Vergr\u00f6\u00dfern des Bildes\" class=\"block h-[calc(var(--height)_\/_16_*_1rem)] w-[calc(var(--width)_\/_16_*_1rem)] max-w-none absolute bottom-8 right-8 rounded-4 bg-snow p-8\" decoding=\"async\"\/><\/a><\/p>\n<p>Unterkunft f\u00fcr wohnungslose Menschen in D\u00fcsseldorf (Symbolbild): Die Stadt m\u00f6chte ihr Unterst\u00fctzungsangebot ausbauen. (Quelle: Imago\/Funke Foto Services\/imago-images-bilder)<\/p>\n<p class=\"font-bold text-18 leading-17\">Die Stadt baut ihre Unterst\u00fctzungsangebote rund um den Hauptbahnhof aus. Ab Dezember sollen zus\u00e4tzliche Aufenthaltsorte entstehen und bestehende Einrichtungen umstrukturiert werden.<\/p>\n<p class=\"text-18 leading-17\">D\u00fcsseldorf erweitert seine Hilfsangebote f\u00fcr Obdachlose im Bahnhofsumfeld. Dies geht aus einer Pressemitteilung der Stadtverwaltung hervor. Ab Samstag (13. Dezember) entsteht an der Moskauer Stra\u00dfe 23 ein beheiztes Aufenthaltszelt in Bahnhofsn\u00e4he. Das mit W\u00e4rmestrahlern ausgestattete Zelt springt ein, wenn andere Tagesaufenthalte \u00fcberf\u00fcllt sind.<\/p>\n<p class=\"text-18 leading-17\">Die Stadt baut zudem die Unterkunft an der Eisenstra\u00dfe zu einem Unterst\u00fctzungszentrum um. Dort sollen k\u00fcnftig gesch\u00fctzte Aufenthaltsbereiche, medizinische Beratung und Ruher\u00e4ume entstehen. Die bisherigen Bewohner ziehen in andere st\u00e4dtische Unterk\u00fcnfte um.<\/p>\n<p class=\"text-18 leading-17\">Die Ma\u00dfnahmen geh\u00f6ren zum Projekt &#8222;Sicherheit im Bahnhofsumfeld&#8220; (SiBu), das die Stadt seit September 2024 mit Polizei NRW und Bundespolizei betreibt. Laut Stadtverwaltung hat sich die Lage am Hauptbahnhof dadurch bereits verbessert. Das Quartiersmanagement wechselt von externer Betreuung in st\u00e4dtische Hand, um schneller handeln zu k\u00f6nnen. Die Container am Immermannhof verschwinden bis 9. Dezember.<\/p>\n<p class=\"text-18 leading-17\">Das SiBu-Projekt will f\u00fcr mehr Sicherheit, besseres Sicherheitsgef\u00fchl und h\u00f6here Aufenthaltsqualit\u00e4t sorgen. Die Kooperationsvereinbarung unterzeichneten im September 2024 Oberb\u00fcrgermeister Dr. Stephan Keller, Polizeipr\u00e4sidentin Miriam Brauns und der Vizepr\u00e4sident der Bundespolizeidirektion Sankt Augustin, Helge Scharfscheer.<\/p>\n","protected":false},"excerpt":{"rendered":"Winterhilfe am Hauptbahnhof D\u00fcsseldorf errichtet beheiztes Zelt f\u00fcr obdachlose Menschen 09.12.2025 &#8211; 08:47 UhrLesedauer: 1 Min. Unterkunft f\u00fcr&hellip;\n","protected":false},"author":2,"featured_media":634144,"comment_status":"","ping_status":"","sticky":false,"template":"","format":"standard","meta":{"footnotes":""},"categories":[1831],"tags":[722,17161,36751,41496,3364,29,3405,30,3601,149646,1209,149647,56613,149648,11891,140623,149649,32165],"class_list":{"0":"post-634143","1":"post","2":"type-post","3":"status-publish","4":"format-standard","5":"has-post-thumbnail","7":"category-duesseldorf","8":"tag-722","9":"tag-17161","10":"tag-aufenthaltsorte","11":"tag-bahnhofsumfeld","12":"tag-de","13":"tag-deutschland","14":"tag-duesseldorf","15":"tag-germany","16":"tag-hauptbahnhof","17":"tag-moskauer-strasse","18":"tag-nordrhein-westfalen","19":"tag-obdachlosenheim","20":"tag-obdachlosenunterkunft","21":"tag-obdachlosenwohnheim","22":"tag-obdachlosigkeit","23":"tag-unterstuetzungsangebot","24":"tag-wohnungslosenunterkunft","25":"tag-wohnungslosigkeit"},"share_on_mastodon":{"url":"https:\/\/pubeurope.com\/@de\/115688592135567140","error":""},"_links":{"self":[{"href":"https:\/\/www.europesays.com\/de\/wp-json\/wp\/v2\/posts\/634143","targetHints":{"allow":["GET"]}}],"collection":[{"href":"https:\/\/www.europesays.com\/de\/wp-json\/wp\/v2\/posts"}],"about":[{"href":"https:\/\/www.europesays.com\/de\/wp-json\/wp\/v2\/types\/post"}],"author":[{"embeddable":true,"href":"https:\/\/www.europesays.com\/de\/wp-json\/wp\/v2\/users\/2"}],"replies":[{"embeddable":true,"href":"https:\/\/www.europesays.com\/de\/wp-json\/wp\/v2\/comments?post=634143"}],"version-history":[{"count":0,"href":"https:\/\/www.europesays.com\/de\/wp-json\/wp\/v2\/posts\/634143\/revisions"}],"wp:featuredmedia":[{"embeddable":true,"href":"https:\/\/www.europesays.com\/de\/wp-json\/wp\/v2\/media\/634144"}],"wp:attachment":[{"href":"https:\/\/www.europesays.com\/de\/wp-json\/wp\/v2\/media?parent=634143"}],"wp:term":[{"taxonomy":"category","embeddable":true,"href":"https:\/\/www.europesays.com\/de\/wp-json\/wp\/v2\/categories?post=634143"},{"taxonomy":"post_tag","embeddable":true,"href":"https:\/\/www.europesays.com\/de\/wp-json\/wp\/v2\/tags?post=634143"}],"curies":[{"name":"wp","href":"https:\/\/api.w.org\/{rel}","templated":true}]}}