{"id":634251,"date":"2025-12-09T09:23:27","date_gmt":"2025-12-09T09:23:27","guid":{"rendered":"https:\/\/www.europesays.com\/de\/634251\/"},"modified":"2025-12-09T09:23:27","modified_gmt":"2025-12-09T09:23:27","slug":"china-und-deutschland-wollen-freien-handel-und-multilaterales-handelssystem-schuetzen_china-org-cn","status":"publish","type":"post","link":"https:\/\/www.europesays.com\/de\/634251\/","title":{"rendered":"China und Deutschland wollen freien Handel und multilaterales Handelssystem sch\u00fctzen_China.org.cn"},"content":{"rendered":"<p style=\"text-align: center; margin-bottom: 15px;\"><img decoding=\"async\" src=\"https:\/\/www.europesays.com\/de\/wp-content\/uploads\/2025\/12\/118218936_293faf52-0988-4e04-b64f-e843b3403b9e.jpg\" style=\"max-width:100%;\" \/><\/p>\n<p style=\"text-align: left; margin-bottom: 15px;\">Der chinesische Handelsminister Wang Wentao hat sich am Montag in Beijing mit dem deutschen Au\u00dfenminister Johann Wadephul getroffen. Beide Seiten versprachen, den freien Handel zu unterst\u00fctzen und das multilaterale Handelssystem zu sch\u00fctzen.<\/p>\n<p style=\"text-align: left; margin-bottom: 15px;\">Wang Wentao sagte dabei, China begr\u00fc\u00dfe es, wenn deutsche Unternehmen die neuen Chancen nutzten, die sich aus dem 15. F\u00fcnfjahresplan Chinas (2026-2030) ergeben. Zudem sollten sie die Zusammenarbeit mit chinesischen Partnern in traditionellen Bereichen festigen und in neuen Bereichen ausbauen.<\/p>\n<p style=\"text-align: left; margin-bottom: 15px;\">Er \u00e4u\u00dferte die Hoffnung, dass die deutsche Regierung ein faires, offenes und diskriminierungsfreies politisches Umfeld f\u00fcr chinesische Unternehmen in Deutschland schaffen werde.<\/p>\n<p style=\"text-align: left; margin-bottom: 15px;\">China nehme die Bedenken Deutschlands hinsichtlich der Exportkontrollen und von Nexperia sehr ernst, sagte Wang. Er f\u00fcgte hinzu, dass China schrittweise ein allgemeines Genehmigungssystem in Bereichen wie Seltene Erden einf\u00fchre und Ausfuhrgenehmigungsausnahmen f\u00fcr Nexperia-Chips gew\u00e4hrt habe, um die Stabilit\u00e4t und den reibungslosen Betrieb der globalen Industrie- und Lieferketten aufrechtzuerhalten.<\/p>\n<p style=\"text-align: left; margin-bottom: 15px;\">Wadephul sagte seinerseits, die deutsche Regierung sei bereit, den Dialog und die Kommunikation mit China zu intensivieren, die pragmatische Zusammenarbeit auszubauen, Differenzen angemessen zu behandeln und sich gemeinsam f\u00fcr den freien Handel und das regelbasierte multilaterale Handelssystem einzusetzen.<\/p>\n","protected":false},"excerpt":{"rendered":"Der chinesische Handelsminister Wang Wentao hat sich am Montag in Beijing mit dem deutschen Au\u00dfenminister Johann Wadephul getroffen.&hellip;\n","protected":false},"author":2,"featured_media":634252,"comment_status":"","ping_status":"","sticky":false,"template":"","format":"standard","meta":{"footnotes":"","_share_on_mastodon":"0"},"categories":[2],"tags":[331,3924,332,3922,227,3364,29,30,149707,13,14,3923,15,3921,12],"class_list":["post-634251","post","type-post","status-publish","format-standard","has-post-thumbnail","category-deutschland","tag-aktuelle-nachrichten","tag-aktuelle-nachrichten-aus-deutschland","tag-aktuelle-news","tag-aktuelle-news-aus-deutschland","tag-china","tag-de","tag-deutschland","tag-germany","tag-handelssystem","tag-headlines","tag-nachrichten","tag-nachrichten-aus-deutschland","tag-news","tag-news-aus-deutschland","tag-schlagzeilen"],"share_on_mastodon":{"url":"https:\/\/pubeurope.com\/@de\/115688885975069539","error":""},"_links":{"self":[{"href":"https:\/\/www.europesays.com\/de\/wp-json\/wp\/v2\/posts\/634251","targetHints":{"allow":["GET"]}}],"collection":[{"href":"https:\/\/www.europesays.com\/de\/wp-json\/wp\/v2\/posts"}],"about":[{"href":"https:\/\/www.europesays.com\/de\/wp-json\/wp\/v2\/types\/post"}],"author":[{"embeddable":true,"href":"https:\/\/www.europesays.com\/de\/wp-json\/wp\/v2\/users\/2"}],"replies":[{"embeddable":true,"href":"https:\/\/www.europesays.com\/de\/wp-json\/wp\/v2\/comments?post=634251"}],"version-history":[{"count":0,"href":"https:\/\/www.europesays.com\/de\/wp-json\/wp\/v2\/posts\/634251\/revisions"}],"wp:featuredmedia":[{"embeddable":true,"href":"https:\/\/www.europesays.com\/de\/wp-json\/wp\/v2\/media\/634252"}],"wp:attachment":[{"href":"https:\/\/www.europesays.com\/de\/wp-json\/wp\/v2\/media?parent=634251"}],"wp:term":[{"taxonomy":"category","embeddable":true,"href":"https:\/\/www.europesays.com\/de\/wp-json\/wp\/v2\/categories?post=634251"},{"taxonomy":"post_tag","embeddable":true,"href":"https:\/\/www.europesays.com\/de\/wp-json\/wp\/v2\/tags?post=634251"}],"curies":[{"name":"wp","href":"https:\/\/api.w.org\/{rel}","templated":true}]}}