{"id":634270,"date":"2025-12-09T09:35:15","date_gmt":"2025-12-09T09:35:15","guid":{"rendered":"https:\/\/www.europesays.com\/de\/634270\/"},"modified":"2025-12-09T09:35:15","modified_gmt":"2025-12-09T09:35:15","slug":"bremen-wuenscht-sich-verbot-gegenstimmen","status":"publish","type":"post","link":"https:\/\/www.europesays.com\/de\/634270\/","title":{"rendered":"Bremen w\u00fcnscht sich Verbot \u2013 Gegenstimmen"},"content":{"rendered":"<p>Feuerwerk-Diskussion <\/p>\n<p>Darf in Bremen noch geb\u00f6llert werden?<\/p>\n<p>Aktualisiert am 09.12.2025 &#8211; 09:58 UhrLesedauer: 2 Min.<\/p>\n<p><a href=\"#focus-0\" class=\"transition-colors duration-200 block text-current relative\" data-sctrack=\"FocusGalleryImage.Reference\"><img fetchpriority=\"high\" data-testid=\"Opener.Image\" style=\"--lqipURL:url('https:\/\/images.t-online.de\/2025\/12\/Jsgi5i0i0Off\/0x209:4000x2250\/fit-in\/150x0\/filters:blur(25)\/raketen-werden-an-silvester-aus-der-hand-gezuendet-archivbild-sollte-es-ein-boellerverbot-geben.jpg')\"   loading=\"eager\" src=\"https:\/\/www.europesays.com\/de\/wp-content\/uploads\/2025\/12\/raketen-werden-an-silvester-aus-der-hand-gezuendet-archivbild-sollte-es-ein-boellerverbot-geben.jpg\" alt=\"Raketen werden an Silvester aus der Hand gez\u00fcndet (Archivbild): Sollte es ein B\u00f6llerverbot geben?\" title=\"Raketen werden an Silvester aus der Hand gez\u00fcndet (Archivbild): Sollte es ein B\u00f6llerverbot geben?\" width=\"4000\" height=\"2250\" class=\"bg-[url:var(--lqipURL)] bg-cover bg-center flex h-full w-full max-w-full\" decoding=\"async\"\/><img style=\"--width:32;--height:32\" loading=\"lazy\" src=\"https:\/\/bremen.t-online.de\/s\/paper\/_next\/static\/media\/zoom-in.f7dae02f.svg\" alt=\"Vergr\u00f6\u00dfern des Bildes\" title=\"Vergr\u00f6\u00dfern des Bildes\" class=\"block h-[calc(var(--height)_\/_16_*_1rem)] w-[calc(var(--width)_\/_16_*_1rem)] max-w-none absolute bottom-8 right-8 rounded-4 bg-snow p-8\" decoding=\"async\"\/><\/a><\/p>\n<p>Raketen werden an Silvester aus der Hand gez\u00fcndet (Archivbild): Sollte es ein B\u00f6llerverbot geben? (Quelle: IMAGO\/Funke Foto Services)<\/p>\n<p class=\"font-bold text-18 leading-17\">Privates Feuerwerk an Silvester verursacht viele Rettungseins\u00e4tze. Bremens Innensenator w\u00fcrde es gerne verbieten. Aber so einfach ist das nicht.<\/p>\n<p class=\"text-18 leading-17\">Allein in der Silvesternacht 2024\/2025 wurde in Bremen 472 Mal der Notruf gew\u00e4hlt. Damit sank die Zahl der medizinischen Notf\u00e4lle zwar. Zeitgleich stieg aber die Zahl der Feuerwehr- und Polizeieins\u00e4tze.<\/p>\n<p class=\"text-18 leading-17\">Kurz vor dem erneuten Jahreswechsel ist in Bremen die Debatte um ein m\u00f6gliches B\u00f6llerverbot f\u00fcr privates Silvesterfeuerwerk wieder entfacht \u2013 und mit der diesj\u00e4hrigen Sitzung der Innenministerkonferenz k\u00f6nnte sich tats\u00e4chlich etwas bewegen. Der Vorsitzende der Konferenz, Bremens Innensenator Ulrich M\u00e4urer (SPD), machte gleich zu Beginn deutlich: &#8222;Ich glaube, wir haben einen Punkt erreicht, wo viele nachdenklich geworden sind.&#8220; F\u00fcr ihn ist klar, dass private B\u00f6llerei j\u00e4hrlich nicht nur Umwelt und Tiere, sondern auch Polizei, Rettungssanit\u00e4ter und Feuerwehr stark belastet.<\/p>\n<p class=\"text-18 leading-17\">Unterst\u00fctzung erh\u00e4lt dieses Vorhaben durch eine Petition \u2013 eine Initiative vor allem der Gewerkschaft der Polizei (GdP). \u00dcber 2,2 Millionen Menschen haben die Petition &#8222;Bundesweites B\u00f6llerverbot, JETZT!&#8220; unterschrieben. Die Gewerkschaft der Polizei Berlin \u00fcbergab die Unterschriften nun an den Vorsitzenden M\u00e4urer. &#8222;Das ist die gr\u00f6\u00dfte Petition, die es gibt in Deutschland&#8220;, so der Berliner GdP-Landesvorsitzende Stephan Weh. Die Initiative fordert ein umfassendes Verbot von privatem Feuerwerk in der Silvesternacht.<\/p>\n<p class=\"text-18 leading-17\">Trotz des Drucks ist jedoch nicht sicher, ob ein bundesweites Verbot tats\u00e4chlich kommt. Das liegt daran, dass f\u00fcr eine solche Regelung eine \u00c4nderung der bundesweiten Sprengstoffverordnung notwendig w\u00e4re \u2014 einzelne Kommunen sind an das Bundesrecht gebunden. Sie d\u00fcrfen schlichtweg kein B\u00f6llerverbot im Alleingang beschlie\u00dfen. Doch f\u00fcr eine bundesweite Gesetzes\u00e4nderung br\u00e4uchte es die Einstimmigkeit der L\u00e4nder.<\/p>\n<p>Video | Feuerwerksverbot: ein Pro &amp; Kontra<\/p>\n<p><img style=\"--width:32;--height:32\" loading=\"lazy\" src=\"https:\/\/bremen.t-online.de\/s\/paper\/_next\/static\/media\/loading-indicator-video.1f35d8de.svg\" alt=\"Video l\u00e4dt\" title=\"Video l\u00e4dt\" class=\"block h-[calc(var(--height)_\/_16_*_1rem)] w-[calc(var(--width)_\/_16_*_1rem)] max-w-none undefined\" decoding=\"async\"\/>Player wird geladenQuelle: t-online<\/p>\n<p class=\"text-18 leading-17\">Bei der aktuellen Konferenz zeigte sich jedoch, dass nicht alle Innenminister bereit sind, einem generellen Verbot zuzustimmen. Stattdessen scheint ein Kompromiss wahrscheinlicher: K\u00fcnftig sollen St\u00e4dte und Gemeinden \u2014 also L\u00e4nder und Kommunen \u2014 mehr Freiraum bekommen, um selbst zu entscheiden, ob und wo sie Feuerwerk verbieten wollen. Neben Bremen setzt sich auch Berlin f\u00fcr ein B\u00f6llerverbot ein. Niedersachsen hingegen reichen B\u00f6llerverbotszonen \u2013 ein generelles B\u00f6llerverbot wird nicht angestrebt.<\/p>\n<p class=\"text-18 leading-17\">F\u00fcr Bremen hei\u00dft das: Ein B\u00f6llerverbot ist noch nicht beschlossen \u2013 aber die Voraussetzungen daf\u00fcr haben sich verbessert. Klar ist: In diesem Jahr l\u00e4uft alles wie gehabt. Ob es schon zur Silvesternacht 2026\/2027 zu einem Verbot kommt, bleibt offen. Viel h\u00e4ngt davon ab, ob Bund und L\u00e4nder sich auf gemeinsame Regeln einigen k\u00f6nnen.<\/p>\n","protected":false},"excerpt":{"rendered":"Feuerwerk-Diskussion Darf in Bremen noch geb\u00f6llert werden? Aktualisiert am 09.12.2025 &#8211; 09:58 UhrLesedauer: 2 Min. Raketen werden an&hellip;\n","protected":false},"author":2,"featured_media":634271,"comment_status":"","ping_status":"","sticky":false,"template":"","format":"standard","meta":{"footnotes":""},"categories":[1824],"tags":[722,60948,2420,3364,29,985,4851,30,2526,60949,121,13868,2281,37206,184,12560],"class_list":{"0":"post-634270","1":"post","2":"type-post","3":"status-publish","4":"format-standard","5":"has-post-thumbnail","7":"category-bremen","8":"tag-722","9":"tag-boellerverbot","10":"tag-bremen","11":"tag-de","12":"tag-deutschland","13":"tag-feuerwehr","14":"tag-feuerwerk","15":"tag-germany","16":"tag-gewerkschaften","17":"tag-innenministerkonferenz","18":"tag-polizei","19":"tag-rettungseinsatz","20":"tag-silvester","21":"tag-silvesternacht","22":"tag-spd","23":"tag-ulrich-maeurer"},"share_on_mastodon":{"url":"https:\/\/pubeurope.com\/@de\/115688933977699374","error":""},"_links":{"self":[{"href":"https:\/\/www.europesays.com\/de\/wp-json\/wp\/v2\/posts\/634270","targetHints":{"allow":["GET"]}}],"collection":[{"href":"https:\/\/www.europesays.com\/de\/wp-json\/wp\/v2\/posts"}],"about":[{"href":"https:\/\/www.europesays.com\/de\/wp-json\/wp\/v2\/types\/post"}],"author":[{"embeddable":true,"href":"https:\/\/www.europesays.com\/de\/wp-json\/wp\/v2\/users\/2"}],"replies":[{"embeddable":true,"href":"https:\/\/www.europesays.com\/de\/wp-json\/wp\/v2\/comments?post=634270"}],"version-history":[{"count":0,"href":"https:\/\/www.europesays.com\/de\/wp-json\/wp\/v2\/posts\/634270\/revisions"}],"wp:featuredmedia":[{"embeddable":true,"href":"https:\/\/www.europesays.com\/de\/wp-json\/wp\/v2\/media\/634271"}],"wp:attachment":[{"href":"https:\/\/www.europesays.com\/de\/wp-json\/wp\/v2\/media?parent=634270"}],"wp:term":[{"taxonomy":"category","embeddable":true,"href":"https:\/\/www.europesays.com\/de\/wp-json\/wp\/v2\/categories?post=634270"},{"taxonomy":"post_tag","embeddable":true,"href":"https:\/\/www.europesays.com\/de\/wp-json\/wp\/v2\/tags?post=634270"}],"curies":[{"name":"wp","href":"https:\/\/api.w.org\/{rel}","templated":true}]}}