{"id":634303,"date":"2025-12-09T09:54:14","date_gmt":"2025-12-09T09:54:14","guid":{"rendered":"https:\/\/www.europesays.com\/de\/634303\/"},"modified":"2025-12-09T09:54:14","modified_gmt":"2025-12-09T09:54:14","slug":"80-jaehrige-stirbt-bei-frontalcrash-in-kurve-vier-menschen-verletzt","status":"publish","type":"post","link":"https:\/\/www.europesays.com\/de\/634303\/","title":{"rendered":"80-J\u00e4hrige stirbt bei Frontalcrash in Kurve \u2013 vier Menschen verletzt"},"content":{"rendered":"<p class=\"tspCAm9 tspCAna\">Eine 80-J\u00e4hrige ist bei einem schweren <a href=\"https:\/\/www.tagesspiegel.de\/potsdam\/brandenburg\/schwere-verletzungen-frau-wird-bei-unfall-eingeklemmt-und-in-klinik-geflogen-15029852.html?icid=in-text-link_15032934\" class=\"link link--internal\" data-gtm-class=\"article-text-link\" data-gtm-val=\"internal\" target=\"_blank\" rel=\"noopener\">Verkehrsunfall<\/a> bei Klein Eichholz gestorben. Polizeiangaben zufolge wurden vier weitere Menschen teilweise schwer verletzt. Am Montagnachmittag stie\u00dfen in einer Kurve auf der Staatsstra\u00dfe 246 zwischen Klein Eichholz im Kreis Dahme-Spreewald ein Transporter und ein Auto frontal zusammen. Ein 36-J\u00e4hriger und ein 27-J\u00e4hriger, die im Transporter sa\u00dfen, wurden verletzt und in ein Krankenhaus gebracht.\u00a0<\/p>\n<p>Potsdam Heute Newsletter<\/p>\n<p><img decoding=\"async\" src=\"https:\/\/www.europesays.com\/de\/wp-content\/uploads\/2025\/04\/pnn-widget.png\" alt=\"\" class=\"tspCSf2\"\/><\/p>\n<p class=\"tspCSo7\"> Der Newsletter aus der PNN-Chefredaktion. Wissen, was in Potsdam wichtig ist \u2014 kostenlos freitags in Ihrer Mailbox. <\/p>\n<p class=\"tspCAm9\">Der 86 Jahre alte Fahrer des Autos wurde schwer verletzt und mit einem Rettungshubschrauber ins Krankenhaus geflogen. Mit ihm im Auto sa\u00dfen zwei Frauen: Eine 57-J\u00e4hrige kam verletzt ins Krankenhaus, eine 80-J\u00e4hrige starb noch an der Unfallstelle an ihren schweren Verletzungen. Die Staatsstra\u00dfe war bis in den Abend hinein voll gesperrt. Die Polizei untersucht den Unfallhergang. (dpa)<\/p>\n","protected":false},"excerpt":{"rendered":"Eine 80-J\u00e4hrige ist bei einem schweren Verkehrsunfall bei Klein Eichholz gestorben. Polizeiangaben zufolge wurden vier weitere Menschen teilweise&hellip;\n","protected":false},"author":2,"featured_media":634304,"comment_status":"","ping_status":"","sticky":false,"template":"","format":"standard","meta":{"footnotes":""},"categories":[1816],"tags":[1960,1958,1959,1957,1956,1890,29,30],"class_list":{"0":"post-634303","1":"post","2":"type-post","3":"status-publish","4":"format-standard","5":"has-post-thumbnail","7":"category-brandenburg","8":"tag-aktuelle-nachrichten-aus-berlin-und-brandenburg","9":"tag-aktuelle-nachrichten-aus-brandenburg","10":"tag-aktuelle-news-aus-berlin-und-brandenburg","11":"tag-aktuelle-news-aus-brandenburg","12":"tag-berlin-und-brandenburg","13":"tag-brandenburg","14":"tag-deutschland","15":"tag-germany"},"share_on_mastodon":{"url":"https:\/\/pubeurope.com\/@de\/115689007895003952","error":""},"_links":{"self":[{"href":"https:\/\/www.europesays.com\/de\/wp-json\/wp\/v2\/posts\/634303","targetHints":{"allow":["GET"]}}],"collection":[{"href":"https:\/\/www.europesays.com\/de\/wp-json\/wp\/v2\/posts"}],"about":[{"href":"https:\/\/www.europesays.com\/de\/wp-json\/wp\/v2\/types\/post"}],"author":[{"embeddable":true,"href":"https:\/\/www.europesays.com\/de\/wp-json\/wp\/v2\/users\/2"}],"replies":[{"embeddable":true,"href":"https:\/\/www.europesays.com\/de\/wp-json\/wp\/v2\/comments?post=634303"}],"version-history":[{"count":0,"href":"https:\/\/www.europesays.com\/de\/wp-json\/wp\/v2\/posts\/634303\/revisions"}],"wp:featuredmedia":[{"embeddable":true,"href":"https:\/\/www.europesays.com\/de\/wp-json\/wp\/v2\/media\/634304"}],"wp:attachment":[{"href":"https:\/\/www.europesays.com\/de\/wp-json\/wp\/v2\/media?parent=634303"}],"wp:term":[{"taxonomy":"category","embeddable":true,"href":"https:\/\/www.europesays.com\/de\/wp-json\/wp\/v2\/categories?post=634303"},{"taxonomy":"post_tag","embeddable":true,"href":"https:\/\/www.europesays.com\/de\/wp-json\/wp\/v2\/tags?post=634303"}],"curies":[{"name":"wp","href":"https:\/\/api.w.org\/{rel}","templated":true}]}}