{"id":634386,"date":"2025-12-09T10:44:15","date_gmt":"2025-12-09T10:44:15","guid":{"rendered":"https:\/\/www.europesays.com\/de\/634386\/"},"modified":"2025-12-09T10:44:15","modified_gmt":"2025-12-09T10:44:15","slug":"deutsche-muessen-2026-an-mehr-tagen-arbeiten","status":"publish","type":"post","link":"https:\/\/www.europesays.com\/de\/634386\/","title":{"rendered":"Deutsche m\u00fcssen 2026 an mehr Tagen arbeiten"},"content":{"rendered":"<p>            <img loading=\"lazy\" decoding=\"async\" class=\"ts-image\" src=\"https:\/\/www.europesays.com\/de\/wp-content\/uploads\/2025\/12\/buero-arbeit-102.jpg\" alt=\"Mitarbeiterinnen in einem B\u00fcro.\" title=\"Mitarbeiterinnen in einem B\u00fcro. | picture alliance\/dpa\"\/><\/p>\n<p class=\"metatextline\">Stand: 09.12.2025 10:23 Uhr<\/p>\n<p class=\"article-head__shorttext\">\n        <strong>Mehrere gesetzliche Feiertage fallen im kommenden Jahr auf das Wochenende. Arbeitnehmer haben deswegen weniger frei &#8211; was auch Auswirkungen auf das Wirtschaftswachstum haben kann. <\/strong>\n    <\/p>\n<p class=\"textabsatz m-ten m-offset-one l-eight l-offset-two columns twelve\">Das kommende Jahr wird etwas arbeitsreicher &#8211; zumindest gemessen an der Zahl der Arbeitstage. Nach Berechnungen des Statistischen Bundesamtes m\u00fcssen Besch\u00e4ftigte 2026 im bundesweiten Schnitt 250,5 Tage arbeiten. Das sind 2,4 Tage mehr als im zu Ende gehenden Jahr.<\/p>\n<p class=\"textabsatz m-ten m-offset-one l-eight l-offset-two columns twelve\">Die durchschnittlich 250,5 Arbeitstage im kommenden Jahr sind der h\u00f6chste Wert seit 2022 &#8211; damals waren es 251,4. Im Zeitraum seit der deutschen Wiedervereinigung gab es die meisten Arbeitstage im Jahr 2004 mit damals durchschnittlich 252,8 Tagen. Die wenigsten Arbeitstage entfielen auf das Jahr 1991 mit 246,9 Tagen. &#8222;1995 wurde in allen Bundesl\u00e4ndern au\u00dfer Sachsen der Bu\u00df- und Bettag als gesetzlicher Feiertag abgeschafft &#8211; das f\u00fchrte insgesamt zu einem Anstieg der Arbeitstage&#8220;, erkl\u00e4rten die Statistiker<\/p>\n<p>    Zahl der Arbeitstage schwankt<\/p>\n<p class=\"textabsatz m-ten m-offset-one l-eight l-offset-two columns twelve\">2025 gab es mit durchschnittlich 248,1 Arbeitstagen den niedrigsten Wert seit 2019. Die Zahl der Arbeitstage schwankt von Jahr zu Jahr, abh\u00e4ngig davon, wie viele Feiertage auf Wochenenden fallen. Im n\u00e4chsten Jahr fallen der Tag der Deutschen Einheit (3.10.) und der zweiten Weihnachtsfeiertag (26.12.) auf Wochenenden.<\/p>\n<p class=\"textabsatz m-ten m-offset-one l-eight l-offset-two columns twelve\">W\u00e4hrend diese beiden Tage in allen Bundesl\u00e4ndern Feiertag sind, gibt es von Bundesland zu Bundesland mal mehr, mal weniger Tage, die per Gesetz freigestellt sind. Darum ergeben sich f\u00fcr den bundesweiten Durchschnitt f\u00fcr die Zahl der Arbeitstage Werte mit einer Nachkommastelle.<\/p>\n<p>    Mehr Arbeitstage, mehr Wirtschaftswachstum?<\/p>\n<p class=\"textabsatz m-ten m-offset-one l-eight l-offset-two columns twelve\">Dass es im kommenden Jahr im Schnitt mehr Arbeitstage gibt, k\u00f6nnte zum Ende der Konjunkturflaute in Deutschland beitragen: Eine Faustregel besagt, dass ein zus\u00e4tzlicher Arbeitstag das Bruttoinlandsprodukt (BIP) um etwa 0,1 Prozentpunkte steigern kann. Darum wird immer wieder dar\u00fcber diskutiert, <a href=\"https:\/\/www.tagesschau.de\/wirtschaft\/arbeitsmarkt\/streichung-feiertag-bip-milliarden-steigerung-100.html\" title=\"Streichung eines Feiertags k\u00f6nnte Milliarden Euro bringen\" rel=\"nofollow noopener\" target=\"_blank\">ob man nicht grunds\u00e4tzlich einen Feiertag abschaffen sollte<\/a>.<\/p>\n<p class=\"textabsatz m-ten m-offset-one l-eight l-offset-two columns twelve\">Allerdings weisen die Wiesbadener Statistiker darauf hin, dass je nach Lage des zus\u00e4tzlichen Arbeitstages im Jahr der tats\u00e4chliche konjunkturelle Effekt sehr unterschiedlich ausfallen kann: &#8222;Zwischen Heiligabend und Neujahr ruht die wirtschaftliche T\u00e4tigkeit in vielen Branchen ohnehin weitgehend. Ein zus\u00e4tzlicher Arbeitstag hat dann weniger Einfluss auf das BIP, als wenn der 1. Mai oder der 3. Oktober auf ein Wochenende fallen.&#8220;<\/p>\n","protected":false},"excerpt":{"rendered":"Stand: 09.12.2025 10:23 Uhr Mehrere gesetzliche Feiertage fallen im kommenden Jahr auf das Wochenende. Arbeitnehmer haben deswegen weniger&hellip;\n","protected":false},"author":2,"featured_media":634387,"comment_status":"","ping_status":"","sticky":false,"template":"","format":"standard","meta":{"footnotes":""},"categories":[5],"tags":[18601,242,331,332,81669,3364,29,30,13,14,15,12],"class_list":{"0":"post-634386","1":"post","2":"type-post","3":"status-publish","4":"format-standard","5":"has-post-thumbnail","7":"category-nachrichten","8":"tag-feiertage","9":"tag-242","10":"tag-aktuelle-nachrichten","11":"tag-aktuelle-news","12":"tag-arbeitstage","13":"tag-de","14":"tag-deutschland","15":"tag-germany","16":"tag-headlines","17":"tag-nachrichten","18":"tag-news","19":"tag-schlagzeilen"},"share_on_mastodon":{"url":"https:\/\/pubeurope.com\/@de\/115689205258209237","error":""},"_links":{"self":[{"href":"https:\/\/www.europesays.com\/de\/wp-json\/wp\/v2\/posts\/634386","targetHints":{"allow":["GET"]}}],"collection":[{"href":"https:\/\/www.europesays.com\/de\/wp-json\/wp\/v2\/posts"}],"about":[{"href":"https:\/\/www.europesays.com\/de\/wp-json\/wp\/v2\/types\/post"}],"author":[{"embeddable":true,"href":"https:\/\/www.europesays.com\/de\/wp-json\/wp\/v2\/users\/2"}],"replies":[{"embeddable":true,"href":"https:\/\/www.europesays.com\/de\/wp-json\/wp\/v2\/comments?post=634386"}],"version-history":[{"count":0,"href":"https:\/\/www.europesays.com\/de\/wp-json\/wp\/v2\/posts\/634386\/revisions"}],"wp:featuredmedia":[{"embeddable":true,"href":"https:\/\/www.europesays.com\/de\/wp-json\/wp\/v2\/media\/634387"}],"wp:attachment":[{"href":"https:\/\/www.europesays.com\/de\/wp-json\/wp\/v2\/media?parent=634386"}],"wp:term":[{"taxonomy":"category","embeddable":true,"href":"https:\/\/www.europesays.com\/de\/wp-json\/wp\/v2\/categories?post=634386"},{"taxonomy":"post_tag","embeddable":true,"href":"https:\/\/www.europesays.com\/de\/wp-json\/wp\/v2\/tags?post=634386"}],"curies":[{"name":"wp","href":"https:\/\/api.w.org\/{rel}","templated":true}]}}