{"id":634605,"date":"2025-12-09T12:48:14","date_gmt":"2025-12-09T12:48:14","guid":{"rendered":"https:\/\/www.europesays.com\/de\/634605\/"},"modified":"2025-12-09T12:48:14","modified_gmt":"2025-12-09T12:48:14","slug":"nach-ard-auch-zdf-mediathek-kommt-zu-zattoo","status":"publish","type":"post","link":"https:\/\/www.europesays.com\/de\/634605\/","title":{"rendered":"Nach ARD: Auch ZDF-Mediathek kommt zu Zattoo"},"content":{"rendered":"<p>Die ZDF-Mediathek zieht bei Zattoo ein: <a href=\"https:\/\/www.heise.de\/news\/Zattoo-verlinkt-Inhalte-der-ARD-Mediathek-10791846.html\" rel=\"nofollow noopener\" target=\"_blank\">Wenige Wochen, nachdem die ARD ihre Inhalte per Verlinkung in der IP-TV-Plattform verf\u00fcgbar gemacht hat<\/a>, bekommt man nun auch die ZDF-Programme zu sehen. Auf der Zattoo-Startseite wird aktuell etwa die Amazon-Serie \u201eRinge der Macht\u201c vorgeschlagen, die in der ZDF-Mediathek verf\u00fcgbar ist.<\/p>\n<p>        Weiterlesen nach der Anzeige<\/p>\n<p>Wie bei der ARD funktioniert das technisch als Verlinkung. Das bedeutet, dass Zattoo die Formate des ZDF nicht selbst hostet, sondern nur in die Empfehlungskarusselle integriert. Klickt man auf einen ZDF-Inhalt, wird man zur ZDF-Webseite oder auf dem Handy in die ZDF-App \u00fcberstellt.<\/p>\n<p>\u201eRichtungsweisender Schritt\u201c<\/p>\n<p>\u201eF\u00fcr uns als \u00f6ffentlich-rechtlicher Medienanbieter ist es ein zentrales Ziel, Inhalte so leicht wie m\u00f6glich verf\u00fcgbar zu machen. Die Kooperation mit Zattoo ist daf\u00fcr ein weiterer konsequenter und richtungsweisender Schritt\u201c, sagt Florian Kumb vom ZDF. \u201eUnsere Vision eines digitalen ZDF-Angebotes f\u00fcr alle wird damit gest\u00e4rkt \u2014 mit komfortabler Bedienung, einfacher Navigation und gr\u00f6\u00dferer Reichweite in die Gesellschaft.\u201c Die Verlinkung funktioniert im Browser, in den Apps f\u00fcr Android und iOS sowie auf Android-TVs und Fire-TV-Ger\u00e4ten.<\/p>\n<p>Die Verlinkung der Inhalte in Zattoo unterscheidet sich grundlegend vom Vorgehen der ProSiebenSat.1-Plattform Joyn, die Anfang des Jahres ungefragt Inhalte der \u00f6ffentlich-rechtlichen Sender nativ in ihre Apps eingebettet hatte. Die ARD wehrte sich dagegen und erreichte schlie\u00dflich, <a href=\"https:\/\/www.heise.de\/news\/Mediatheken-von-ARD-und-ZDF-nicht-mehr-bei-Joyn-10307559.html\" rel=\"external noopener nofollow\" target=\"_blank\">dass ProSiebenSat.1 die Praxis im M\u00e4rz beendete<\/a>.<\/p>\n<p>Zattoo-CEO Roger Elsener sieht den Mehrwert der ZDF-Verlinkung in \u201eEinfachheit und \u00dcbersichtlichkeit\u201c, die Verbraucher sich angesichts einer zunehmend komplexen Angebotslandschaft w\u00fcnschten. Die Vereinbarung mit dem ZDF sei ein weiterer Meilenstein in dem Bestreben, m\u00f6glichst viele Inhalte \u00fcber die Zattoo-Plattform bereitzustellen.<\/p>\n<p>(<a class=\"redakteurskuerzel__link\" href=\"https:\/\/www.heise.de\/news\/mailto:dahe@heise.de\" title=\"Daniel Herbig\" rel=\"nofollow noopener\" target=\"_blank\">dahe<\/a>)<\/p>\n<p>\n      Dieser Link ist leider nicht mehr g\u00fcltig.\n    <\/p>\n<p>Links zu verschenkten Artikeln werden ung\u00fcltig,<br \/>\n      wenn diese \u00e4lter als 7\u00a0Tage sind oder zu oft aufgerufen wurden.\n    <\/p>\n<p><strong>Sie ben\u00f6tigen ein heise+ Paket, um diesen Artikel zu lesen. Jetzt eine Woche unverbindlich testen \u2013 ohne Verpflichtung!<\/strong><\/p>\n","protected":false},"excerpt":{"rendered":"Die ZDF-Mediathek zieht bei Zattoo ein: Wenige Wochen, nachdem die ARD ihre Inhalte per Verlinkung in der IP-TV-Plattform&hellip;\n","protected":false},"author":2,"featured_media":634606,"comment_status":"","ping_status":"","sticky":false,"template":"","format":"standard","meta":{"footnotes":""},"categories":[1773],"tags":[223,29,214,30,149779,471,1780,1897,215,105875,1448],"class_list":{"0":"post-634605","1":"post","2":"type-post","3":"status-publish","4":"format-standard","5":"has-post-thumbnail","7":"category-serien","8":"tag-ard","9":"tag-deutschland","10":"tag-entertainment","11":"tag-germany","12":"tag-ip-tv","13":"tag-serien","14":"tag-series","15":"tag-streaming","16":"tag-unterhaltung","17":"tag-zattoo","18":"tag-zdf"},"share_on_mastodon":{"url":"https:\/\/pubeurope.com\/@de\/115689692316442779","error":""},"_links":{"self":[{"href":"https:\/\/www.europesays.com\/de\/wp-json\/wp\/v2\/posts\/634605","targetHints":{"allow":["GET"]}}],"collection":[{"href":"https:\/\/www.europesays.com\/de\/wp-json\/wp\/v2\/posts"}],"about":[{"href":"https:\/\/www.europesays.com\/de\/wp-json\/wp\/v2\/types\/post"}],"author":[{"embeddable":true,"href":"https:\/\/www.europesays.com\/de\/wp-json\/wp\/v2\/users\/2"}],"replies":[{"embeddable":true,"href":"https:\/\/www.europesays.com\/de\/wp-json\/wp\/v2\/comments?post=634605"}],"version-history":[{"count":0,"href":"https:\/\/www.europesays.com\/de\/wp-json\/wp\/v2\/posts\/634605\/revisions"}],"wp:featuredmedia":[{"embeddable":true,"href":"https:\/\/www.europesays.com\/de\/wp-json\/wp\/v2\/media\/634606"}],"wp:attachment":[{"href":"https:\/\/www.europesays.com\/de\/wp-json\/wp\/v2\/media?parent=634605"}],"wp:term":[{"taxonomy":"category","embeddable":true,"href":"https:\/\/www.europesays.com\/de\/wp-json\/wp\/v2\/categories?post=634605"},{"taxonomy":"post_tag","embeddable":true,"href":"https:\/\/www.europesays.com\/de\/wp-json\/wp\/v2\/tags?post=634605"}],"curies":[{"name":"wp","href":"https:\/\/api.w.org\/{rel}","templated":true}]}}